{"id":11833,"date":"2022-12-15T22:37:00","date_gmt":"2022-12-15T21:37:00","guid":{"rendered":"https:\/\/kamerpower.com\/?p=11833"},"modified":"2024-09-19T15:56:33","modified_gmt":"2024-09-19T14:56:33","slug":"concours-mindef-cameroun-2016-saint-cyr-lanveoc-poulmic","status":"publish","type":"post","link":"https:\/\/kamerpower.com\/fr\/concours-mindef-cameroun-2016-saint-cyr-lanveoc-poulmic\/","title":{"rendered":"Concours MINDEF Cameroun 2024 \u00e9coles militaires fran\u00e7aises"},"content":{"rendered":"<p style=\"text-align: center;\"><span style=\"color: #000000;\">Concours MINDEF \u00e9coles militaires fran\u00e7aises.<br \/>\nREPUBLIQUE DUCAMERO\u00d9N<\/span><br \/>\n<span style=\"color: #000000;\">Paix-Travail-Patrie<br \/>\nKAMERPOWER.COM<\/span><br \/>\n<span style=\"color: #000000;\">PRESIDENCE DE LA REP\u00d9BLIQUE<\/span><br \/>\n<span style=\"color: #000000;\">MINISTERE DE LA DEFENSE\u00a0<\/span><br \/>\n<strong><span style=\"color: #000000;\">Concours MINDEF Cameroun 2024-2025.<\/span><\/strong><\/p>\n<div id=\"ez-toc-container\" class=\"ez-toc-v2_0_82_2 counter-hierarchy ez-toc-counter ez-toc-custom ez-toc-container-direction\">\n<p class=\"ez-toc-title\" style=\"cursor:inherit\">Contents<\/p>\n<label for=\"ez-toc-cssicon-toggle-item-69efa926ee646\" class=\"ez-toc-cssicon-toggle-label\"><span class=\"ez-toc-cssicon\"><span class=\"eztoc-hide\" style=\"display:none;\">Toggle<\/span><span class=\"ez-toc-icon-toggle-span\"><svg style=\"fill: #000000;color:#000000\" xmlns=\"http:\/\/www.w3.org\/2000\/svg\" class=\"list-377408\" width=\"20px\" height=\"20px\" viewBox=\"0 0 24 24\" fill=\"none\"><path d=\"M6 6H4v2h2V6zm14 0H8v2h12V6zM4 11h2v2H4v-2zm16 0H8v2h12v-2zM4 16h2v2H4v-2zm16 0H8v2h12v-2z\" fill=\"currentColor\"><\/path><\/svg><svg style=\"fill: #000000;color:#000000\" class=\"arrow-unsorted-368013\" xmlns=\"http:\/\/www.w3.org\/2000\/svg\" width=\"10px\" height=\"10px\" viewBox=\"0 0 24 24\" version=\"1.2\" baseProfile=\"tiny\"><path d=\"M18.2 9.3l-6.2-6.3-6.2 6.3c-.2.2-.3.4-.3.7s.1.5.3.7c.2.2.4.3.7.3h11c.3 0 .5-.1.7-.3.2-.2.3-.5.3-.7s-.1-.5-.3-.7zM5.8 14.7l6.2 6.3 6.2-6.3c.2-.2.3-.5.3-.7s-.1-.5-.3-.7c-.2-.2-.4-.3-.7-.3h-11c-.3 0-.5.1-.7.3-.2.2-.3.5-.3.7s.1.5.3.7z\"\/><\/svg><\/span><\/span><\/label><input type=\"checkbox\"  id=\"ez-toc-cssicon-toggle-item-69efa926ee646\"  aria-label=\"Toggle\" \/><nav><ul class='ez-toc-list ez-toc-list-level-1 ' ><ul class='ez-toc-list-level-3' ><li class='ez-toc-heading-level-3'><a class=\"ez-toc-link ez-toc-heading-1\" href=\"https:\/\/kamerpower.com\/fr\/concours-mindef-cameroun-2016-saint-cyr-lanveoc-poulmic\/#concours-mindef-cameroun-2024-ecole-speciale-militaire-%e2%80%93-ecoles-militaires-francaises\" >Concours MINDEF Cameroun 2024 \u00c9cole sp\u00e9ciale militaire &#8211; \u00e9coles militaires fran\u00e7aises<\/a><\/li><li class='ez-toc-page-1 ez-toc-heading-level-3'><a class=\"ez-toc-link ez-toc-heading-2\" href=\"https:\/\/kamerpower.com\/fr\/concours-mindef-cameroun-2016-saint-cyr-lanveoc-poulmic\/#communique\" >COMMUNIQUE.<\/a><\/li><li class='ez-toc-page-1 ez-toc-heading-level-3'><a class=\"ez-toc-link ez-toc-heading-3\" href=\"https:\/\/kamerpower.com\/fr\/concours-mindef-cameroun-2016-saint-cyr-lanveoc-poulmic\/#le-ministre-delegue-a-la-presidence-charge-de-la-defense\" >LE MINISTRE DELEGUE A LA PRESIDENCE CHARGE DE LA DEFENSE<\/a><\/li><li class='ez-toc-page-1 ez-toc-heading-level-3'><a class=\"ez-toc-link ez-toc-heading-4\" href=\"https:\/\/kamerpower.com\/fr\/concours-mindef-cameroun-2016-saint-cyr-lanveoc-poulmic\/#i-ecole-ouvertes\" >I. \u00c9COLE OUVERTES:<\/a><\/li><li class='ez-toc-page-1 ez-toc-heading-level-3'><a class=\"ez-toc-link ez-toc-heading-5\" href=\"https:\/\/kamerpower.com\/fr\/concours-mindef-cameroun-2016-saint-cyr-lanveoc-poulmic\/#ii-les-condition-a-remplir-sont-les-suivantes-kamerpowercom\" >II. Les condition \u00e0 remplir sont les suivantes: kamerpower.com<\/a><\/li><li class='ez-toc-page-1 ez-toc-heading-level-3'><a class=\"ez-toc-link ez-toc-heading-6\" href=\"https:\/\/kamerpower.com\/fr\/concours-mindef-cameroun-2016-saint-cyr-lanveoc-poulmic\/#a-%e2%80%93-conditions-generales-concours-mindef-cameroun-2024-ecoles-militaires-francaises\" >A &#8211; Conditions g\u00e9n\u00e9rales Concours MINDEF Cameroun 2024 \u00c9coles militaires fran\u00e7aises;<\/a><\/li><li class='ez-toc-page-1 ez-toc-heading-level-3'><a class=\"ez-toc-link ez-toc-heading-7\" href=\"https:\/\/kamerpower.com\/fr\/concours-mindef-cameroun-2016-saint-cyr-lanveoc-poulmic\/#b-%e2%80%93-conditions-specifiques-concours-mindef-cameroun-2024\" >B &#8211; Conditions sp\u00e9cifiques Concours MINDEF Cameroun 2024:<\/a><\/li><li class='ez-toc-page-1 ez-toc-heading-level-3'><a class=\"ez-toc-link ez-toc-heading-8\" href=\"https:\/\/kamerpower.com\/fr\/concours-mindef-cameroun-2016-saint-cyr-lanveoc-poulmic\/#iii-%e2%80%93-composition-du-dossier-de-candidature\" >III &#8211; COMPOSITION DU DOSSIER DE CANDIDATURE:<\/a><\/li><li class='ez-toc-page-1 ez-toc-heading-level-3'><a class=\"ez-toc-link ez-toc-heading-9\" href=\"https:\/\/kamerpower.com\/fr\/concours-mindef-cameroun-2016-saint-cyr-lanveoc-poulmic\/#iv-%e2%80%93-epreuves-ecrites-de-preselection-concours-mindef-cameroun-2024-ecoles-militaires\" >IV &#8211; \u00c9preuves \u00e9crites de pr\u00e9s\u00e9lection Concours MINDEF Cameroun 2024 \u00c9coles militaires<\/a><\/li><li class='ez-toc-page-1 ez-toc-heading-level-3'><a class=\"ez-toc-link ez-toc-heading-10\" href=\"https:\/\/kamerpower.com\/fr\/concours-mindef-cameroun-2016-saint-cyr-lanveoc-poulmic\/#v-%e2%80%93-epreuves-de-selection\" >V &#8211;\u00a0\u00c9preuves de s\u00e9lection<\/a><\/li><\/ul><\/li><li class='ez-toc-page-1 ez-toc-heading-level-2'><a class=\"ez-toc-link ez-toc-heading-11\" href=\"https:\/\/kamerpower.com\/fr\/concours-mindef-cameroun-2016-saint-cyr-lanveoc-poulmic\/#concours-mindef-cameroun-2024-ecole-speciale-militaire-%e2%80%93-ecoles-militaires-francaises-2\" >Concours MINDEF Cameroun 2024 \u00c9cole sp\u00e9ciale militaire &#8211; \u00e9coles militaires fran\u00e7aises<\/a><\/li><\/ul><\/nav><\/div>\n<h3 style=\"text-align: center;\"><span class=\"ez-toc-section\" id=\"concours-mindef-cameroun-2024-ecole-speciale-militaire-%e2%80%93-ecoles-militaires-francaises\"><\/span><span style=\"color: #3366ff;\"><strong>Concours MINDEF Cameroun 2024 \u00c9cole sp\u00e9ciale militaire &#8211; \u00e9coles militaires fran\u00e7aises<\/strong><\/span><span class=\"ez-toc-section-end\"><\/span><\/h3>\n<p style=\"text-align: center;\"><strong><span style=\"color: #000000;\">No <span style=\"color: #ff0000;\">010368<\/span>\u00a0\/CRP\/ MINDEF\u00a0\/\u00a0Yaound\u00e9, <span style=\"color: #ff0000;\">le 12 DEC 2023\u00a0<\/span><\/span><\/strong><\/p>\n<h3 style=\"text-align: center;\"><span class=\"ez-toc-section\" id=\"communique\"><\/span><span style=\"color: #3366ff;\"><strong>COMMUNIQUE.<\/strong><\/span><span class=\"ez-toc-section-end\"><\/span><\/h3>\n<h3 style=\"text-align: center;\"><span class=\"ez-toc-section\" id=\"le-ministre-delegue-a-la-presidence-charge-de-la-defense\"><\/span><span style=\"color: #ff0000;\"><strong>LE MINISTRE DELEGUE A LA PRESIDENCE CHARGE DE LA DEFENSE<\/strong><\/span><span class=\"ez-toc-section-end\"><\/span><\/h3>\n<p style=\"text-align: justify;\"><span style=\"color: #000000;\">Il est port\u00e9 \u00e0 la connaissance des jeunes camerounais des deux sexes d\u00e9sireux de faire carri\u00e8re dans les forces de d\u00e9fense, (kamerpower.com) qu&#8217;un\u00a0concours pour l&#8217;admission dans les \u00e9coles de formation d&#8217;officiers sera organis\u00e9 les <span style=\"color: #3366ff;\"><strong>13 <\/strong><\/span>au\u00a0<span style=\"color: #3366ff;\"><strong>14<\/strong><\/span> <strong><span style=\"color: #ff0000;\">janvier 2024<\/span><\/strong> \u00e0 l\u2019<strong>\u00c9cole militaire interarm\u00e9es de Yaound\u00e9<\/strong>,\u00a0centre unique d&#8217;examen. kamerpower.com<\/span><\/p>\n<h3 style=\"text-align: justify;\"><span class=\"ez-toc-section\" id=\"i-ecole-ouvertes\"><\/span><span style=\"color: #3366ff;\"><strong>I. \u00c9COLE OUVERTES:<\/strong><\/span><span class=\"ez-toc-section-end\"><\/span><\/h3>\n<ul>\n<li><span style=\"color: #000000;\"><strong>Ecole Sp\u00e9ciale Militaire;<\/strong><\/span><\/li>\n<li><span style=\"color: #000000;\"><strong>Ecole Navale;<\/strong><\/span><\/li>\n<li><span style=\"color: #000000;\"><strong>Cours de Licence de l\u2019Ecole de l\u2019Air;<\/strong><\/span><\/li>\n<li><span style=\"color: #000000;\"><strong>Ecole des Commissaires des Arm\u00e9es.<\/strong><\/span><\/li>\n<\/ul>\n<h3><span class=\"ez-toc-section\" id=\"ii-les-condition-a-remplir-sont-les-suivantes-kamerpowercom\"><\/span><span style=\"color: #3366ff;\"><strong>II. Les condition \u00e0 remplir sont les suivantes: kamerpower.com<\/strong><\/span><span class=\"ez-toc-section-end\"><\/span><\/h3>\n<h3><span class=\"ez-toc-section\" id=\"a-%e2%80%93-conditions-generales-concours-mindef-cameroun-2024-ecoles-militaires-francaises\"><\/span><span style=\"color: #ff0000;\"><strong>A &#8211; Conditions g\u00e9n\u00e9rales Concours MINDEF Cameroun 2024 \u00c9coles militaires fran\u00e7aises; <\/strong><\/span><span class=\"ez-toc-section-end\"><\/span><\/h3>\n<ul>\n<li><span style=\"color: #000000;\">\u00catre de nationalit\u00e9 camerounaise.<\/span><\/li>\n<li><span style=\"color: #000000;\">\u00catre c\u00e9libataire sans enfant \u00e0 charge.<\/span><\/li>\n<li><span style=\"color: #000000;\">Jouir de ses droits civiques.<\/span><\/li>\n<li><span style=\"color: #000000;\">\u00catre indemne de toute maladie infectieuse.<\/span><\/li>\n<li><span style=\"color: #000000;\">\u00catre reconnu apte par un m\u00e9decin militaire.<\/span><\/li>\n<li><span style=\"color: #000000;\">Maitriser la langue fran\u00e7aise.<\/span><\/li>\n<\/ul>\n<h3><span class=\"ez-toc-section\" id=\"b-%e2%80%93-conditions-specifiques-concours-mindef-cameroun-2024\"><\/span><span style=\"color: #ff0000;\"><strong>B &#8211; Conditions sp\u00e9cifiques Concours MINDEF Cameroun 2024:<\/strong><\/span><span class=\"ez-toc-section-end\"><\/span><\/h3>\n<p><span style=\"color: #000000;\"><strong>i) Pour l\u2019\u00e9cole sp\u00e9ciale militaire:<\/strong><\/span><\/p>\n<ul>\n<li><span style=\"color: #000000;\">\u00catre \u00e2g\u00e9 de 18 ans au moins et 23 ans au plus au 01\/01\/2024.<\/span><\/li>\n<li><span style=\"color: #000000;\">\u00catre titulaire d&#8217;un baccalaur\u00e9at toute s\u00e9rie ou d&#8217;un GCE\/AL avec au moins deux mati\u00e8res except\u00e9 la religion kamerpower.com.<\/span><\/li>\n<li style=\"text-align: justify;\"><span style=\"color: #000000;\">Avoir accomplit avec Succ\u00e8s au moins deux ann\u00e9es d&#8217;\u00e9tudes dans l&#8217;enseignement sup\u00e9rieur.<\/span><\/li>\n<\/ul>\n<p><strong><span style=\"color: #000000;\">ii) Pour l\u2019\u00e9cole navale:<\/span><\/strong><\/p>\n<ul>\n<li><span style=\"color: #000000;\">\u00catre \u00e2g\u00e9 de 18 ans au moins et 23 ans au plus au 01\/01\/2024. kamerpower.com<\/span><\/li>\n<li><span style=\"color: #000000;\">\u00catre titulaire d&#8217;un baccalaur\u00e9at toute s\u00e9rie ou d&#8217;un GCE\/AL avec au moins deux mati\u00e8res except\u00e9 la religion.<\/span><\/li>\n<li style=\"text-align: justify;\"><span style=\"color: #000000;\">Avoir accomplit avec Succ\u00e8s au moins deux ann\u00e9es d&#8217;\u00e9tudes dans l&#8217;enseignement sup\u00e9rieur.<\/span><\/li>\n<\/ul>\n<p><span style=\"color: #000000;\"><strong> iii) Cours de Licence de l&#8217;Ecole de l&#8217;Air<\/strong><\/span><\/p>\n<ul>\n<li><span style=\"color: #000000;\">Etre n\u00e9 entre le 1er janvier 2001 et le 1er janvier 2006.<\/span><\/li>\n<li><span style=\"color: #000000;\">\u00eatre titulaire d&#8217;un baccalaur\u00e9at scientifique ou d&#8217;un GCE\/AL avec au moins deux mati\u00e8res scientifiques;<\/span><\/li>\n<li><span style=\"color: #000000;\">avoir \u00e9t\u00e9 class\u00e9 niveau 1 ou 2 aux tests psychotechniques 2023,<\/span><\/li>\n<\/ul>\n<p><span style=\"color: #000000;\"><strong>iv) Ecole des Commissaires des Arm\u00e9es<\/strong><\/span><\/p>\n<ul>\n<li><span style=\"color: #000000;\">Etre n\u00e9e entre le 31 d\u00e9cembre 1998 et le 1er janvier 2006.<\/span><\/li>\n<li><span style=\"color: #000000;\">\u00eatre titulaire d&#8217;une licence en droit, en sciences de gestion, en sciences \u00e9conomiques ou en sciences politiques.<\/span><\/li>\n<\/ul>\n<h3><span class=\"ez-toc-section\" id=\"iii-%e2%80%93-composition-du-dossier-de-candidature\"><\/span><span style=\"color: #ff0000;\"><strong>III &#8211; COMPOSITION DU DOSSIER DE CANDIDATURE:<\/strong><\/span><span class=\"ez-toc-section-end\"><\/span><\/h3>\n<ul>\n<li><span style=\"color: #000000;\">01 enveloppe format A4 timbr\u00e9e \u00e0 <span style=\"color: #ff0000;\">1500 fcfa<\/span> et une chemise cartonn\u00e9e, portant les renseignements manuscrits ci dessus:<br \/>\n<\/span><\/p>\n<ul>\n<li><span style=\"color: #000000;\"><em><strong>&#8211; noms et pr\u00e9noms, <\/strong><\/em><em><strong>&#8211; date et lieu de naissance,<\/strong><\/em><em><strong>&#8211; r\u00e9gion d&#8217;origine,\u00a0<\/strong><\/em><em><strong>&#8211; d\u00e9partement d&#8217;origine et adresse compl\u00e8te<\/strong>.<\/em><\/span><\/li>\n<\/ul>\n<\/li>\n<li><span style=\"color: #000000;\">01 demande manuscrite timbr\u00e9e \u00e0 1500 fcfa, portant la mention de l&#8217;orientation (sciences ou Litt\u00e9rature) et adress\u00e9e\u00a0\u00e0 Monsieur le Ministre d\u00e9l\u00e9gu\u00e9 \u00e0 la pr\u00e9sidence charg\u00e9 de la D\u00e9fense.<\/span><\/li>\n<li><span style=\"color: #000000;\">01 copie certifi\u00e9e de l&#8217;acte de naissance.<\/span><\/li>\n<li><span style=\"color: #000000;\">01 copie conforme du dipl\u00f4me exig\u00e9.<\/span><\/li>\n<li><span style=\"color: #000000;\">01 attestation de pr\u00e9sentation de l&#8217;original du dipl\u00f4me exig\u00e9.<\/span><\/li>\n<li><span style=\"color: #000000;\">01 copie certifi\u00e9e de l&#8217;attestation de r\u00e9ussite des deux ann\u00e9es d\u2019\u00e9tudes universitaire pour les candidats de l\u2019\u00e9cole militaire\u00a0de <strong>Saint-Cyr<\/strong> ou de l\u2019\u00e9cole <strong>navale<\/strong>.<\/span><\/li>\n<li><span style=\"color: #000000;\">01 certificat m\u00e9dical. kamerpower.com<\/span><\/li>\n<li style=\"text-align: justify;\"><span style=\"color: #000000;\">01 re\u00e7u de versement de la somme de <span style=\"color: #ff0000;\">20 000 francs CFA<\/span> repr\u00e9sentant les frais du concours \u00e0 acquitter \u00e0 la direction des ressources humaines\u00a0du minist\u00e8re de la D\u00e9fense.<\/span><\/li>\n<\/ul>\n<h3><span class=\"ez-toc-section\" id=\"iv-%e2%80%93-epreuves-ecrites-de-preselection-concours-mindef-cameroun-2024-ecoles-militaires\"><\/span><span style=\"color: #3366ff;\"><strong>IV &#8211; \u00c9preuves \u00e9crites de pr\u00e9s\u00e9lection Concours MINDEF Cameroun 2024 \u00c9coles militaires<\/strong><\/span><span class=\"ez-toc-section-end\"><\/span><\/h3>\n<p style=\"text-align: justify;\"><span style=\"color: #000000;\">Elles se d\u00e9rouleront les<\/span> <span style=\"color: #ff0000;\"><strong>13 et 14 janvier 2024<\/strong><\/span> <span style=\"color: #000000;\">au centre d&#8217;instruction des Sp\u00e9cialistes des Arm\u00e9es d\u00e8s 07 heures.<\/span><\/p>\n<h3 style=\"text-align: justify;\"><span class=\"ez-toc-section\" id=\"v-%e2%80%93-epreuves-de-selection\"><\/span><span style=\"color: #3366ff;\"><strong>V &#8211;\u00a0\u00c9preuves de s\u00e9lection<\/strong><\/span><span class=\"ez-toc-section-end\"><\/span><\/h3>\n<p style=\"text-align: justify;\"><span style=\"color: #000000;\">Elles se d\u00e9rouleront les <span style=\"color: #ff0000;\"><strong>10 au 11 mars 2024<\/strong><\/span> \u00e0 l\u2019\u00c9cole Militaire Interarm\u00e9es et ne concernera que les candidats pr\u00e9s\u00e9lectionn\u00e9s. kamerpower.com<\/span><\/p>\n<p style=\"text-align: justify;\"><span style=\"color: #000000;\">Les dossiers complets de candidatures seront re\u00e7us \u00e0 la direction des ressources humaines\u00a0<\/span><span style=\"color: #000000;\">du minist\u00e8re de la D\u00e9fense MINDEF au plus tard le mercredi <span style=\"color: #ff0000;\"><strong>10 janvier 2024 \u00e0 16h00<\/strong><\/span>.<\/span><\/p>\n<ul>\n<li style=\"text-align: justify;\"><strong><a href=\"https:\/\/kamerpower.com\/fr\/concours-mindef-2015-2016-cameroun-armees-militaire-recrutement-eleves-sous-officiers-des-armees-sante-militaire\/\">Concours MINDEF Cameroun Arm\u00e9es Militaire recrutement \u00e9l\u00e8ves Sous-officiers des Arm\u00e9es, sant\u00e9 Militaire.<\/a><\/strong><\/li>\n<li><a href=\"https:\/\/kamerpower.com\/fr\/mindef-cameroun-recrutement-armee-de-air\/\"><strong>MINDEF Concours Arm\u00e9e de l\u2019Air Cameroun<\/strong><\/a>.<\/li>\n<li><strong><a href=\"https:\/\/kamerpower.com\/fr\/etmhac-douala-cameroun-ecole-des-techniques-marines-et-halieutiques\/\">ETMHAC Douala Cameroun &#8211; \u00e9cole des techniques marines et halieutiques<\/a>.<\/strong><\/li>\n<\/ul>\n<h2 style=\"text-align: center;\"><span class=\"ez-toc-section\" id=\"concours-mindef-cameroun-2024-ecole-speciale-militaire-%e2%80%93-ecoles-militaires-francaises-2\"><\/span><strong><span style=\"color: #3366ff;\">Concours MINDEF Cameroun 2024 \u00c9cole sp\u00e9ciale militaire &#8211; \u00e9coles militaires fran\u00e7aises<\/span><\/strong><span class=\"ez-toc-section-end\"><\/span><\/h2>\n<p><img decoding=\"async\" class=\"aligncenter wp-image-3791 size-full\" src=\"https:\/\/kamerpower.com\/wp-content\/uploads\/2015\/03\/concours-police-camerounaise-2015.jpg\" alt=\"Concours MINDEF Cameroun 2024 \u00c9cole sp\u00e9ciale militaire - \u00e9coles militaires fran\u00e7aises\" width=\"1280\" height=\"720\" srcset=\"https:\/\/kamerpower.com\/wp-content\/uploads\/2015\/03\/concours-police-camerounaise-2015.jpg 1280w, https:\/\/kamerpower.com\/wp-content\/uploads\/2015\/03\/concours-police-camerounaise-2015-600x338.jpg 600w, https:\/\/kamerpower.com\/wp-content\/uploads\/2015\/03\/concours-police-camerounaise-2015-300x169.jpg 300w, https:\/\/kamerpower.com\/wp-content\/uploads\/2015\/03\/concours-police-camerounaise-2015-768x432.jpg 768w, https:\/\/kamerpower.com\/wp-content\/uploads\/2015\/03\/concours-police-camerounaise-2015-720x405.jpg 720w, https:\/\/kamerpower.com\/wp-content\/uploads\/2015\/03\/concours-police-camerounaise-2015-520x293.jpg 520w, https:\/\/kamerpower.com\/wp-content\/uploads\/2015\/03\/concours-police-camerounaise-2015-320x180.jpg 320w, https:\/\/kamerpower.com\/wp-content\/uploads\/2015\/03\/concours-police-camerounaise-2015-1200x675.jpg 1200w\" sizes=\"(max-width: 1280px) 100vw, 1280px\" \/><\/p>\n","protected":false},"excerpt":{"rendered":"<p>&#46;&#46;&#46;<\/p>\n","protected":false},"author":1,"featured_media":3791,"comment_status":"open","ping_status":"closed","sticky":false,"template":"","format":"standard","meta":{"_themeisle_gutenberg_block_has_review":false,"footnotes":""},"categories":[66],"tags":[1968,1896],"class_list":["post-11833","post","type-post","status-publish","format-standard","has-post-thumbnail","hentry","category-concours","tag-les-offre-demploi-au-cameroun","tag-mindef-cameroun"],"_links":{"self":[{"href":"https:\/\/kamerpower.com\/fr\/wp-json\/wp\/v2\/posts\/11833","targetHints":{"allow":["GET"]}}],"collection":[{"href":"https:\/\/kamerpower.com\/fr\/wp-json\/wp\/v2\/posts"}],"about":[{"href":"https:\/\/kamerpower.com\/fr\/wp-json\/wp\/v2\/types\/post"}],"author":[{"embeddable":true,"href":"https:\/\/kamerpower.com\/fr\/wp-json\/wp\/v2\/users\/1"}],"replies":[{"embeddable":true,"href":"https:\/\/kamerpower.com\/fr\/wp-json\/wp\/v2\/comments?post=11833"}],"version-history":[{"count":0,"href":"https:\/\/kamerpower.com\/fr\/wp-json\/wp\/v2\/posts\/11833\/revisions"}],"wp:featuredmedia":[{"embeddable":true,"href":"https:\/\/kamerpower.com\/fr\/wp-json\/wp\/v2\/media\/3791"}],"wp:attachment":[{"href":"https:\/\/kamerpower.com\/fr\/wp-json\/wp\/v2\/media?parent=11833"}],"wp:term":[{"taxonomy":"category","embeddable":true,"href":"https:\/\/kamerpower.com\/fr\/wp-json\/wp\/v2\/categories?post=11833"},{"taxonomy":"post_tag","embeddable":true,"href":"https:\/\/kamerpower.com\/fr\/wp-json\/wp\/v2\/tags?post=11833"}],"curies":[{"name":"wp","href":"https:\/\/api.w.org\/{rel}","templated":true}]}}