{"id":12804,"date":"2016-02-18T06:55:25","date_gmt":"2016-02-18T05:55:25","guid":{"rendered":"https:\/\/kamerpower.com\/fr\/?p=12804"},"modified":"2024-03-27T02:46:59","modified_gmt":"2024-03-27T01:46:59","slug":"ucac-recrutement-appel-a-candidature-offre-demploi","status":"publish","type":"post","link":"https:\/\/kamerpower.com\/fr\/ucac-recrutement-appel-a-candidature-offre-demploi\/","title":{"rendered":"UCAC Recrutement: Appel \u00e0 candidature offre d&#8217;emploi"},"content":{"rendered":"<h3 style=\"text-align: center;\"><span style=\"color: #3366ff;\"><strong><a style=\"color: #3366ff;\" href=\"https:\/\/kamerpower.com\/fr\/concours-dentree-a-lucac-2015-2016-universite-catholique-dafrique-centrale\/\">UCAC Recrutement: Appel \u00e0 candidature offre d&#8217;emploi &#8211;\u00a0Universit\u00e9 Catholique d\u2019Afrique Centrale<\/a><\/strong><\/span><\/h3>\n<p style=\"text-align: justify;\"><span style=\"color: #000000;\">Dans le cadre de la campagne de communication pour le concours d&#8217;entr\u00e9e en 1ere ann\u00e9e de la FSSG un recrutement est lanc\u00e9 pour la p\u00e9riode allant du <span style=\"color: #ff0000;\"><strong>29 f\u00e9vrier<\/strong><\/span> au <strong><span style=\"color: #ff0000;\">13 mars<\/span><\/strong>.\u00a0Plus d&#8217;informations ci-dessous:<\/span><\/p>\n<h2 style=\"text-align: center;\"><span style=\"color: #3366ff;\"><strong><a style=\"color: #3366ff;\" href=\"https:\/\/kamerpower.com\/fr\/universite-catholique-dafrique-centrale-yaounde-ucac\/\">UCAC Recrutement: Appel \u00e0 candidature offre d&#8217;emploi<\/a> &#8211;\u00a0Universit\u00e9 Catholique d\u2019Afrique Centrale<\/strong><\/span><\/h2>\n","protected":false},"excerpt":{"rendered":"<p>&#46;&#46;&#46;<\/p>\n","protected":false},"author":1,"featured_media":4801,"comment_status":"open","ping_status":"closed","sticky":false,"template":"","format":"standard","meta":{"_themeisle_gutenberg_block_has_review":false,"footnotes":""},"categories":[1845],"tags":[1968,1973,1837],"class_list":["post-12804","post","type-post","status-publish","format-standard","has-post-thumbnail","hentry","category-emplois","tag-les-offre-demploi-au-cameroun","tag-offre-demploi-au-cameroun-2016-2017","tag-universite-catholique-dafrique-centrale"],"_links":{"self":[{"href":"https:\/\/kamerpower.com\/fr\/wp-json\/wp\/v2\/posts\/12804","targetHints":{"allow":["GET"]}}],"collection":[{"href":"https:\/\/kamerpower.com\/fr\/wp-json\/wp\/v2\/posts"}],"about":[{"href":"https:\/\/kamerpower.com\/fr\/wp-json\/wp\/v2\/types\/post"}],"author":[{"embeddable":true,"href":"https:\/\/kamerpower.com\/fr\/wp-json\/wp\/v2\/users\/1"}],"replies":[{"embeddable":true,"href":"https:\/\/kamerpower.com\/fr\/wp-json\/wp\/v2\/comments?post=12804"}],"version-history":[{"count":0,"href":"https:\/\/kamerpower.com\/fr\/wp-json\/wp\/v2\/posts\/12804\/revisions"}],"wp:featuredmedia":[{"embeddable":true,"href":"https:\/\/kamerpower.com\/fr\/wp-json\/wp\/v2\/media\/4801"}],"wp:attachment":[{"href":"https:\/\/kamerpower.com\/fr\/wp-json\/wp\/v2\/media?parent=12804"}],"wp:term":[{"taxonomy":"category","embeddable":true,"href":"https:\/\/kamerpower.com\/fr\/wp-json\/wp\/v2\/categories?post=12804"},{"taxonomy":"post_tag","embeddable":true,"href":"https:\/\/kamerpower.com\/fr\/wp-json\/wp\/v2\/tags?post=12804"}],"curies":[{"name":"wp","href":"https:\/\/api.w.org\/{rel}","templated":true}]}}