{"id":13055,"date":"2023-03-05T00:27:00","date_gmt":"2023-03-04T23:27:00","guid":{"rendered":"https:\/\/kamerpower.com\/fr\/?p=13055"},"modified":"2025-12-15T13:46:36","modified_gmt":"2025-12-15T12:46:36","slug":"premiere-urgence-recrutement-aide-medicale-internationale-pu-ami","status":"publish","type":"post","link":"https:\/\/kamerpower.com\/fr\/premiere-urgence-recrutement-aide-medicale-internationale-pu-ami\/","title":{"rendered":"Premiere urgence recrutement: Aide m\u00e9dicale internationale (PU-AMI)"},"content":{"rendered":"<div id=\"ez-toc-container\" class=\"ez-toc-v2_0_82_2 counter-hierarchy ez-toc-counter ez-toc-custom ez-toc-container-direction\">\n<p class=\"ez-toc-title\" style=\"cursor:inherit\">Contents<\/p>\n<label for=\"ez-toc-cssicon-toggle-item-69f162391128e\" class=\"ez-toc-cssicon-toggle-label\"><span class=\"ez-toc-cssicon\"><span class=\"eztoc-hide\" style=\"display:none;\">Toggle<\/span><span class=\"ez-toc-icon-toggle-span\"><svg style=\"fill: #000000;color:#000000\" xmlns=\"http:\/\/www.w3.org\/2000\/svg\" class=\"list-377408\" width=\"20px\" height=\"20px\" viewBox=\"0 0 24 24\" fill=\"none\"><path d=\"M6 6H4v2h2V6zm14 0H8v2h12V6zM4 11h2v2H4v-2zm16 0H8v2h12v-2zM4 16h2v2H4v-2zm16 0H8v2h12v-2z\" fill=\"currentColor\"><\/path><\/svg><svg style=\"fill: #000000;color:#000000\" class=\"arrow-unsorted-368013\" xmlns=\"http:\/\/www.w3.org\/2000\/svg\" width=\"10px\" height=\"10px\" viewBox=\"0 0 24 24\" version=\"1.2\" baseProfile=\"tiny\"><path d=\"M18.2 9.3l-6.2-6.3-6.2 6.3c-.2.2-.3.4-.3.7s.1.5.3.7c.2.2.4.3.7.3h11c.3 0 .5-.1.7-.3.2-.2.3-.5.3-.7s-.1-.5-.3-.7zM5.8 14.7l6.2 6.3 6.2-6.3c.2-.2.3-.5.3-.7s-.1-.5-.3-.7c-.2-.2-.4-.3-.7-.3h-11c-.3 0-.5.1-.7.3-.2.2-.3.5-.3.7s.1.5.3.7z\"\/><\/svg><\/span><\/span><\/label><input type=\"checkbox\"  id=\"ez-toc-cssicon-toggle-item-69f162391128e\"  aria-label=\"Toggle\" \/><nav><ul class='ez-toc-list ez-toc-list-level-1 ' ><ul class='ez-toc-list-level-3' ><li class='ez-toc-heading-level-3'><a class=\"ez-toc-link ez-toc-heading-1\" href=\"https:\/\/kamerpower.com\/fr\/premiere-urgence-recrutement-aide-medicale-internationale-pu-ami\/#premiere-urgence-recrutement-aide-medicale-internationale-pu-ami-recrutement-02-techniciensnes-de-travaux-wash\" >Premiere urgence recrutement: Aide m\u00e9dicale internationale (PU-AMI):\u00a0Recrutement (02) Techniciens(nes) de travaux wash<\/a><ul class='ez-toc-list-level-4' ><li class='ez-toc-heading-level-4'><a class=\"ez-toc-link ez-toc-heading-2\" href=\"https:\/\/kamerpower.com\/fr\/premiere-urgence-recrutement-aide-medicale-internationale-pu-ami\/#responsabilites-et-activites-a-realiser-premiere-urgence-recrutement-aide-medicale-internationale-pu-ami\" >Responsabilit\u00e9s et activit\u00e9s \u00e0 r\u00e9aliser\u00a0Premiere urgence recrutement: Aide m\u00e9dicale internationale (PU-AMI):<\/a><\/li><\/ul><\/li><li class='ez-toc-page-1 ez-toc-heading-level-3'><a class=\"ez-toc-link ez-toc-heading-3\" href=\"https:\/\/kamerpower.com\/fr\/premiere-urgence-recrutement-aide-medicale-internationale-pu-ami\/#objectifs-specifiques-et-activites-associees\" >Objectifs sp\u00e9cifiques et activit\u00e9s associ\u00e9es<\/a><ul class='ez-toc-list-level-4' ><li class='ez-toc-heading-level-4'><a class=\"ez-toc-link ez-toc-heading-4\" href=\"https:\/\/kamerpower.com\/fr\/premiere-urgence-recrutement-aide-medicale-internationale-pu-ami\/#1suivi-des-programmes\" >1.Suivi des programmes<\/a><\/li><li class='ez-toc-page-1 ez-toc-heading-level-4'><a class=\"ez-toc-link ez-toc-heading-5\" href=\"https:\/\/kamerpower.com\/fr\/premiere-urgence-recrutement-aide-medicale-internationale-pu-ami\/#2-procedures-pu-ami-%e2%80%93-premiere-urgence-recrutement\" >2. Proc\u00e9dures PU-AMI &#8211;\u00a0Premiere urgence recrutement:<\/a><\/li><li class='ez-toc-page-1 ez-toc-heading-level-4'><a class=\"ez-toc-link ez-toc-heading-6\" href=\"https:\/\/kamerpower.com\/fr\/premiere-urgence-recrutement-aide-medicale-internationale-pu-ami\/#3-coordinationreportingrepresentation\" >3. Coordination\/reporting\/repr\u00e9sentation<\/a><\/li><li class='ez-toc-page-1 ez-toc-heading-level-4'><a class=\"ez-toc-link ez-toc-heading-7\" href=\"https:\/\/kamerpower.com\/fr\/premiere-urgence-recrutement-aide-medicale-internationale-pu-ami\/#4-orientation-des-futures-activites\" >4. Orientation des futures activit\u00e9s:<\/a><\/li><li class='ez-toc-page-1 ez-toc-heading-level-4'><a class=\"ez-toc-link ez-toc-heading-8\" href=\"https:\/\/kamerpower.com\/fr\/premiere-urgence-recrutement-aide-medicale-internationale-pu-ami\/#connaissances-et-competences-obligatoires\" >Connaissances et comp\u00e9tences obligatoires<\/a><\/li><li class='ez-toc-page-1 ez-toc-heading-level-4'><a class=\"ez-toc-link ez-toc-heading-9\" href=\"https:\/\/kamerpower.com\/fr\/premiere-urgence-recrutement-aide-medicale-internationale-pu-ami\/#caracteristiques-personnelles-attendues\" >Caract\u00e9ristiques personnelles attendues:<\/a><\/li><\/ul><\/li><\/ul><\/li><li class='ez-toc-page-1 ez-toc-heading-level-2'><a class=\"ez-toc-link ez-toc-heading-10\" href=\"https:\/\/kamerpower.com\/fr\/premiere-urgence-recrutement-aide-medicale-internationale-pu-ami\/#premiere-urgence-recrutement-aide-medicale-internationale-pu-ami-recrutement-02-techniciensnes-de-travaux-wash-2\" >Premiere urgence recrutement: Aide m\u00e9dicale internationale (PU-AMI):\u00a0Recrutement (02) Techniciens(nes) de travaux wash<\/a><\/li><\/ul><\/nav><\/div>\n<h3 style=\"text-align: center;\"><span class=\"ez-toc-section\" id=\"premiere-urgence-recrutement-aide-medicale-internationale-pu-ami-recrutement-02-techniciensnes-de-travaux-wash\"><\/span><span style=\"color: #3366ff;\"><strong>Premiere urgence recrutement: Aide m\u00e9dicale internationale (PU-AMI):\u00a0Recrutement <span style=\"color: #000000;\">(02)<\/span> Techniciens(nes) de travaux wash<\/strong><\/span><span class=\"ez-toc-section-end\"><\/span><\/h3>\n<p style=\"text-align: center;\"><span style=\"color: #ff0000;\"><strong>Pr\u00e9sentation de Premi\u00e8re Urgence &#8211; aide m\u00e9dicale internationale jobs\u00a0&#8211;\u00a0Premiere urgence recrutement:<\/strong><\/span><\/p>\n<p style=\"text-align: justify;\"><span style=\"color: #000000;\"><strong><a href=\"https:\/\/kamerpower.com\/fr\/tag\/premiere-urgence-recrutement\/\">Premi\u00e8re Urgence \u2013 Aide M\u00e9dicale Internationale<\/a><\/strong> (<strong>PU-AMI<\/strong>) &#8211; <strong><span style=\"color: #008000;\">Premiere urgence recrutement<\/span>:<\/strong> est une Organisation Non Gouvernementale de solidarit\u00e9 internationale, \u00e0 but non lucratif, apolitique et la\u00efque. Elle a pour objectif de r\u00e9pondre \u00e0 l\u2019ensemble des besoins fondamentaux des victimes civiles mises en p\u00e9ril, marginalis\u00e9es ou exclues par les effets de catastrophes naturelles, de guerres et de situations d\u2019effondrement \u00e9conomique.<\/span><\/p>\n<p style=\"text-align: justify;\"><span style=\"color: #000000;\"><strong>PU-AMI<\/strong> est pr\u00e9sente dans 19 pays, en Afrique, en Asie, au Moyen-Orient, dans le Caucase et les Cara\u00efbes, et intervient dans les domaines de la s\u00e9curit\u00e9 alimentaire, la sant\u00e9, la nutrition, la r\u00e9habilitation d\u2019infrastructures, l\u2019eau et l\u2019assainissement et la relance \u00e9conomique.<\/span><\/p>\n<p style=\"text-align: justify;\"><span style=\"color: #000000;\"><strong>PU-AMI<\/strong> est pr\u00e9sente au <strong>Cameroun<\/strong> depuis 2008 et vient-en aide aux r\u00e9fugi\u00e9s centrafricains et aux populations vuln\u00e9rables camerounaises, par le biais de projets d\u2019am\u00e9lioration de l\u2019acc\u00e8s \u00e0 l\u2019eau, \u00e0 l\u2019hygi\u00e8ne et l\u2019assainissement, et de projets de s\u00e9curit\u00e9 alimentaire, dans les R\u00e9gions de l\u2019Est de l\u2019Adamaoua et de l\u2019Extr\u00eame Nord avec des financements <strong>UNHCR<\/strong>, <strong>ECHO<\/strong>, <strong>GIZ<\/strong> et <strong>DFID<\/strong>.<\/span><\/p>\n<p style=\"text-align: justify;\"><img decoding=\"async\" class=\"aligncenter wp-image-13049 size-full\" title=\"Premiere urgence recrutement: Aide m\u00e9dicale internationale (PU-AMI):\" src=\"https:\/\/kamerpower.com\/wp-content\/uploads\/2016\/03\/Premi\u00e8re-Urgence-aide-m\u00e9dicale-internationale-jobs.png\" alt=\"Premi\u00e8re Urgence - aide m\u00e9dicale internationale jobs recrutement\" width=\"1280\" height=\"720\" srcset=\"https:\/\/kamerpower.com\/wp-content\/uploads\/2016\/03\/Premi\u00e8re-Urgence-aide-m\u00e9dicale-internationale-jobs.png 1280w, https:\/\/kamerpower.com\/wp-content\/uploads\/2016\/03\/Premi\u00e8re-Urgence-aide-m\u00e9dicale-internationale-jobs-600x338.png 600w, https:\/\/kamerpower.com\/wp-content\/uploads\/2016\/03\/Premi\u00e8re-Urgence-aide-m\u00e9dicale-internationale-jobs-300x169.png 300w, https:\/\/kamerpower.com\/wp-content\/uploads\/2016\/03\/Premi\u00e8re-Urgence-aide-m\u00e9dicale-internationale-jobs-768x432.png 768w, https:\/\/kamerpower.com\/wp-content\/uploads\/2016\/03\/Premi\u00e8re-Urgence-aide-m\u00e9dicale-internationale-jobs-150x84.png 150w\" sizes=\"(max-width: 1280px) 100vw, 1280px\" \/><\/p>\n<h4 style=\"text-align: center;\"><span class=\"ez-toc-section\" id=\"responsabilites-et-activites-a-realiser-premiere-urgence-recrutement-aide-medicale-internationale-pu-ami\"><\/span><span style=\"color: #3366ff;\"><strong>Responsabilit\u00e9s et activit\u00e9s \u00e0 r\u00e9aliser\u00a0<a href=\"https:\/\/kamerpower.com\/fr\/premiere-urgence-pu-ami-recrutement-assistants-techniques-communaux\/\">Premiere urgence recrutement<\/a>: Aide m\u00e9dicale internationale (PU-AMI):<\/strong><\/span><span class=\"ez-toc-section-end\"><\/span><\/h4>\n<ul>\n<li><span style=\"color: #000000;\">Suivi des programmes.<\/span><\/li>\n<li><span style=\"color: #000000;\">Respect des procedures.<\/span><\/li>\n<li><span style=\"color: #000000;\">Coordination\/reporting\/representation.<\/span><\/li>\n<li><span style=\"color: #000000;\">Orientation des futures activites.<\/span><\/li>\n<\/ul>\n<p><span style=\"color: #ff0000;\"><strong>Objectif global :<\/strong><\/span><\/p>\n<p style=\"text-align: justify;\"><span style=\"color: #000000;\">Sous la responsabilit\u00e9 directe du Responsable de Travaux, le technicien de travaux Wash est en charge du suivi technique des chantiers (construction de forages, stockage et distribution de l\u2019eau, latrines, douches, lavoirs, abris, am\u00e9nagement de site, d\u00e9charge, stockage de mat\u00e9riaux\u2026) dans le cadre des programmes men\u00e9s par Premi\u00e8re Urgence \u2013 Aide M\u00e9dicale Internationale (<strong>PU-AMI<\/strong>) dans la r\u00e9gion de l\u2019Adamaoua au <strong>Cameroun<\/strong>, notamment pour l\u2019assistance aux r\u00e9fugi\u00e9s Centrafricains en situation d\u2019urgence.<\/span><\/p>\n<h3><span class=\"ez-toc-section\" id=\"objectifs-specifiques-et-activites-associees\"><\/span><span style=\"color: #3366ff;\"><strong>Objectifs sp\u00e9cifiques et activit\u00e9s associ\u00e9es<\/strong><\/span><span class=\"ez-toc-section-end\"><\/span><\/h3>\n<h4><span class=\"ez-toc-section\" id=\"1suivi-des-programmes\"><\/span><span style=\"color: #3366ff;\"><strong>1.Suivi des programmes<\/strong><\/span><span class=\"ez-toc-section-end\"><\/span><\/h4>\n<p><span style=\"color: #ff0000;\"><strong>Assistance technique en amont du d\u00e9marrage des chantiers<\/strong><\/span><\/p>\n<ul>\n<li style=\"text-align: justify;\"><span style=\"color: #000000;\">Il\/Elle participe \u00e0 l\u2019identification des chantiers : \u00e9valuation des sites de construction<\/span><\/li>\n<li style=\"text-align: justify;\"><span style=\"color: #000000;\">Il\/Elle participe \u00e0 l\u2019\u00e9laboration le cahier des clauses techniques particuli\u00e8res (<strong>CCTP<\/strong>) relatif aux diff\u00e9rents chantiers<\/span><\/li>\n<li style=\"text-align: justify;\"><span style=\"color: #000000;\">Il\/Elle r\u00e9alise un devis quantitatif pr\u00e9cis, d\u00e9taill\u00e9 et exhaustif des mat\u00e9riaux et mat\u00e9riels n\u00e9cessaires aux chantiers.<\/span><\/li>\n<li style=\"text-align: justify;\"><span style=\"color: #000000;\">Il\/Elle r\u00e9alise des plans, coupes et autres dessins techniques des ouvrages.<\/span><\/li>\n<li style=\"text-align: justify;\"><span style=\"color: #000000;\">Il\/Elle participe au processus de s\u00e9lection de l\u2019entrepreneur et \u00e0 la r\u00e9daction des contrats de travaux.<\/span><\/li>\n<\/ul>\n<p><span style=\"color: #ff0000;\"><strong>Supervision et suivi des travaux de construction\/r\u00e9habilitation<\/strong><\/span><\/p>\n<ul>\n<li style=\"text-align: justify;\"><span style=\"color: #000000;\">Il supervise et dirige les travaux de construction de forages et de puits, de syst\u00e8mes de stockage et distribution de l\u2019eau potable, de latrines, de douches, de lavoirs, de d\u00e9charge, de logements collectifs et familiaux, de b\u00e2timents communautaires, ainsi que l\u2019am\u00e9nagement et l\u2019assainissement \/drainage des sites, et tout autre chantier n\u00e9cessaire pour am\u00e9liorer l\u2019accueil de r\u00e9fugi\u00e9s sur des sites de regroupements.<\/span><\/li>\n<li style=\"text-align: justify;\"><span style=\"color: #000000;\">Il\/Elle assure le suivi technique et le contr\u00f4le des diff\u00e9rentes phases des travaux. Il\/Elle s\u2019assure que les travaux sont men\u00e9s dans le respect des engagements contractuels techniques (choix des implantations, mat\u00e9riel, outils, \u00e9quipement et mat\u00e9riaux utilis\u00e9s, dimensions, dosages en b\u00e9ton et ferraillages par exemple..) et dans les d\u00e9lais pr\u00e9vus.<\/span><\/li>\n<li style=\"text-align: justify;\"><span style=\"color: #000000;\">Il\/Elle d\u00e9finit en amont les \u00e9tapes de r\u00e9ceptions interm\u00e9diaires qu\u2019il devra valider afin d\u2019autoriser la poursuite des travaux par les entrepreneurs.<\/span><\/li>\n<li style=\"text-align: justify;\"><span style=\"color: #000000;\">Il\/Elle supervise en collaboration avec le service logistique la r\u00e9ception et l\u2019acheminement des fournitures achet\u00e9s pour ses chantiers, ainsi que le stockage et la s\u00e9curit\u00e9 des biens.<\/span><\/li>\n<li style=\"text-align: justify;\"><span style=\"color: #000000;\">Il\/Elle propose et met en place des outils de suivi et \u00e9valuation pour une mise en place efficace des activit\u00e9s et, des outils de contr\u00f4le \u00e0 utiliser sur ses chantiers pour garantir une bonne gestion ou utilisation des mat\u00e9riels et mat\u00e9riaux.<\/span><\/li>\n<li style=\"text-align: justify;\"><span style=\"color: #000000;\">Il\/Elle suit r\u00e9guli\u00e8rement la consommation ou l\u2019utilisation des mat\u00e9riaux, mat\u00e9riels ou \u00e9quipements mis \u00e0 disposition dans les chantiers.<\/span><\/li>\n<li style=\"text-align: justify;\"><span style=\"color: #000000;\">Il\/Elle est l\u2019interlocuteur (trice) privil\u00e9gi\u00e9(e) des entrepreneurs sur les aspects techniques. Il\/Elle est proactif(ve) et veille \u00e0 ce que des discussions fluides et r\u00e9guli\u00e8res soient entretenues avec les entrepreneurs en p\u00e9riode de construction. <\/span><\/li>\n<li style=\"text-align: justify;\"><span style=\"color: #000000;\">Il\/Elle r\u00e9dige et envoie les correspondances officielles aux entrepreneurs apr\u00e8s validation de son sup\u00e9rieur hi\u00e9rarchique.<\/span><\/li>\n<li style=\"text-align: justify;\"><span style=\"color: #000000;\">Il\/Elle assure le lien et la remont\u00e9e des informations du terrain \u00e0 l\u2019\u00e9quipe administrative et op\u00e9rationnelle. Il transmet les rapports d\u2019activit\u00e9s hebdomadaires et fait remonter tout probl\u00e8me ou difficult\u00e9 technique \u00e0 son sup\u00e9rieur hi\u00e9rarchique.<\/span><\/li>\n<li style=\"text-align: justify;\"><span style=\"color: #000000;\">Il\/Elle s\u2019assure du respect des proc\u00e9dures de s\u00e9curit\u00e9 et de la l\u00e9gislation sur tous les chantiers.<\/span><\/li>\n<li style=\"text-align: justify;\"><span style=\"color: #000000;\">Il\/Elle est garant du respect de l\u2019\u00e9thique de Premi\u00e8re Urgence \u2013 Aide M\u00e9dicale Internationale sur les chantiers (travail des enfants, comportement \u00e0 l\u2019\u00e9gard des communaut\u00e9s, prostitution, d\u00e9tournement de l\u2019aide, etc.).<\/span><\/li>\n<li style=\"text-align: justify;\"><span style=\"color: #000000;\">Il\/Elle est garant des bonnes relations avec les b\u00e9n\u00e9ficiaires et les autorit\u00e9s traditionnelles.<\/span><br \/>\n<span style=\"color: #000000;\">Participation aux activit\u00e9s effectu\u00e9es par les sensibilisateurs<\/span><\/li>\n<li style=\"text-align: justify;\"><span style=\"color: #000000;\">Il\/Elle participe ponctuellement au renforcement des capacit\u00e9s techniques de l\u2019\u00e9quipe de sensibilisateurs (suivi-conseil \/ formations compl\u00e9mentaires), en fonction des besoins identifi\u00e9s par le superviseur WASH.<\/span><\/li>\n<li style=\"text-align: justify;\"><span style=\"color: #000000;\">Il\/Elle participe aux formations et \u00e0 l\u2019accompagnement des comit\u00e9s de gestion de l\u2019eau sur les questions techniques.<\/span><\/li>\n<\/ul>\n<h4><span class=\"ez-toc-section\" id=\"2-procedures-pu-ami-%e2%80%93-premiere-urgence-recrutement\"><\/span><span style=\"color: #3366ff;\"><strong>2. Proc\u00e9dures PU-AMI &#8211;\u00a0Premiere urgence recrutement:<\/strong><\/span><span class=\"ez-toc-section-end\"><\/span><\/h4>\n<ul>\n<li style=\"text-align: justify;\"><span style=\"color: #000000;\">Il\/Elle veille \u00e0 respecter les proc\u00e9dures internes et celles des bailleurs.<\/span><\/li>\n<li style=\"text-align: justify;\"><span style=\"color: #000000;\">Il\/Elle veille au bon d\u00e9roulement des plannings et apporte les correctifs n\u00e9cessaires \u00e0 leur r\u00e9alisation, tout en informant son responsable hi\u00e9rarchique.<\/span><\/li>\n<li style=\"text-align: justify;\"><span style=\"color: #000000;\">Il\/Elle respecte les r\u00e8gles de s\u00e9curit\u00e9 appliqu\u00e9es au sein de <strong>PU-AMI<\/strong>. Il\/Elle transmet obligatoirement \u00e0 sa hi\u00e9rarchie toute information en sa possession relative \u00e0 la s\u00e9curit\u00e9 dans la zone d\u2019intervention de PU-AMI, ou pouvant avoir des cons\u00e9quences sur cette m\u00eame zone.<\/span><\/li>\n<\/ul>\n<h4><span class=\"ez-toc-section\" id=\"3-coordinationreportingrepresentation\"><\/span><span style=\"color: #3366ff;\"><strong>3. Coordination\/reporting\/repr\u00e9sentation<\/strong><\/span><span class=\"ez-toc-section-end\"><\/span><\/h4>\n<ul>\n<li style=\"text-align: justify;\"><span style=\"color: #000000;\">Il\/Elle participe \u00e0 la collecte et la synth\u00e8se des donn\u00e9es relatives aux programmes.<\/span><\/li>\n<li style=\"text-align: justify;\"><span style=\"color: #000000;\">Il\/Elle transmet r\u00e9guli\u00e8rement les informations concernant le d\u00e9roulement du programme au superviseur WASH.<\/span><\/li>\n<li style=\"text-align: justify;\"><span style=\"color: #000000;\">Il\/Elle s\u2019assure de la bonne implication des autorit\u00e9s comp\u00e9tentes dans la r\u00e9alisation des programmes de PU-AMI.<\/span><\/li>\n<li style=\"text-align: justify;\"><span style=\"color: #000000;\">Il\/Elle repr\u00e9sente PU-AMI dans aupr\u00e8s des diff\u00e9rentes parties prenantes (b\u00e9n\u00e9ficiaires, autorit\u00e9s traditionnelles et administratives, partenaires, op\u00e9rateurs priv\u00e9s\u2026), selon les directives du superviseur.<\/span><br \/>\n<span style=\"color: #000000;\">Sous demande du superviseur, il\/elle peut \u00eatre amen\u00e9 \u00e0 participer aux r\u00e9unions de coordination inh\u00e9rentes \u00e0 son domaine d\u2019activit\u00e9s (r\u00e9union inter <strong>ONG<\/strong>, cluster\u2026).<\/span><\/li>\n<\/ul>\n<h4><span class=\"ez-toc-section\" id=\"4-orientation-des-futures-activites\"><\/span><span style=\"color: #3366ff;\"><strong>4. Orientation des futures activit\u00e9s:<\/strong><\/span><span class=\"ez-toc-section-end\"><\/span><\/h4>\n<p style=\"text-align: justify;\"><span style=\"color: #000000;\">Avec le superviseur, il\/elle participe \u00e0 l\u2019analyse des besoins et \u00e0 la pr\u00e9paration de nouvelles activit\u00e9s ou de nouveaux projets, ou \u00e0 la r\u00e9orientation des activit\u00e9s en cours.\u00a0La liste des t\u00e2ches d\u00e9crites ci-dessus constitue le cadre g\u00e9n\u00e9ral de vos fonctions.<\/span><\/p>\n<p><span style=\"color: #ff0000;\"><strong>Profil recherch\u00e9 :<\/strong><\/span><\/p>\n<ul>\n<li><span style=\"color: #000000;\">Etre titulaire au minimum d\u2019un Bacc+2 en G\u00e9nie Civil ou tout autre dipl\u00f4me \u00e9quivalent, Bacc+3 appr\u00e9ci\u00e9.<\/span><\/li>\n<\/ul>\n<p><span style=\"color: #ff0000;\"><strong>Exp\u00e9rience Professionnelle :<\/strong><\/span><\/p>\n<ul>\n<li style=\"text-align: justify;\"><span style=\"color: #000000;\">Justifier d\u2019une exp\u00e9rience d\u2019au moins deux (02) ans sur un poste de technicien ou \u00e9quivalent.<\/span><\/li>\n<li style=\"text-align: justify;\"><span style=\"color: #000000;\">Une exp\u00e9rience dans l\u2019humanitaire (<strong>ONG<\/strong>) serait un atout<\/span><\/li>\n<\/ul>\n<h4><span class=\"ez-toc-section\" id=\"connaissances-et-competences-obligatoires\"><\/span><span style=\"color: #3366ff;\"><strong>Connaissances et comp\u00e9tences obligatoires<\/strong> <\/span><span class=\"ez-toc-section-end\"><\/span><\/h4>\n<ul>\n<li><span style=\"color: #000000;\">Connaissance du g\u00e9nie civil.<\/span><\/li>\n<li style=\"text-align: justify;\"><span style=\"color: #000000;\">Maitrise des m\u00e9thodes et des outils techniques (identification et r\u00e9solution de probl\u00e8mes, collecte et interpr\u00e9tation de donn\u00e9es, utilisation des outils informatiques).<\/span><\/li>\n<li><span style=\"color: #000000;\">Reporting et suivi de projet.<\/span><\/li>\n<li><span style=\"color: #000000;\">Fran\u00e7ais.<\/span><\/li>\n<li><span style=\"color: #000000;\">Word, Excel.<\/span><\/li>\n<\/ul>\n<h4><span class=\"ez-toc-section\" id=\"caracteristiques-personnelles-attendues\"><\/span><span style=\"color: #3366ff;\"><strong>Caract\u00e9ristiques personnelles attendues:<\/strong><\/span><span class=\"ez-toc-section-end\"><\/span><\/h4>\n<ul>\n<li><span style=\"color: #000000;\">Professionnalisme \/ sens des responsabilit\u00e9s.<\/span><\/li>\n<li><span style=\"color: #000000;\">Capacit\u00e9 \u00e0 s&#8217;int\u00e9grer dans une organisation.<\/span><\/li>\n<li><span style=\"color: #000000;\">Autonomie et go\u00fbt pour le travail de terrain.<\/span><\/li>\n<li><span style=\"color: #000000;\">Honn\u00eatet\u00e9 et transparence.<\/span><\/li>\n<li><span style=\"color: #000000;\">Rigueur et sens de l\u2019organisation.<\/span><\/li>\n<li><span style=\"color: #000000;\">Disponibilit\u00e9, ponctualit\u00e9 et r\u00e9activit\u00e9.<\/span><\/li>\n<li><span style=\"color: #000000;\">Capacit\u00e9 de n\u00e9gociation\/force de conviction,<\/span><\/li>\n<li><span style=\"color: #000000;\">Capacit\u00e9 r\u00e9dactionnelle et de synth\u00e8se.<\/span><\/li>\n<li style=\"text-align: justify;\"><span style=\"color: #000000;\">Capacit\u00e9 d\u2019analyse du contexte, gestion des priorit\u00e9s, force de proposition et prise de d\u00e9cision<\/span><\/li>\n<li><span style=\"color: #000000;\">Capacit\u00e9 \u00e0 faire remonter l\u2019information.<\/span><\/li>\n<li><span style=\"color: #000000;\">Go\u00fbt pour la transmission des savoirs, p\u00e9dagogie.<\/span><\/li>\n<\/ul>\n<blockquote>\n<p style=\"text-align: justify;\"><span style=\"color: #ff0000;\"><strong>Conditions<\/strong><\/span><br \/>\n<span style=\"color: #000000;\">Poste bas\u00e9 \u00e0 Ngam et\/ou Borgop (R\u00e9gion de l\u2019Adamaoua).<\/span><br \/>\n<span style=\"color: #000000;\">Contrat \u00e0 Dur\u00e9e D\u00e9termin\u00e9e.<\/span><br \/>\n<span style=\"color: #000000;\">Salaire d\u00e9fini selon la grille salariale <strong>P.U.-A.M.I<\/strong>.<\/span><br \/>\n<span style=\"color: #000000;\">Entr\u00e9e en poste au plus tard le 21 mars 2024.<\/span><br \/>\n<span style=\"color: #000000;\">Le (la) candidat(e) doit d\u00e9poser son dossier (lettre motivation, <strong>cv<\/strong>), aux locaux de premi\u00e8re urgence &#8211; aide m\u00e9dicale internationale \u00e0 bertoua, ngaoundere, batouri, ou a maroua ou bien envoyer par mail a l\u2019adresse: puami.cmr.recrutement@gmail.com<\/span><\/p>\n<\/blockquote>\n<p style=\"text-align: justify;\"><span style=\"color: #000000;\">Les dossiers fournis ne seront pas restitu\u00e9s aux candidats.\u00a0seuls les candidats preselectionnes seront contactes personnellement.\u00a0Les originaux des diplomes, certificat de travail, recommandations devront etre apportes par les candidats convoques pour les tests et entretiens.<\/span><\/p>\n<h2 style=\"text-align: center;\"><span class=\"ez-toc-section\" id=\"premiere-urgence-recrutement-aide-medicale-internationale-pu-ami-recrutement-02-techniciensnes-de-travaux-wash-2\"><\/span><span style=\"color: #3366ff;\"><strong>Premiere urgence recrutement: Aide m\u00e9dicale internationale (PU-AMI):\u00a0Recrutement <span style=\"color: #000000;\">(02)<\/span> Techniciens(nes) de travaux wash<\/strong><\/span><span class=\"ez-toc-section-end\"><\/span><\/h2>\n","protected":false},"excerpt":{"rendered":"<p>&#46;&#46;&#46;<\/p>\n","protected":false},"author":1,"featured_media":13049,"comment_status":"open","ping_status":"closed","sticky":false,"template":"","format":"standard","meta":{"_themeisle_gutenberg_block_has_review":false,"footnotes":""},"categories":[1845],"tags":[1968,1973,2149,2150],"class_list":["post-13055","post","type-post","status-publish","format-standard","has-post-thumbnail","hentry","category-emplois","tag-les-offre-demploi-au-cameroun","tag-offre-demploi-au-cameroun-2016-2017","tag-premiere-urgence-aide-medicale-internationale-jobs","tag-premiere-urgence-recrutement"],"_links":{"self":[{"href":"https:\/\/kamerpower.com\/fr\/wp-json\/wp\/v2\/posts\/13055","targetHints":{"allow":["GET"]}}],"collection":[{"href":"https:\/\/kamerpower.com\/fr\/wp-json\/wp\/v2\/posts"}],"about":[{"href":"https:\/\/kamerpower.com\/fr\/wp-json\/wp\/v2\/types\/post"}],"author":[{"embeddable":true,"href":"https:\/\/kamerpower.com\/fr\/wp-json\/wp\/v2\/users\/1"}],"replies":[{"embeddable":true,"href":"https:\/\/kamerpower.com\/fr\/wp-json\/wp\/v2\/comments?post=13055"}],"version-history":[{"count":1,"href":"https:\/\/kamerpower.com\/fr\/wp-json\/wp\/v2\/posts\/13055\/revisions"}],"predecessor-version":[{"id":72317,"href":"https:\/\/kamerpower.com\/fr\/wp-json\/wp\/v2\/posts\/13055\/revisions\/72317"}],"wp:featuredmedia":[{"embeddable":true,"href":"https:\/\/kamerpower.com\/fr\/wp-json\/wp\/v2\/media\/13049"}],"wp:attachment":[{"href":"https:\/\/kamerpower.com\/fr\/wp-json\/wp\/v2\/media?parent=13055"}],"wp:term":[{"taxonomy":"category","embeddable":true,"href":"https:\/\/kamerpower.com\/fr\/wp-json\/wp\/v2\/categories?post=13055"},{"taxonomy":"post_tag","embeddable":true,"href":"https:\/\/kamerpower.com\/fr\/wp-json\/wp\/v2\/tags?post=13055"}],"curies":[{"name":"wp","href":"https:\/\/api.w.org\/{rel}","templated":true}]}}