{"id":13078,"date":"2022-03-05T02:23:00","date_gmt":"2022-03-05T01:23:00","guid":{"rendered":"https:\/\/kamerpower.com\/fr\/?p=13078"},"modified":"2025-01-09T23:19:00","modified_gmt":"2025-01-09T22:19:00","slug":"medecins-sans-frontieres-recrutement-www-msf-fr-espace","status":"publish","type":"post","link":"https:\/\/kamerpower.com\/fr\/medecins-sans-frontieres-recrutement-www-msf-fr-espace\/","title":{"rendered":"M\u00e9decins sans fronti\u00e8res recrutement: www.msf.fr espace recrutement"},"content":{"rendered":"<div id=\"ez-toc-container\" class=\"ez-toc-v2_0_82_2 counter-hierarchy ez-toc-counter ez-toc-custom ez-toc-container-direction\">\n<p class=\"ez-toc-title\" style=\"cursor:inherit\">Contents<\/p>\n<label for=\"ez-toc-cssicon-toggle-item-69f1bb5f6caae\" class=\"ez-toc-cssicon-toggle-label\"><span class=\"ez-toc-cssicon\"><span class=\"eztoc-hide\" style=\"display:none;\">Toggle<\/span><span class=\"ez-toc-icon-toggle-span\"><svg style=\"fill: #000000;color:#000000\" xmlns=\"http:\/\/www.w3.org\/2000\/svg\" class=\"list-377408\" width=\"20px\" height=\"20px\" viewBox=\"0 0 24 24\" fill=\"none\"><path d=\"M6 6H4v2h2V6zm14 0H8v2h12V6zM4 11h2v2H4v-2zm16 0H8v2h12v-2zM4 16h2v2H4v-2zm16 0H8v2h12v-2z\" fill=\"currentColor\"><\/path><\/svg><svg style=\"fill: #000000;color:#000000\" class=\"arrow-unsorted-368013\" xmlns=\"http:\/\/www.w3.org\/2000\/svg\" width=\"10px\" height=\"10px\" viewBox=\"0 0 24 24\" version=\"1.2\" baseProfile=\"tiny\"><path d=\"M18.2 9.3l-6.2-6.3-6.2 6.3c-.2.2-.3.4-.3.7s.1.5.3.7c.2.2.4.3.7.3h11c.3 0 .5-.1.7-.3.2-.2.3-.5.3-.7s-.1-.5-.3-.7zM5.8 14.7l6.2 6.3 6.2-6.3c.2-.2.3-.5.3-.7s-.1-.5-.3-.7c-.2-.2-.4-.3-.7-.3h-11c-.3 0-.5.1-.7.3-.2.2-.3.5-.3.7s.1.5.3.7z\"\/><\/svg><\/span><\/span><\/label><input type=\"checkbox\"  id=\"ez-toc-cssicon-toggle-item-69f1bb5f6caae\"  aria-label=\"Toggle\" \/><nav><ul class='ez-toc-list ez-toc-list-level-1 ' ><ul class='ez-toc-list-level-3' ><li class='ez-toc-heading-level-3'><a class=\"ez-toc-link ez-toc-heading-1\" href=\"https:\/\/kamerpower.com\/fr\/medecins-sans-frontieres-recrutement-www-msf-fr-espace\/#medecins-sans-frontieres-recrutement-wwwmsffr-espace-recrutement\" >M\u00e9decins sans fronti\u00e8res recrutement: www.msf.fr espace recrutement<\/a><ul class='ez-toc-list-level-4' ><li class='ez-toc-heading-level-4'><a class=\"ez-toc-link ez-toc-heading-2\" href=\"https:\/\/kamerpower.com\/fr\/medecins-sans-frontieres-recrutement-www-msf-fr-espace\/#urgent\" >URGENT<\/a><\/li><\/ul><\/li><li class='ez-toc-page-1 ez-toc-heading-level-3'><a class=\"ez-toc-link ez-toc-heading-3\" href=\"https:\/\/kamerpower.com\/fr\/medecins-sans-frontieres-recrutement-www-msf-fr-espace\/#responsabilites-principales\" >Responsabilit\u00e9s Principales<\/a><ul class='ez-toc-list-level-4' ><li class='ez-toc-heading-level-4'><a class=\"ez-toc-link ez-toc-heading-4\" href=\"https:\/\/kamerpower.com\/fr\/medecins-sans-frontieres-recrutement-www-msf-fr-espace\/#medecins-sans-frontieres-recrutement-wwwmsffr-espace-recrutement-2\" >M\u00e9decins sans fronti\u00e8res recrutement: www.msf.fr espace recrutement<\/a><\/li><\/ul><\/li><li class='ez-toc-page-1 ez-toc-heading-level-3'><a class=\"ez-toc-link ez-toc-heading-5\" href=\"https:\/\/kamerpower.com\/fr\/medecins-sans-frontieres-recrutement-www-msf-fr-espace\/#ses-principales-responsabilites-entre-autre-sont\" >Ses principales responsabilit\u00e9s entre autre sont:<\/a><ul class='ez-toc-list-level-4' ><li class='ez-toc-heading-level-4'><a class=\"ez-toc-link ez-toc-heading-6\" href=\"https:\/\/kamerpower.com\/fr\/medecins-sans-frontieres-recrutement-www-msf-fr-espace\/#competences-requises-%e2%80%93-medecins-sans-frontieres-recrutement-wwwmsffr-espace-recrutement\" >Comp\u00e9tences requises &#8211;\u00a0M\u00e9decins sans fronti\u00e8res recrutement: www.msf.fr espace recrutement.<\/a><\/li><\/ul><\/li><li class='ez-toc-page-1 ez-toc-heading-level-3'><a class=\"ez-toc-link ez-toc-heading-7\" href=\"https:\/\/kamerpower.com\/fr\/medecins-sans-frontieres-recrutement-www-msf-fr-espace\/#experience\" >Exp\u00e9rience:<\/a><\/li><li class='ez-toc-page-1 ez-toc-heading-level-3'><a class=\"ez-toc-link ez-toc-heading-8\" href=\"https:\/\/kamerpower.com\/fr\/medecins-sans-frontieres-recrutement-www-msf-fr-espace\/#qualite-requises\" >Qualit\u00e9 requises:<\/a><\/li><\/ul><\/li><li class='ez-toc-page-1 ez-toc-heading-level-2'><a class=\"ez-toc-link ez-toc-heading-9\" href=\"https:\/\/kamerpower.com\/fr\/medecins-sans-frontieres-recrutement-www-msf-fr-espace\/#medecins-sans-frontieres-recrutement-wwwmsffr-espace-recrutement-3\" >M\u00e9decins sans fronti\u00e8res recrutement: www.msf.fr espace recrutement<\/a><\/li><\/ul><\/nav><\/div>\n<h3 style=\"text-align: center;\"><span class=\"ez-toc-section\" id=\"medecins-sans-frontieres-recrutement-wwwmsffr-espace-recrutement\"><\/span><span style=\"color: #3366ff;\"><strong><span style=\"color: #3366ff;\"><a style=\"color: #3366ff;\" href=\"https:\/\/kamerpower.com\/fr\/medecins-sans-frontieres-suisse-recrute-kousseri-infirmier\/\">M\u00e9decins sans fronti\u00e8res recrutement:<\/a> www.msf.fr es<\/span>pace recrutement<\/strong><\/span><span class=\"ez-toc-section-end\"><\/span><\/h3>\n<hr \/>\n<h4><span class=\"ez-toc-section\" id=\"urgent\"><\/span><span style=\"color: #008000;\"><strong>URGENT<\/strong><\/span><span class=\"ez-toc-section-end\"><\/span><\/h4>\n<p><span style=\"color: #000000;\">M\u00e9decins sans fronti\u00e8res recrutement: Nous recherchons pour nos missions terrain des:<\/span><\/p>\n<ul>\n<li><span style=\"color: #000000;\">Chefs de Mission.<\/span><\/li>\n<li><span style=\"color: #000000;\">Coordinateurs de Projet.<\/span><\/li>\n<li><span style=\"color: #000000;\">Coordinateurs Financiers et <strong>RH<\/strong>.<\/span><\/li>\n<\/ul>\n<p style=\"text-align: justify;\"><span style=\"color: #000000;\">Vous devez \u00eatre exp\u00e9riment\u00e9(e) avec d&#8217;autres <strong>ONG<\/strong>. <a href=\"https:\/\/www.msf.fr\/agir\/rejoindre-nos-equipes\/postuler-pour-mission-terrain\" target=\"_blank\" rel=\"noopener\">d\u00e9poser votre dossier<\/a>, <strong>Cliquez ici<\/strong>.<\/span><\/p>\n<hr \/>\n<p><span style=\"color: #000000;\">Et nous recherche aussi <strong>Responsable du d\u00e9veloppement du personnel<\/strong>:<\/span><\/p>\n<h3 style=\"text-align: center;\"><span class=\"ez-toc-section\" id=\"responsabilites-principales\"><\/span><span style=\"color: #3366ff;\"><strong>Responsabilit\u00e9s Principales<\/strong><\/span><span class=\"ez-toc-section-end\"><\/span><\/h3>\n<p style=\"text-align: justify;\"><span style=\"color: #000000;\">Le\/la responsable du d\u00e9veloppement du personnel est charg\u00e9(e) de s\u2019assurer que les <strong>RH<\/strong> aient les capacit\u00e9s requises, de mesurer et d\u2019am\u00e9liorer les capacit\u00e9s, la contribution et la participation active du personnel pour atteindre efficacement les objectifs de la mission. Cela conform\u00e9ment \u00e0 la vision des ressources humaines et des valeurs de <strong>MSF<\/strong>.<\/span><\/p>\n<h4 style=\"text-align: center;\"><span class=\"ez-toc-section\" id=\"medecins-sans-frontieres-recrutement-wwwmsffr-espace-recrutement-2\"><\/span><span style=\"color: #ff0000;\"><strong>M\u00e9decins sans fronti\u00e8res recrutement: www.msf.fr espace recrutement<\/strong><\/span><span class=\"ez-toc-section-end\"><\/span><\/h4>\n<p><img decoding=\"async\" class=\"aligncenter size-full wp-image-67194\" src=\"https:\/\/kamerpower.com\/wp-content\/uploads\/2025\/01\/Medecins-sans-frontieres-recrutement-www.msf_.fr-Job.jpg\" alt=\"M\u00e9decins sans fronti\u00e8res recrutement www.msf.fr Job\" width=\"1280\" height=\"720\" srcset=\"https:\/\/kamerpower.com\/wp-content\/uploads\/2025\/01\/Medecins-sans-frontieres-recrutement-www.msf_.fr-Job.jpg 1280w, https:\/\/kamerpower.com\/wp-content\/uploads\/2025\/01\/Medecins-sans-frontieres-recrutement-www.msf_.fr-Job-600x338.jpg 600w, https:\/\/kamerpower.com\/wp-content\/uploads\/2025\/01\/Medecins-sans-frontieres-recrutement-www.msf_.fr-Job-300x169.jpg 300w, https:\/\/kamerpower.com\/wp-content\/uploads\/2025\/01\/Medecins-sans-frontieres-recrutement-www.msf_.fr-Job-768x432.jpg 768w, https:\/\/kamerpower.com\/wp-content\/uploads\/2025\/01\/Medecins-sans-frontieres-recrutement-www.msf_.fr-Job-720x405.jpg 720w, https:\/\/kamerpower.com\/wp-content\/uploads\/2025\/01\/Medecins-sans-frontieres-recrutement-www.msf_.fr-Job-520x293.jpg 520w, https:\/\/kamerpower.com\/wp-content\/uploads\/2025\/01\/Medecins-sans-frontieres-recrutement-www.msf_.fr-Job-320x180.jpg 320w\" sizes=\"(max-width: 1280px) 100vw, 1280px\" \/><\/p>\n<h3 style=\"text-align: center;\"><span class=\"ez-toc-section\" id=\"ses-principales-responsabilites-entre-autre-sont\"><\/span><span style=\"color: #3366ff;\"><strong>Ses principales responsabilit\u00e9s entre autre sont:<\/strong><\/span><span class=\"ez-toc-section-end\"><\/span><\/h3>\n<ul>\n<li style=\"text-align: justify;\"><span style=\"color: #000000;\">Il\/elle conna\u00eet les politiques de recrutement et de d\u00e9veloppement, les proc\u00e9dures et les outils d\u2019<strong>OC<\/strong>, les adapte au contexte de la mission et s\u2019assure que la mise en \u0153uvre soit \u00e9quitable, juste, transparente, efficace et responsable au cours de la mission par toutes les personnes concern\u00e9es par la mission;<\/span><\/li>\n<li style=\"text-align: justify;\"><span style=\"color: #000000;\">Il\/elle apporte son expertise \u00e0 toutes les personnes impliqu\u00e9es dans le processus de recrutement sur la mani\u00e8re de le mener correctement avec pour objectif le recrutement de professionnels et de personnes d\u00e9tenant un potentiel \u00e0 d\u00e9velopper; kamerpower.com<\/span><\/li>\n<li style=\"text-align: justify;\"><span style=\"color: #000000;\">Il\/elle veille \u00e0 l\u2019harmonisation avec les politiques existantes et apporte son soutien d\u2019expert(e) aux coordinateurs, gestionnaires d\u2019activit\u00e9s et superviseurs dans le recrutement et le d\u00e9veloppement du personnel sous leur contr\u00f4le: premier examen des <strong>CV<\/strong>, m\u00e9thodes d\u2019entretien, contenu, d\u00e9tection du potentiel, meilleurs pratiques, syst\u00e8me de gestion des comp\u00e9tences, harmonisation du d\u00e9veloppement avec objectifs op\u00e9rationnels, etc.;\u00a0M\u00e9decins sans fronti\u00e8res recrutement: <strong>www.msf.fr espace recrutement.<\/strong><\/span><\/li>\n<li style=\"text-align: justify;\"><span style=\"color: #000000;\">Il\/elle apporte son expertise et son soutien \u00e0 tous les coordinateurs \/superviseurs\/ responsables d\u2019activit\u00e9 sur la mani\u00e8re de mettre en \u0153uvre le syst\u00e8me de gestion des comp\u00e9tences (outil, m\u00e9thode, \u00e9tablir des objectifs, suivi du plan d\u2019action et meilleures pratiques) dans le but d\u2019\u00e9valuer et de d\u00e9velopper les comp\u00e9tences du personnel qu\u2019ils supervisent;<\/span><\/li>\n<li style=\"text-align: justify;\"><span style=\"color: #000000;\">Il\/elle cherche des synergies \/\u00e9changes avec les autres sections de MSF et les autres <strong>ONG<\/strong> en termes de formations, coaching et autres outils de d\u00e9veloppement;<\/span><\/li>\n<li style=\"text-align: justify;\"><span style=\"color: #000000;\">Il\/elle partage avec le Coordinateur <strong>RH<\/strong> toutes les informations \/suggestions\/ activit\u00e9s qui peuvent avoir un impact sur la planification, le budget ou les strat\u00e9gies de <strong>RH<\/strong> (ex. plan de carri\u00e8re sugg\u00e9r\u00e9, formations demand\u00e9es, activit\u00e9s de perfectionnement, mobilit\u00e9, etc.) et ne les met pas en \u0153uvre avant l\u2019autorisation pr\u00e9alable du Coordo <strong>RH<\/strong>;<\/span><\/li>\n<li><span style=\"color: #000000;\">Il\/elle collabore avec le Coordinateur RH pour \u00e9tablir \/mettre \u00e0 jour le plan annuel et le budget en tenant compte de son domaine d\u2019activit\u00e9 et de ses responsabilit\u00e9s;<\/span><\/li>\n<li style=\"text-align: justify;\"><span style=\"color: #000000;\">En collaboration avec le Coordo <strong>RH<\/strong>, <strong>ARH<\/strong>\/conseiller en <strong>RH<\/strong> et l\u2019unit\u00e9 de formation au si\u00e8ge, il\/elle contribue \u00e0 l\u2019identification des possibilit\u00e9s de formation au niveau r\u00e9gional\/ international\/ multidimensionnel (m\u00e8ne des analyse de besoins, \u00e9tabli une strat\u00e9gie et un plan de formation, d\u00e9fini d\u2019une politique de formation continue et de son cadre de gestion) et apporte son expertise sur demande aux cadres op\u00e9rationnels en ce qui concerne l\u2019\u00e9valuation des besoins de formation au sein des \u00e9quipes qu\u2019ils supervisent.<\/span><\/li>\n<\/ul>\n<p><img decoding=\"async\" class=\"aligncenter wp-image-13079 size-full\" title=\"M\u00e9decins sans fronti\u00e8res recrutement www.msf.fr espace recrutement\" src=\"https:\/\/kamerpower.com\/wp-content\/uploads\/2016\/03\/M\u00e9decins-sans-fronti\u00e8res-recrutement-2016-2017-www.msf_.fr-espace-recrutement.png\" alt=\"M\u00e9decins sans fronti\u00e8res recrutement - www.msf.fr espace recrutement\" width=\"154\" height=\"65\" \/><\/p>\n<h4 style=\"text-align: center;\"><span class=\"ez-toc-section\" id=\"competences-requises-%e2%80%93-medecins-sans-frontieres-recrutement-wwwmsffr-espace-recrutement\"><\/span><span style=\"color: #3366ff;\"><strong>Comp\u00e9tences requ<span style=\"color: #3366ff;\">ises &#8211;\u00a0M\u00e9decins sans fronti\u00e8res recrutement: www.msf.fr espace recrutement.<\/span><\/strong><\/span><span class=\"ez-toc-section-end\"><\/span><\/h4>\n<ul>\n<li style=\"text-align: justify;\"><span style=\"color: #000000;\">Dipl\u00f4me en Ressources Humaines, Gestion et d\u00e9veloppement du personnel (Maitrise, Licence, etc.).<\/span><\/li>\n<li><span style=\"color: #000000;\">Adh\u00e9sion aux principes de <strong>MSF<\/strong>.<\/span><\/li>\n<li><span style=\"color: #000000;\">Souplesse de comportement.<\/span><\/li>\n<li><span style=\"color: #000000;\">Orient\u00e9 r\u00e9sultats et sens de la qualit\u00e9.<\/span><\/li>\n<li><span style=\"color: #000000;\">Travail d\u2019\u00e9quipe et coop\u00e9ration.<\/span><\/li>\n<li style=\"text-align: justify;\"><span style=\"color: #000000;\">Une bonne maitrise des langues utilis\u00e9es dans la mission (francais, anglais) est essentielle.<\/span><\/li>\n<\/ul>\n<h3><span class=\"ez-toc-section\" id=\"experience\"><\/span><span style=\"color: #3366ff;\"><strong>Exp\u00e9rience:<\/strong><\/span><span class=\"ez-toc-section-end\"><\/span><\/h3>\n<ul>\n<li style=\"text-align: justify;\"><span style=\"color: #000000;\">Exp\u00e9rience professionnelle d\u2019au moins deux ans dans le domaine des <strong>RH<\/strong>.<\/span><\/li>\n<li><span style=\"color: #000000;\">Exp\u00e9rience pr\u00e9alable souhait\u00e9e avec <strong>MSF<\/strong> ou une autre <strong>ONG<\/strong>.<\/span><\/li>\n<\/ul>\n<h3><span class=\"ez-toc-section\" id=\"qualite-requises\"><\/span><span style=\"color: #3366ff;\"><strong>Qualit\u00e9 requises:<\/strong><\/span><span class=\"ez-toc-section-end\"><\/span><\/h3>\n<ul>\n<li style=\"text-align: justify;\"><span style=\"color: #000000;\">Flexibilit\u00e9, mobilit\u00e9, rigueur, proactivit\u00e9, capacit\u00e9 \u00e0 travailler avec des personnes multidisciplinaires et multiculturelles.<\/span><\/li>\n<\/ul>\n<p style=\"text-align: justify;\"><span style=\"color: #000000;\">Les dossiers de candidatures (<strong>CV<\/strong> avec trois r\u00e9f\u00e9rences, lettre de motivation, copie du dipl\u00f4me requis, tout justificatif d\u2019exp\u00e9rience, adresse et num\u00e9ro de t\u00e9l\u00e9phone actifs) sont adress\u00e9s \u00e0 l\u2019Administration RH de MSF Suisse, et doivent parvenir \u00e0 l\u2019adresse suivante : msfch-yaounde-hr@geneva.msf.org avec <strong>POUR<\/strong> objet <strong>RDP<\/strong>.<\/span><\/p>\n<blockquote><p><span style=\"color: #000000;\">Date limite de r\u00e9ception des candidatures : <strong>13 mars 2023<\/strong>.<\/span><br \/>\n<span style=\"color: #000000;\"> Les tests \u00e9crits et oraux auront lieu dans les bureaux <strong>MSF<\/strong>.<\/span><br \/>\n<span style=\"color: #000000;\"> Seuls les candidats pr\u00e9s\u00e9lectionn\u00e9s seront contact\u00e9s.<\/span><\/p><\/blockquote>\n<h2 style=\"text-align: center;\"><span class=\"ez-toc-section\" id=\"medecins-sans-frontieres-recrutement-wwwmsffr-espace-recrutement-3\"><\/span><span style=\"color: #3366ff;\"><strong>M\u00e9decins sans fronti\u00e8res r<span style=\"color: #3366ff;\">ecrutement: <a style=\"color: #3366ff;\" href=\"https:\/\/kamerpower.com\/fr\/medecins-sans-frontieres-recrutement-www-msf-fr-espace\/\">www.msf.fr espace recrutement<\/a><\/span><\/strong><\/span><span class=\"ez-toc-section-end\"><\/span><\/h2>\n","protected":false},"excerpt":{"rendered":"<p>&#46;&#46;&#46;<\/p>\n","protected":false},"author":1,"featured_media":67194,"comment_status":"open","ping_status":"closed","sticky":false,"template":"","format":"standard","meta":{"_themeisle_gutenberg_block_has_review":false,"footnotes":""},"categories":[1845],"tags":[1968,2154,1973],"class_list":["post-13078","post","type-post","status-publish","format-standard","has-post-thumbnail","hentry","category-emplois","tag-les-offre-demploi-au-cameroun","tag-medecins-sans-frontieres-recrutement-www-msf-fr","tag-offre-demploi-au-cameroun-2016-2017"],"_links":{"self":[{"href":"https:\/\/kamerpower.com\/fr\/wp-json\/wp\/v2\/posts\/13078","targetHints":{"allow":["GET"]}}],"collection":[{"href":"https:\/\/kamerpower.com\/fr\/wp-json\/wp\/v2\/posts"}],"about":[{"href":"https:\/\/kamerpower.com\/fr\/wp-json\/wp\/v2\/types\/post"}],"author":[{"embeddable":true,"href":"https:\/\/kamerpower.com\/fr\/wp-json\/wp\/v2\/users\/1"}],"replies":[{"embeddable":true,"href":"https:\/\/kamerpower.com\/fr\/wp-json\/wp\/v2\/comments?post=13078"}],"version-history":[{"count":1,"href":"https:\/\/kamerpower.com\/fr\/wp-json\/wp\/v2\/posts\/13078\/revisions"}],"predecessor-version":[{"id":67197,"href":"https:\/\/kamerpower.com\/fr\/wp-json\/wp\/v2\/posts\/13078\/revisions\/67197"}],"wp:featuredmedia":[{"embeddable":true,"href":"https:\/\/kamerpower.com\/fr\/wp-json\/wp\/v2\/media\/67194"}],"wp:attachment":[{"href":"https:\/\/kamerpower.com\/fr\/wp-json\/wp\/v2\/media?parent=13078"}],"wp:term":[{"taxonomy":"category","embeddable":true,"href":"https:\/\/kamerpower.com\/fr\/wp-json\/wp\/v2\/categories?post=13078"},{"taxonomy":"post_tag","embeddable":true,"href":"https:\/\/kamerpower.com\/fr\/wp-json\/wp\/v2\/tags?post=13078"}],"curies":[{"name":"wp","href":"https:\/\/api.w.org\/{rel}","templated":true}]}}