{"id":14069,"date":"2016-06-05T22:12:32","date_gmt":"2016-06-05T21:12:32","guid":{"rendered":"https:\/\/kamerpower.com\/fr\/?p=14069"},"modified":"2024-10-22T16:27:41","modified_gmt":"2024-10-22T15:27:41","slug":"cameroun-20-mai-1972-referendum-date-de-la-reunification","status":"publish","type":"post","link":"https:\/\/kamerpower.com\/fr\/cameroun-20-mai-1972-referendum-date-de-la-reunification\/","title":{"rendered":"Cameroun 20 mai 1972 r\u00e9f\u00e9rendum: Date de la r\u00e9unification"},"content":{"rendered":"<h3 style=\"text-align: center;\"><span style=\"font-weight: bold; color: #3366ff;\">Cameroun 20 mai 1972 r\u00e9f\u00e9rendum: Date de la r\u00e9unification du cameroun<\/span><\/h3>\n<p style=\"text-align: justify;\"><span style=\"color: #000000;\">Cameroun 20 mai 1972 r\u00e9f\u00e9rendum: Date de la r\u00e9unification\u00a0du cameroun.\u00a0analyse de quelques tendances de la doctrine.<\/span><\/p>\n<h4 style=\"text-align: center;\"><span style=\"font-weight: bold; color: #ff0000;\">R\u00e9sum\u00e9:\u00a0r\u00e9f\u00e9rendum du 20 mai 1972 au Cameroun.<\/span><\/h4>\n<p style=\"text-align: justify;\"><span style=\"color: #000000;\">\u00c0 l&#8217;initiative de M. Ahmadou Ahidjo, alors pr\u00e9sident de la R\u00e9publique du <span style=\"font-weight: bold;\">Cameroun<\/span>, le peuple camerounais s&#8217;est prononc\u00e9 par voie de r\u00e9f\u00e9rendum, le 20 mai 1972, en faveur du passage de l&#8217;\u00c9tat f\u00e9d\u00e9ral \u00e0 l&#8217;\u00c9tat unitaire. Consid\u00e9r\u00e9 par la doctrine comme ayant constitu\u00e9 rien moins qu&#8217;un \u00ab coup d&#8217;\u00c9tat civil \u00bb, ce r\u00e9f\u00e9rendum est, de nos jours, \u00e0 la base de la principale menace d&#8217;implosion du Cameroun. Le premier objectif de cet article est d&#8217;effectuer une revue de la litt\u00e9rature relative au r\u00e9f\u00e9rendum de 1972, qui insiste sur les points de rupture et les plages de continuit\u00e9 pouvant s&#8217;accuser dans les d\u00e9veloppements des diff\u00e9rents auteurs. (Cameroun 20 mai 1972)\u00a0<\/span><\/p>\n<p style=\"text-align: justify;\"><span style=\"color: #000000;\">Une frange de la doctrine la plus autoris\u00e9e a conclu que la proc\u00e9dure ayant conduit au r\u00e9f\u00e9rendum de 1972 ne pouvait faire l&#8217;objet d&#8217;une critique juridique, du simple fait que ce r\u00e9f\u00e9rendum \u00e9tait l&#8217;oeuvre d&#8217;un pouvoir constituant originaire agissant ex nihilo et non d&#8217;un pouvoir constituant d\u00e9riv\u00e9 agissant en conformit\u00e9 avec la Constitution f\u00e9d\u00e9rale. R\u00e9agissant \u00e0 cette pr\u00e9tention, le deuxi\u00e8me objectif de ce travail sera de montrer que la subite \u00e9mergence, au sein d&#8217;un \u00c9tat, d&#8217;un pouvoir originaire agissant ex nihilo et la mise en oeuvre, par ce pouvoir, d&#8217;un nouvel ordre juridique n&#8217;autorisent gu\u00e8re \u00e0 conclure que la proc\u00e9dure ayant conduit \u00e0 la cr\u00e9ation de ce nouvel ordre juridique n&#8217;est pas susceptible de critique juridique.\u00a0(<a href=\"https:\/\/kamerpower.com\/fr\/jours-feries-au-cameroun-conges-scolaires-2019-2020-2021-cameroun\/\"><span style=\"font-weight: bold;\">Cameroun<\/span> 20 mai 1972<\/a>).<\/span><\/p>\n<p style=\"text-align: justify;\"><span style=\"color: #000000;\">Le troisi\u00e8me objectif de cet article est de montrer, au-del\u00e0 de la critique juridique de la proc\u00e9dure ayant conduit \u00e0 la mise en oeuvre du nouvel ordre juridique, que c&#8217;est, essentiellement, la force du nouveau pouvoir ayant ainsi \u00e9merg\u00e9, sa puissance sans rivale sur le territoire qu&#8217;elle contr\u00f4le effectivement qui fonde sa capacit\u00e9 \u00e0 \u00e9riger un ordre juridique valide. Cette derni\u00e8re observation se fera \u00e0 travers l&#8217;analyse d&#8217;un arr\u00eat r\u00e9cent de la Cour supr\u00eame du Canada relatif \u00e0 la souverainet\u00e9 du <span style=\"font-weight: bold;\">Qu\u00e9bec<\/span>, dont on comparera les conclusions avec quelques-unes des th\u00e8ses les plus importantes relativement au r\u00e9f\u00e9rendum de 1972 au Cameroun.\u00a0(Cameroun 20 mai 1972).<\/span><\/p>\n<hr \/>\n<blockquote>\n<p style=\"text-align: justify;\"><span style=\"color: #999999;\"><span style=\"font-weight: bold; color: #333333;\">Auteur <\/span>: Pierre Fabien Nkot.<\/span><br \/>\n<span style=\"color: #999999;\"><span style=\"font-weight: bold; color: #333333;\">Titre <\/span>: <span style=\"color: #000000;\"><span style=\"color: #333333; font-weight: bold;\">Le r\u00e9f\u00e9rendum du 20 mai 1972 au Cameroun : analyse de quelques tendances de la doctrine<\/span>.<\/span><\/span><br \/>\n<span style=\"font-weight: bold; color: #333333;\">Revue<\/span><span style=\"color: #999999;\"> : Les Cahiers de droit, Volume 40, num\u00e9ro 3, 1999, p. 665-690.<\/span><\/p>\n<\/blockquote>\n<hr \/>\n<h2 style=\"text-align: center;\"><span style=\"font-weight: bold; color: #3366ff;\">Cameroun 20 mai 1972 r\u00e9f\u00e9rendum: Date de la r\u00e9unification du cameroun<\/span><\/h2>\n","protected":false},"excerpt":{"rendered":"<p>&#46;&#46;&#46;<\/p>\n","protected":false},"author":1,"featured_media":30,"comment_status":"open","ping_status":"closed","sticky":false,"template":"","format":"standard","meta":{"_themeisle_gutenberg_block_has_review":false,"footnotes":""},"categories":[103],"tags":[1907,2229,1926],"class_list":["post-14069","post","type-post","status-publish","format-standard","has-post-thumbnail","hentry","category-cameroun","tag-cameroun","tag-cameroun-20-mai-fete-nationale","tag-crtv-cameroon-radio-and-television"],"_links":{"self":[{"href":"https:\/\/kamerpower.com\/fr\/wp-json\/wp\/v2\/posts\/14069","targetHints":{"allow":["GET"]}}],"collection":[{"href":"https:\/\/kamerpower.com\/fr\/wp-json\/wp\/v2\/posts"}],"about":[{"href":"https:\/\/kamerpower.com\/fr\/wp-json\/wp\/v2\/types\/post"}],"author":[{"embeddable":true,"href":"https:\/\/kamerpower.com\/fr\/wp-json\/wp\/v2\/users\/1"}],"replies":[{"embeddable":true,"href":"https:\/\/kamerpower.com\/fr\/wp-json\/wp\/v2\/comments?post=14069"}],"version-history":[{"count":0,"href":"https:\/\/kamerpower.com\/fr\/wp-json\/wp\/v2\/posts\/14069\/revisions"}],"wp:featuredmedia":[{"embeddable":true,"href":"https:\/\/kamerpower.com\/fr\/wp-json\/wp\/v2\/media\/30"}],"wp:attachment":[{"href":"https:\/\/kamerpower.com\/fr\/wp-json\/wp\/v2\/media?parent=14069"}],"wp:term":[{"taxonomy":"category","embeddable":true,"href":"https:\/\/kamerpower.com\/fr\/wp-json\/wp\/v2\/categories?post=14069"},{"taxonomy":"post_tag","embeddable":true,"href":"https:\/\/kamerpower.com\/fr\/wp-json\/wp\/v2\/tags?post=14069"}],"curies":[{"name":"wp","href":"https:\/\/api.w.org\/{rel}","templated":true}]}}