{"id":14129,"date":"2016-06-13T14:46:28","date_gmt":"2016-06-13T13:46:28","guid":{"rendered":"https:\/\/kamerpower.com\/fr\/?p=14129"},"modified":"2024-01-03T21:28:06","modified_gmt":"2024-01-03T20:28:06","slug":"le-systeme-educatif-gabonais-education-au-gabon","status":"publish","type":"post","link":"https:\/\/kamerpower.com\/fr\/le-systeme-educatif-gabonais-education-au-gabon\/","title":{"rendered":"Le syst\u00e8me \u00e9ducatif gabonais: Education au Gabon"},"content":{"rendered":"<div id=\"ez-toc-container\" class=\"ez-toc-v2_0_82_2 counter-hierarchy ez-toc-counter ez-toc-custom ez-toc-container-direction\">\n<p class=\"ez-toc-title\" style=\"cursor:inherit\">Contents<\/p>\n<label for=\"ez-toc-cssicon-toggle-item-69f3e13226e01\" class=\"ez-toc-cssicon-toggle-label\"><span class=\"ez-toc-cssicon\"><span class=\"eztoc-hide\" style=\"display:none;\">Toggle<\/span><span class=\"ez-toc-icon-toggle-span\"><svg style=\"fill: #000000;color:#000000\" xmlns=\"http:\/\/www.w3.org\/2000\/svg\" class=\"list-377408\" width=\"20px\" height=\"20px\" viewBox=\"0 0 24 24\" fill=\"none\"><path d=\"M6 6H4v2h2V6zm14 0H8v2h12V6zM4 11h2v2H4v-2zm16 0H8v2h12v-2zM4 16h2v2H4v-2zm16 0H8v2h12v-2z\" fill=\"currentColor\"><\/path><\/svg><svg style=\"fill: #000000;color:#000000\" class=\"arrow-unsorted-368013\" xmlns=\"http:\/\/www.w3.org\/2000\/svg\" width=\"10px\" height=\"10px\" viewBox=\"0 0 24 24\" version=\"1.2\" baseProfile=\"tiny\"><path d=\"M18.2 9.3l-6.2-6.3-6.2 6.3c-.2.2-.3.4-.3.7s.1.5.3.7c.2.2.4.3.7.3h11c.3 0 .5-.1.7-.3.2-.2.3-.5.3-.7s-.1-.5-.3-.7zM5.8 14.7l6.2 6.3 6.2-6.3c.2-.2.3-.5.3-.7s-.1-.5-.3-.7c-.2-.2-.4-.3-.7-.3h-11c-.3 0-.5.1-.7.3-.2.2-.3.5-.3.7s.1.5.3.7z\"\/><\/svg><\/span><\/span><\/label><input type=\"checkbox\"  id=\"ez-toc-cssicon-toggle-item-69f3e13226e01\"  aria-label=\"Toggle\" \/><nav><ul class='ez-toc-list ez-toc-list-level-1 ' ><ul class='ez-toc-list-level-3' ><li class='ez-toc-heading-level-3'><a class=\"ez-toc-link ez-toc-heading-1\" href=\"https:\/\/kamerpower.com\/fr\/le-systeme-educatif-gabonais-education-au-gabon\/#le-systeme-educatif-gabonais-education-au-gabon\" >Le syst\u00e8me \u00e9ducatif gabonais: Education au Gabon.\u00a0<\/a><\/li><li class='ez-toc-page-1 ez-toc-heading-level-3'><a class=\"ez-toc-link ez-toc-heading-2\" href=\"https:\/\/kamerpower.com\/fr\/le-systeme-educatif-gabonais-education-au-gabon\/#le-systeme-educatif-gabonais-education-au-gabon-2\" >Le syst\u00e8me \u00e9ducatif gabonais: Education au Gabon.\u00a0<\/a><\/li><li class='ez-toc-page-1 ez-toc-heading-level-3'><a class=\"ez-toc-link ez-toc-heading-3\" href=\"https:\/\/kamerpower.com\/fr\/le-systeme-educatif-gabonais-education-au-gabon\/#la-politique-en-matiere-deducation-le-systeme-educatif-gabonais\" >La politique en mati\u00e8re d&#8217;\u00e9ducation:\u00a0Le syst\u00e8me \u00e9ducatif gabonais<\/a><\/li><li class='ez-toc-page-1 ez-toc-heading-level-3'><a class=\"ez-toc-link ez-toc-heading-4\" href=\"https:\/\/kamerpower.com\/fr\/le-systeme-educatif-gabonais-education-au-gabon\/#le-systeme-non-formel-%e2%80%93-le-systeme-educatif-gabonais\" >Le syst\u00e8me non formel &#8211;\u00a0Le syst\u00e8me \u00e9ducatif gabonais<\/a><\/li><li class='ez-toc-page-1 ez-toc-heading-level-3'><a class=\"ez-toc-link ez-toc-heading-5\" href=\"https:\/\/kamerpower.com\/fr\/le-systeme-educatif-gabonais-education-au-gabon\/#donnees-generales\" >Donn\u00e9es g\u00e9n\u00e9rales:<\/a><\/li><li class='ez-toc-page-1 ez-toc-heading-level-3'><a class=\"ez-toc-link ez-toc-heading-6\" href=\"https:\/\/kamerpower.com\/fr\/le-systeme-educatif-gabonais-education-au-gabon\/#alphabetisation-des-pygmees\" >Alphab\u00e9tisation des pygm\u00e9es:<\/a><\/li><li class='ez-toc-page-1 ez-toc-heading-level-3'><a class=\"ez-toc-link ez-toc-heading-7\" href=\"https:\/\/kamerpower.com\/fr\/le-systeme-educatif-gabonais-education-au-gabon\/#recommandation\" >Recommandation<\/a><\/li><\/ul><\/li><li class='ez-toc-page-1 ez-toc-heading-level-2'><a class=\"ez-toc-link ez-toc-heading-8\" href=\"https:\/\/kamerpower.com\/fr\/le-systeme-educatif-gabonais-education-au-gabon\/#le-systeme-educatif-gabonais-education-au-gabon-3\" >Le syst\u00e8me \u00e9ducatif gabonais: Education au Gabon.\u00a0<\/a><\/li><\/ul><\/nav><\/div>\n<h3 style=\"text-align: center;\"><span class=\"ez-toc-section\" id=\"le-systeme-educatif-gabonais-education-au-gabon\"><\/span><span style=\"font-weight: bold; color: #3366ff;\">Le syst\u00e8me \u00e9ducatif gabonais: Education au Gabon.\u00a0<\/span><span class=\"ez-toc-section-end\"><\/span><\/h3>\n<p style=\"text-align: justify;\"><span style=\"color: #000000;\">Education au Gabon &#8211; Le syst\u00e8me \u00e9ducatif gabonais: Au <span style=\"font-weight: bold;\"><a href=\"https:\/\/kamerpower.com\/fr\/o\/gabon\/\">Gabon<\/a><\/span> la scolarit\u00e9 est obligatoire de<span style=\"font-weight: bold; color: #ff0000;\"> 6 \u00e0 16 ans<\/span>. Le syst\u00e8me comprend trois niveaux: kamerpower.com<\/span><\/p>\n<p style=\"text-align: justify;\"><img decoding=\"async\" class=\"aligncenter size-full wp-image-14130\" src=\"https:\/\/kamerpower.com\/wp-content\/uploads\/2016\/06\/Le-syst\u00e8me-\u00e9ducatif-gabonais-Education-au-Gabon-education-nationale-gabon-2016-2017-2018-2019-2020-2021-2022.jpg\" alt=\"Le syst\u00e8me \u00e9ducatif gabonais Education au Gabon, education nationale gabon 2016-2017 2018-2019 2020 2021-2022\" width=\"222\" height=\"172\" \/><\/p>\n<ul>\n<li style=\"text-align: justify;\"><span style=\"color: #000000;\">L&#8217;<span style=\"font-weight: bold; color: #008000;\">enseignement primaire<\/span> qui conduit en <span style=\"font-weight: bold; color: #ff0000;\">6 ans<\/span> au Certificat d&#8217;enseignement primaire et au concours d&#8217;entr\u00e9e en 6\u00e8me.<\/span><\/li>\n<li style=\"text-align: justify;\"><span style=\"color: #000000;\">L&#8217;<span style=\"font-weight: bold; color: #008000;\">enseignement secondaire<\/span> constitu\u00e9 d&#8217;un cycle court de <span style=\"font-weight: bold; color: #ff0000;\">4 ans<\/span> sanctionn\u00e9 par le Brevet d&#8217;\u00c9tude du Premier Cycle (<span style=\"font-weight: bold;\">BEPC<\/span>) et un cycle long qui conduit en <span style=\"font-weight: bold; color: #ff0000;\">7 ans<\/span> au Baccalaur\u00e9at.<\/span><\/li>\n<li style=\"text-align: justify;\"><span style=\"color: #000000;\">L&#8217;<span style=\"font-weight: bold; color: #008000;\">enseignement sup\u00e9rieur<\/span> auquel participent deux universit\u00e9s et plusieurs grandes \u00e9coles nationales.<\/span><\/li>\n<\/ul>\n<p style=\"text-align: justify;\"><span style=\"color: #000000;\">Avec un taux de scolarisation actuel de 90% la population gabonaise se situe \u00e0 un niveau d&#8217;\u00e9ducation parmi les plus \u00e9lev\u00e9 de l&#8217;Afrique sub-saharienne. <\/span><\/p>\n<p style=\"text-align: justify;\"><span style=\"color: #000000;\">Toutefois 22% de la population se d\u00e9clare encore &#8220;sans niveau&#8221;, c&#8217;est \u00e0 dire n&#8217;ayant jamais \u00e9t\u00e9 \u00e0 l&#8217;\u00e9cole, et pr\u00e9s de la moiti\u00e9 de la population n&#8217;a pas d\u00e9pass\u00e9 le niveau du cycle d&#8217;\u00e9tudes primaire, 18% celui du premier cycle de L\u2019enseignement secondaire et 6% seulement ont achev\u00e9 toute la scolarit\u00e9 secondaire.<\/span><\/p>\n<p style=\"text-align: justify;\"><span style=\"color: #000000;\">Le taux d&#8217;analphab\u00e9tisme est relativement bas pour la r\u00e9gion. On compte seulement 27% d\u2019analphab\u00e8tes chez les plus de 15 ans (dont 34% de femmes); ces taux dissimulent cependant de fortes disparit\u00e9s entre les provinces et les milieux. <\/span><\/p>\n<p style=\"text-align: justify;\"><span style=\"color: #000000;\">Ainsi globalement on rel\u00e8ve 21% d&#8217;analphab\u00e8tes en zone urbaine contre 49% en zone rurale et 15% dans la population urbaine de la province de l&#8217;Estuaire contre 60% dans la Ngouni\u00e9.<\/span><\/p>\n<h3 style=\"text-align: center;\"><span class=\"ez-toc-section\" id=\"le-systeme-educatif-gabonais-education-au-gabon-2\"><\/span><span style=\"font-weight: bold; color: #3366ff;\">Le syst\u00e8me \u00e9ducatif gabonais: Education au Gabon.\u00a0<\/span><span class=\"ez-toc-section-end\"><\/span><\/h3>\n<p style=\"text-align: justify;\"><span style=\"color: #000000;\">L&#8217;appareil <span style=\"font-weight: bold;\">\u00e9ducatif gabonais<\/span> n&#8217;a pas su encore surmonter le probl\u00e8me de l&#8217;\u00e9chec scolaire qui se traduit par un taux de redoublements et d&#8217;abandons important et ce dans le cycle d&#8217;\u00e9tudes primaires. kamerpower.com<\/span><\/p>\n<p style=\"text-align: justify;\"><span style=\"color: #000000;\">En l&#8217;absence d&#8217;une structure sp\u00e9ciale <span style=\"font-weight: bold;\">EPT<\/span> au niveau national, plusieurs d\u00e9partements Minist\u00e9riels concourent de par leurs attributions respectives, \u00e0 la prise de d\u00e9cision et \u00e0 la gestion de l&#8217;<span style=\"font-weight: bold;\">EPT<\/span>. Il s&#8217;agit de:<\/span><\/p>\n<ul>\n<li style=\"text-align: justify;\"><span style=\"color: #000000;\"><span style=\"font-weight: bold; color: #008000;\">Minist\u00e8re de l&#8217;Education Nationale<\/span>: Enseignements Pr\u00e9-primaire, Primaire, Secondaire, Technique et Professionnel.<\/span><\/li>\n<li style=\"text-align: justify;\"><span style=\"color: #000000;\"><span style=\"font-weight: bold; color: #008000;\">Minist\u00e8re de la Solidarit\u00e9 Nationale et des Affaires Sociales<\/span>: enseignement pr\u00e9scolaire protection et promotion sociales des jeunes handicap\u00e9s et d\u00e9favoris\u00e9s.<\/span><\/li>\n<li style=\"text-align: justify;\"><span style=\"color: #000000;\"><span style=\"font-weight: bold; color: #008000;\">Minist\u00e8re de la Culture, des Arts et de l&#8217;Education Populaire<\/span>: alphab\u00e9tisation.<\/span><\/li>\n<li style=\"text-align: justify;\"><span style=\"color: #000000;\"><span style=\"font-weight: bold; color: #008000;\">Minist\u00e8re du Travail, de l&#8217;Emploi et de la Formation Professionnelle<\/span>: formation aux comp\u00e9tences essentielles, utiles \u00e0 l&#8217;insertion sociale.<\/span><\/li>\n<li style=\"text-align: justify;\"><span style=\"color: #000000;\"><span style=\"font-weight: bold; color: #008000;\">Minist\u00e8re de la Jeunesse, de la Culture civique, des Sports et des Loisirs<\/span>.<\/span><\/li>\n<li style=\"text-align: justify;\"><span style=\"color: #000000;\"><span style=\"font-weight: bold; color: #008000;\">Minist\u00e8re de la Sant\u00e9 Publique et de la Population<\/span>: assurer le meilleur \u00e9tat physique, mental et social des individus.<\/span><\/li>\n<li style=\"text-align: justify;\"><span style=\"color: #000000;\"><span style=\"font-weight: bold; color: #008000;\">Minist\u00e8re de la Communication, des Postes et des Technologies de l&#8217;Information<\/span>.<\/span><\/li>\n<\/ul>\n<h3 style=\"text-align: center;\"><span class=\"ez-toc-section\" id=\"la-politique-en-matiere-deducation-le-systeme-educatif-gabonais\"><\/span><span style=\"font-weight: bold; color: #3366ff;\">La politique en mati\u00e8re d&#8217;\u00e9ducation:\u00a0Le syst\u00e8me \u00e9ducatif gabonais<\/span><span class=\"ez-toc-section-end\"><\/span><\/h3>\n<p><span style=\"color: #000000;\">La Politique \u00e9ducative repose sur trois grands principes:<\/span><\/p>\n<ul>\n<li><span style=\"color: #000000;\">L&#8217;obligation et la gratuit\u00e9 scolaire de 6 \u00e0 16 ans.<\/span><\/li>\n<li><span style=\"color: #000000;\">La d\u00e9mocratisation de l\u2019enseignement.<\/span><\/li>\n<li><span style=\"color: #000000;\">L&#8217;\u00e9quivalence internationale des niveaux d\u2019examen.<\/span><\/li>\n<\/ul>\n<p style=\"text-align: justify;\"><span style=\"color: #000000;\">Les grandes lignes d\u2019une strat\u00e9gie sectorielles ont \u00e9t\u00e9 d\u00e9finies dans la strat\u00e9gie de d\u00e9veloppement du Gabon \u00e0 l\u2019horizon 2025 et visent \u00e0 une r\u00e9forme du syst\u00e8me \u00e9ducatif dans son ensemble et une revalorisation de la fonction enseignante.<\/span><\/p>\n<p style=\"text-align: justify;\"><span style=\"color: #000000;\">La r\u00e9forme y est d\u00e9finie en termes de programme d\u2019enseignement, la pr\u00e9servation du patrimoine culturel national et le renforcement de domaines consid\u00e8res comme d\u00e9laiss\u00e9s tels que la formation professionnelle et l&#8217;alphab\u00e9tisation des adultes.<\/span><\/p>\n<p><img decoding=\"async\" class=\"aligncenter wp-image-14130 size-full\" title=\"Le syst\u00e8me \u00e9ducatif gabonais Education au Gabon, education nationale gabon 2016-2017 2018-2019 2020 2021-2022\" src=\"https:\/\/kamerpower.com\/wp-content\/uploads\/2016\/06\/Le-syst\u00e8me-\u00e9ducatif-gabonais-Education-au-Gabon-education-nationale-gabon-2016-2017-2018-2019-2020-2021-2022.jpg\" alt=\"Le syst\u00e8me \u00e9ducatif gabonais Education au Gabon, education nationale gabon 2016-2017 2018-2019 2020 2021-2022\" width=\"222\" height=\"172\" \/><\/p>\n<h3 style=\"text-align: center;\"><span class=\"ez-toc-section\" id=\"le-systeme-non-formel-%e2%80%93-le-systeme-educatif-gabonais\"><\/span><span style=\"font-weight: bold; color: #3366ff;\">Le syst\u00e8me non formel &#8211;\u00a0Le syst\u00e8me \u00e9ducatif gabonais<\/span><span class=\"ez-toc-section-end\"><\/span><\/h3>\n<h3><span class=\"ez-toc-section\" id=\"donnees-generales\"><\/span><span style=\"font-weight: bold; color: #ff0000;\">Donn\u00e9es g\u00e9n\u00e9rales:<\/span><span class=\"ez-toc-section-end\"><\/span><\/h3>\n<p style=\"text-align: justify;\"><span style=\"color: #000000;\">Le Minist\u00e8re de la Culture, des Arts et de l&#8217;Education Populaire a en charge l\u2019alphab\u00e9tisation.<\/span><\/p>\n<p style=\"text-align: justify;\"><span style=\"color: #000000;\">Le gouvernement gabonais, a mis en place une politique et un programme d\u2019alphab\u00e9tisation avec le <span style=\"font-weight: bold;\">concours<\/span> des partenaires (l\u2019<span style=\"font-weight: bold;\">UNESCO<\/span>, l\u2019<span style=\"font-weight: bold;\">UNICEF<\/span>, la <span style=\"font-weight: bold;\">WWF<\/span>.). L\u2019objectif vis\u00e9 est de faire acqu\u00e9rir aux gabonais les notions et l\u2019apprentissage de l\u2019hygi\u00e8ne, de la gestion des activit\u00e9s, de civisme.\u00a0etc.<\/span><\/p>\n<h3><span class=\"ez-toc-section\" id=\"alphabetisation-des-pygmees\"><\/span><span style=\"font-weight: bold; color: #ff0000;\">Alphab\u00e9tisation des pygm\u00e9es:<\/span><span class=\"ez-toc-section-end\"><\/span><\/h3>\n<p style=\"text-align: justify;\"><span style=\"color: #000000;\">Le Gabon a d\u00e9cid\u00e9 d&#8217;\u00e9duquer les pygm\u00e9es et a entrepris un inventaire des moyens financiers n\u00e9cessaires pour initier un programme didactique adapt\u00e9 qui permettrait de sortir cette communaut\u00e9 de l&#8217;analphab\u00e9tisme. Le travail d&#8217;inventaire se fait avec l&#8217;aide de l&#8217;Organisation des Nations Unies pour l&#8217;\u00e9ducation, la science et la culture (<span style=\"font-weight: bold;\">UNESCO<\/span>). <\/span><\/p>\n<p style=\"text-align: justify;\"><span style=\"color: #000000;\">Selon le Minist\u00e8re de la Culture et de l&#8217;Education populaire, le programme pour l&#8217;\u00e9ducation des pygm\u00e9es b\u00e9n\u00e9ficiera non seulement de l&#8217;appui financier et mat\u00e9riel de l&#8217;\u00c9tat gabonais et d&#8217;autres bailleurs de fonds comme le Canada, mais \u00e9galement du concours des soci\u00e9t\u00e9s foresti\u00e8res mises en cause dans les d\u00e9forestations abusives. Selon des statistiques officielles, il reste encore environ 120.000 pygm\u00e9es vivant dans la for\u00eat \u00e9quatoriale, en Afrique centrale&#8217;.<\/span><\/p>\n<p style=\"text-align: justify;\"><span style=\"color: #000000;\">L&#8217;initiative d&#8217;\u00e9duquer les pygm\u00e9es, bien que tardive, est conforme aux engagements pris, au Forum mondial sur l&#8217;\u00e9ducation organis\u00e9 en 2000, \u00e0 <span style=\"font-weight: bold;\">Dakar<\/span>, et qui recommande de r\u00e9duire de moiti\u00e9, d&#8217;ici \u00e0 2015, le taux d&#8217;analphab\u00e9tisme des adultes dans le monde. <\/span><\/p>\n<p style=\"text-align: justify;\"><span style=\"color: #000000;\">Longtemps oubli\u00e9s, les pygm\u00e9es pourraient enfin b\u00e9n\u00e9ficier, si le programme se r\u00e9alisait, d&#8217;une formation p\u00e9dagogique adapt\u00e9e apr\u00e8s l&#8217;acceptation, par le gouvernement, de construire plusieurs salles de classe et aires de jeux, et d&#8217;offrir des manuels p\u00e9dagogiques. Le co\u00fbt financier du programme d&#8217;\u00e9ducation et d&#8217;int\u00e9gration des pygm\u00e9es est estim\u00e9 \u00e0 environ 1,600 million de dollars, selon le minist\u00e8re des Travaux publics.<\/span><\/p>\n<h3><span class=\"ez-toc-section\" id=\"recommandation\"><\/span><span style=\"color: #000000;\"><strong>Recommandation<\/strong><\/span><span class=\"ez-toc-section-end\"><\/span><\/h3>\n<ul>\n<li><a href=\"https:\/\/kamerpower.com\/fr\/systeme-educatif-camerounais\/\"><strong>Syst\u00e8me \u00e9ducatif camerounais pr\u00e9sentation<\/strong><\/a><\/li>\n<li><a href=\"https:\/\/kamerpower.com\/fr\/la-structure-du-systeme-educatif-camerounais\/\"><strong>La structure du syst\u00e8me \u00e9ducatif Camerounais<\/strong><\/a><\/li>\n<\/ul>\n<h2 style=\"text-align: center;\"><span class=\"ez-toc-section\" id=\"le-systeme-educatif-gabonais-education-au-gabon-3\"><\/span><span style=\"font-weight: bold; color: #3366ff;\">Le syst\u00e8me \u00e9ducatif gabonais: Education au Gabon.\u00a0<\/span><span class=\"ez-toc-section-end\"><\/span><\/h2>\n","protected":false},"excerpt":{"rendered":"<p>&#46;&#46;&#46;<\/p>\n","protected":false},"author":1,"featured_media":14130,"comment_status":"open","ping_status":"closed","sticky":false,"template":"","format":"standard","meta":{"_themeisle_gutenberg_block_has_review":false,"footnotes":""},"categories":[2104],"tags":[2014,2141,2142],"class_list":["post-14129","post","type-post","status-publish","format-standard","has-post-thumbnail","hentry","category-gabon","tag-cames-conseil-africain-et-malgache-pour-lenseignement-superieur","tag-concours-au-gabon-2016-2017","tag-concours-fonction-publique-gabon-2016-2017"],"_links":{"self":[{"href":"https:\/\/kamerpower.com\/fr\/wp-json\/wp\/v2\/posts\/14129","targetHints":{"allow":["GET"]}}],"collection":[{"href":"https:\/\/kamerpower.com\/fr\/wp-json\/wp\/v2\/posts"}],"about":[{"href":"https:\/\/kamerpower.com\/fr\/wp-json\/wp\/v2\/types\/post"}],"author":[{"embeddable":true,"href":"https:\/\/kamerpower.com\/fr\/wp-json\/wp\/v2\/users\/1"}],"replies":[{"embeddable":true,"href":"https:\/\/kamerpower.com\/fr\/wp-json\/wp\/v2\/comments?post=14129"}],"version-history":[{"count":0,"href":"https:\/\/kamerpower.com\/fr\/wp-json\/wp\/v2\/posts\/14129\/revisions"}],"wp:featuredmedia":[{"embeddable":true,"href":"https:\/\/kamerpower.com\/fr\/wp-json\/wp\/v2\/media\/14130"}],"wp:attachment":[{"href":"https:\/\/kamerpower.com\/fr\/wp-json\/wp\/v2\/media?parent=14129"}],"wp:term":[{"taxonomy":"category","embeddable":true,"href":"https:\/\/kamerpower.com\/fr\/wp-json\/wp\/v2\/categories?post=14129"},{"taxonomy":"post_tag","embeddable":true,"href":"https:\/\/kamerpower.com\/fr\/wp-json\/wp\/v2\/tags?post=14129"}],"curies":[{"name":"wp","href":"https:\/\/api.w.org\/{rel}","templated":true}]}}