{"id":14876,"date":"2016-07-26T04:16:56","date_gmt":"2016-07-26T03:16:56","guid":{"rendered":"https:\/\/kamerpower.com\/fr\/?p=14876"},"modified":"2024-11-09T14:06:44","modified_gmt":"2024-11-09T13:06:44","slug":"concours-ucac-cameroun-faculte-de-philosophie-1ere-annee-de-licence","status":"publish","type":"post","link":"https:\/\/kamerpower.com\/fr\/concours-ucac-cameroun-faculte-de-philosophie-1ere-annee-de-licence\/","title":{"rendered":"Concours UCAC Cameroun Facult\u00e9 de Philosophie 1\u00e8re ann\u00e9e de licence 2024-2025"},"content":{"rendered":"<h3 style=\"text-align: center;\"><span style=\"font-weight: bold; color: #3366ff;\">Concours UCAC Cameroun Facult\u00e9 de Philosophie 1\u00e8re ann\u00e9e de licence 2024-2025.<\/span><\/h3>\n<p style=\"text-align: justify;\"><span style=\"color: #000000;\">Concours UCAC Cameroun Facult\u00e9 de Philosophie. La Facult\u00e9 de Philosophie organise un concours d\u2019entr\u00e9e en premi\u00e8re ann\u00e9e de Licence, le <span style=\"font-weight: bold;\">07 septembre 2023<\/span> \u00e0 7 h 30 pr\u00e9cises au campus de Nkolbisson (UCAC\/ICY) et dans les diff\u00e9rents centres d\u2019examen ci-dessous. Pour plus de renseignements, s\u2019adresser au secr\u00e9tariat de la Facult\u00e9, <span style=\"font-weight: bold;\">T\u00e9l<\/span> 242 05 95 23 \/ 242 23 74 00\/01. <span style=\"font-weight: bold;\">e-mail<\/span>:\u00a0fphiloucac@yahoo.fr<\/span><\/p>\n<p><span style=\"font-weight: bold; color: #000000;\">Le dossier \u00e0 d\u00e9poser dans les diff\u00e9rents centres est compos\u00e9 de :<\/span><\/p>\n<ul>\n<li><span style=\"color: #000000;\">une lettre manuscrite de motivation.<\/span><\/li>\n<li><span style=\"color: #000000;\">un curriculum vit\u00e6 : \u00e9tudes effectu\u00e9es (ann\u00e9e par ann\u00e9e, les \u00e9tudes secondaires et \u00e9ventuellement post\u00e9rieures), lieux, dipl\u00f4mes obtenus, activit\u00e9s diverses, etc.<\/span><\/li>\n<li><span style=\"color: #000000;\">deux photocopies l\u00e9galis\u00e9es d\u2019acte de naissance, deux photocopies l\u00e9galis\u00e9es du Baccalaur\u00e9at de l\u2019enseignement secondaire.<\/span><\/li>\n<li><span style=\"color: #000000;\">quatre photos d\u2019identit\u00e9. Kamerpower.com\u00a0<\/span><\/li>\n<li style=\"text-align: justify;\"><span style=\"color: #000000;\">un certificat m\u00e9dical datant de moins de deux mois.<\/span><\/li>\n<li><span style=\"color: #000000;\">\u00e9ventuellement une lettre de recommandation.<\/span><\/li>\n<li><span style=\"color: #000000;\">une somme de 15 000 FCFA pour frais.<\/span><\/li>\n<\/ul>\n<p style=\"text-align: center;\"><span style=\"font-weight: bold; color: #3366ff;\">ELEMENTS DE DOSSIER POUR NIVEAUX INTERMEDIAIRES (N.B. : En plus du dossier ci-dessus).<\/span><\/p>\n<ul>\n<li style=\"text-align: justify;\"><span style=\"color: #000000;\">2 photocopies l\u00e9galis\u00e9es des relev\u00e9s de notes et des dipl\u00f4mes obtenus dans l\u2019enseignement sup\u00e9rieur.<\/span><\/li>\n<\/ul>\n<p><span style=\"font-weight: bold; color: #ff0000;\">ADMISSION <\/span><span style=\"color: #000000;\">: Sur Etude de dossier.<\/span><\/p>\n<p style=\"text-align: justify;\"><span style=\"color: #000000;\">Date limite de d\u00e9p\u00f4t des dossiers : le <span style=\"font-weight: bold; color: #ff0000;\">vendredi 02 septembre 2023<\/span> pour la Session de septembre.<\/span><\/p>\n<p style=\"text-align: justify;\"><span style=\"color: #000000;\"><span style=\"font-weight: bold;\">NB.<\/span> : La Facult\u00e9 est ferm\u00e9e pendant tout le mois d\u2019Ao\u00fbt.<\/span><\/p>\n<h3 style=\"text-align: center;\"><span style=\"font-weight: bold; color: #3366ff;\">DIFFERENTS CENTRES\u00a0<a style=\"color: #3366ff;\" href=\"https:\/\/kamerpower.com\/fr\/anciennes-epreuves-concours-ucac-icam-sujets\/\">Concours UCAC Cameroun<\/a>.<\/span><\/h3>\n<p><span style=\"color: #000000;\"><span style=\"color: #ff0000;\"><b>Cameroun<\/b><\/span><b><span style=\"color: #ff0000;\">\u00a0\u00a0\u00a0<\/span>\u00a0\u00a0\u00a0\u00a0\u00a0\u00a0\u00a0\u00a0\u00a0\u00a0\u00a0\u00a0\u00a0\u00a0\u00a0\u00a0\u00a0\u00a0\u00a0\u00a0\u00a0\u00a0\u00a0\u00a0\u00a0\u00a0\u00a0\u00a0\u00a0\u00a0\u00a0\u00a0\u00a0\u00a0\u00a0\u00a0\u00a0\u00a0\u00a0\u00a0\u00a0\u00a0\u00a0\u00a0\u00a0\u00a0\u00a0\u00a0\u00a0\u00a0\u00a0\u00a0\u00a0\u00a0\u00a0\u00a0\u00a0\u00a0\u00a0\u00a0\u00a0\u00a0\u00a0\u00a0\u00a0\u00a0\u00a0 \u00a0\u00a0\u00a0\u00a0\u00a0\u00a0\u00a0\u00a0\u00a0\u00a0\u00a0\u00a0\u00a0\u00a0\u00a0\u00a0\u00a0\u00a0\u00a0\u00a0\u00a0\u00a0\u00a0\u00a0\u00a0\u00a0\u00a0\u00a0\u00a0\u00a0\u00a0\u00a0\u00a0\u00a0\u00a0\u00a0\u00a0\u00a0\u00a0\u00a0\u00a0\u00a0\u00a0\u00a0\u00a0\u00a0<span style=\"color: #ff0000;\"> Centrafrique<\/span><\/b><\/span><\/p>\n<p><span style=\"color: #000000;\">&#8211; Yaound\u00e9\u00a0: UCAC \u2013 Nkolbisson\u00a0\u00a0\u00a0\u00a0\u00a0\u00a0\u00a0\u00a0\u00a0\u00a0\u00a0\u00a0\u00a0\u00a0\u00a0\u00a0\u00a0\u00a0\u00a0\u00a0\u00a0\u00a0\u00a0\u00a0\u00a0\u00a0\u00a0\u00a0 \u00a0\u00a0\u00a0\u00a0\u00a0\u00a0\u00a0\u00a0\u00a0\u00a0\u00a0\u00a0\u00a0\u00a0\u00a0\u00a0\u00a0\u00a0\u00a0\u00a0\u00a0\u00a0\u00a0\u00a0\u00a0\u00a0\u00a0\u00a0\u00a0\u00a0\u00a0\u00a0\u00a0\u00a0\u00a0\u00a0\u00a0\u00a0\u00a0\u00a0\u00a0\u00a0\u00a0\u00a0\u00a0\u00a0\u00a0\u00a0\u00a0 &#8211; Bangui\u00a0: P\u00e8re Samedi Joseph, sj<\/span><\/p>\n<p><span style=\"color: #000000;\"><b>(237) <\/b>242 23 89 84<b> \u2013 (237) <\/b>242 05 95 23\u00a0\u00a0\u00a0\u00a0\u00a0\u00a0\u00a0\u00a0\u00a0\u00a0\u00a0\u00a0\u00a0\u00a0\u00a0\u00a0\u00a0\u00a0\u00a0\u00a0\u00a0\u00a0\u00a0\u00a0\u00a0\u00a0\u00a0\u00a0\u00a0\u00a0\u00a0\u00a0\u00a0\u00a0\u00a0\u00a0\u00a0\u00a0\u00a0\u00a0\u00a0\u00a0\u00a0\u00a0\u00a0\u00a0\u00a0\u00a0\u00a0\u00a0\u00a0\u00a0\u00a0\u00a0\u00a0\u00a0\u00a0\u00a0\u00a0\u00a0 <b>(236) <\/b>75 76 17 32<\/span><\/p>\n<p><span style=\"color: #000000;\">&#8211; Douala \u2013 Coll\u00e8ge Libermann<\/span><\/p>\n<p><span style=\"color: #000000;\"><b>\u00a0\u00a0\u00a0\u00a0\u00a0 (237) <\/b>233 42 28 90\u00a0\u00a0\u00a0\u00a0\u00a0 <b>\u00a0\u00a0\u00a0\u00a0\u00a0\u00a0\u00a0\u00a0\u00a0\u00a0\u00a0\u00a0\u00a0\u00a0\u00a0\u00a0\u00a0\u00a0\u00a0\u00a0\u00a0\u00a0\u00a0\u00a0\u00a0\u00a0\u00a0\u00a0\u00a0\u00a0<\/b><\/span><\/p>\n<p><span style=\"color: #000000;\"><span style=\"color: #ff0000;\"><b>Gabon<\/b><\/span><b><span style=\"color: #ff0000;\">\u00a0\u00a0\u00a0<\/span>\u00a0\u00a0\u00a0\u00a0\u00a0\u00a0\u00a0\u00a0\u00a0\u00a0\u00a0\u00a0\u00a0\u00a0\u00a0\u00a0\u00a0\u00a0\u00a0\u00a0\u00a0\u00a0\u00a0\u00a0\u00a0\u00a0\u00a0\u00a0\u00a0\u00a0\u00a0\u00a0\u00a0\u00a0\u00a0\u00a0\u00a0\u00a0\u00a0\u00a0\u00a0\u00a0\u00a0\u00a0\u00a0\u00a0\u00a0\u00a0\u00a0\u00a0\u00a0\u00a0\u00a0\u00a0\u00a0\u00a0\u00a0\u00a0\u00a0\u00a0\u00a0\u00a0\u00a0\u00a0\u00a0\u00a0\u00a0\u00a0\u00a0\u00a0\u00a0\u00a0\u00a0\u00a0\u00a0\u00a0\u00a0 \u00a0\u00a0\u00a0\u00a0\u00a0\u00a0\u00a0\u00a0\u00a0\u00a0\u00a0\u00a0\u00a0\u00a0\u00a0\u00a0\u00a0\u00a0\u00a0\u00a0\u00a0\u00a0\u00a0\u00a0\u00a0\u00a0\u00a0\u00a0\u00a0\u00a0\u00a0\u00a0\u00a0\u00a0\u00a0\u00a0\u00a0\u00a0\u00a0\u00a0\u00a0\u00a0 <span style=\"color: #ff0000;\">\u00a0Burundi\u00a0<\/span><\/b><\/span><\/p>\n<p><span style=\"color: #000000;\"><b>&#8211; Libreville\u00a0: Grand S\u00e9minaire <\/b>(P\u00e8re Patrick Edou)<b>\u00a0\u00a0\u00a0\u00a0\u00a0\u00a0\u00a0\u00a0\u00a0\u00a0\u00a0\u00a0\u00a0\u00a0\u00a0\u00a0\u00a0\u00a0\u00a0\u00a0\u00a0\u00a0\u00a0\u00a0\u00a0\u00a0 \u00a0\u00a0\u00a0\u00a0\u00a0\u00a0\u00a0\u00a0\u00a0\u00a0\u00a0\u00a0\u00a0\u00a0 &#8211; <\/b>P\u00e8re D\u00e9sir\u00e9 Yamuremye,sj<\/span><\/p>\n<p><span style=\"color: #000000;\"><b>&#8211; Franceville \u2013 Oyem \u2013 Port-Gentil \u2013 Bitam &#8211; Lambar\u00e9n\u00e9\u00a0\u00a0\u00a0\u00a0\u00a0\u00a0\u00a0\u00a0\u00a0\u00a0\u00a0\u00a0 \u00a0\u00a0\u00a0\u00a0\u00a0\u00a0\u00a0 \u00a0\u00a0\u00a0\u00a0\u00a0\u00a0\u00a0 <\/b>(257) 22 22 62 87 \/ 77 77 48 81<\/span><\/p>\n<p><span style=\"color: #000000;\">(Mme Paule BILE) 237\u00a0699 52 60 39 <span id=\"cloak3813\"><a style=\"color: #000000;\" href=\"mailto:pachbile@yahoo.fr\">pachbile@yahoo.fr<\/a><\/span>\u00a0\u00a0\u00a0\u00a0\u00a0\u00a0\u00a0\u00a0\u00a0\u00a0\u00a0\u00a0\u00a0\u00a0\u00a0\u00a0\u00a0\u00a0\u00a0\u00a0\u00a0\u00a0\u00a0\u00a0\u00a0\u00a0\u00a0\u00a0\u00a0\u00a0\u00a0\u00a0\u00a0\u00a0<\/span><\/p>\n<p><span style=\"color: #000000;\"><span style=\"color: #ff0000;\"><b>Congo Brazzaville<\/b><\/span><b><span style=\"color: #ff0000;\">\u00a0\u00a0<\/span>\u00a0\u00a0\u00a0\u00a0\u00a0\u00a0\u00a0\u00a0\u00a0\u00a0\u00a0\u00a0\u00a0\u00a0\u00a0\u00a0\u00a0\u00a0\u00a0\u00a0\u00a0\u00a0\u00a0\u00a0\u00a0\u00a0\u00a0\u00a0\u00a0\u00a0\u00a0\u00a0\u00a0\u00a0\u00a0\u00a0\u00a0\u00a0\u00a0\u00a0\u00a0\u00a0\u00a0\u00a0\u00a0\u00a0\u00a0\u00a0\u00a0\u00a0\u00a0\u00a0\u00a0\u00a0\u00a0\u00a0\u00a0\u00a0\u00a0\u00a0\u00a0\u00a0\u00a0\u00a0\u00a0\u00a0\u00a0\u00a0\u00a0\u00a0\u00a0\u00a0\u00a0\u00a0\u00a0\u00a0\u00a0\u00a0\u00a0\u00a0\u00a0\u00a0\u00a0\u00a0\u00a0\u00a0\u00a0\u00a0\u00a0\u00a0\u00a0\u00a0\u00a0\u00a0\u00a0\u00a0\u00a0\u00a0\u00a0\u00a0\u00a0\u00a0\u00a0<span style=\"color: #ff0000;\"> Rwanda<\/span><\/b><\/span><\/p>\n<p><span style=\"color: #000000;\">&#8211;\u00a0\u00a0 Brazzaville\u00a0: P\u00e8re Bitemo Saturnin (242) 069\u00a0218\u00a0530\u00a0\u00a0\u00a0\u00a0\u00a0\u00a0\u00a0\u00a0\u00a0\u00a0\u00a0\u00a0\u00a0\u00a0\u00a0\u00a0\u00a0\u00a0\u00a0\u00a0\u00a0\u00a0\u00a0\u00a0\u00a0\u00a0\u00a0\u00a0\u00a0\u00a0\u00a0\u00a0\u00a0\u00a0\u00a0\u00a0\u00a0\u00a0\u00a0 &#8211; P\u00e8re Augustin Karekezi, sj<\/span><\/p>\n<p><span style=\"color: #000000;\">&#8211;\u00a0\u00a0 Pointe Noire\u00a0: IST-AC\u00a0\u00a0\u00a0\u00a0\u00a0\u00a0\u00a0\u00a0\u00a0\u00a0\u00a0\u00a0\u00a0\u00a0\u00a0\u00a0\u00a0\u00a0\u00a0\u00a0\u00a0\u00a0\u00a0\u00a0\u00a0\u00a0\u00a0\u00a0\u00a0\u00a0\u00a0\u00a0\u00a0\u00a0\u00a0\u00a0\u00a0\u00a0\u00a0\u00a0\u00a0\u00a0\u00a0\u00a0\u00a0\u00a0\u00a0\u00a0\u00a0\u00a0\u00a0\u00a0\u00a0\u00a0\u00a0\u00a0\u00a0\u00a0\u00a0\u00a0\u00a0\u00a0\u00a0\u00a0\u00a0\u00a0\u00a0\u00a0\u00a0\u00a0\u00a0\u00a0\u00a0\u00a0\u00a0\u00a0\u00a0\u00a0\u00a0\u00a0\u00a0\u00a0\u00a0\u00a0\u00a0\u00a0\u00a0\u00a0\u00a0\u00a0\u00a0\u00a0\u00a0\u00a0\u00a0\u00a0\u00a0\u00a0 (250) 788410496<\/span><\/p>\n<p><span style=\"color: #000000;\"><span style=\"color: #ff0000;\"><b>Tchad<\/b>\u00a0<\/span>\u00a0\u00a0\u00a0\u00a0\u00a0\u00a0\u00a0\u00a0\u00a0\u00a0\u00a0\u00a0\u00a0\u00a0\u00a0\u00a0\u00a0\u00a0\u00a0\u00a0\u00a0\u00a0\u00a0\u00a0\u00a0\u00a0\u00a0\u00a0\u00a0\u00a0\u00a0\u00a0\u00a0\u00a0\u00a0\u00a0\u00a0\u00a0\u00a0\u00a0\u00a0\u00a0\u00a0\u00a0\u00a0\u00a0\u00a0\u00a0\u00a0\u00a0\u00a0\u00a0\u00a0\u00a0\u00a0\u00a0\u00a0\u00a0\u00a0\u00a0\u00a0\u00a0\u00a0\u00a0\u00a0\u00a0\u00a0\u00a0\u00a0\u00a0\u00a0\u00a0\u00a0\u00a0\u00a0\u00a0\u00a0\u00a0\u00a0\u00a0\u00a0\u00a0\u00a0\u00a0\u00a0\u00a0\u00a0\u00a0\u00a0\u00a0\u00a0\u00a0\u00a0\u00a0\u00a0\u00a0\u00a0\u00a0\u00a0\u00a0\u00a0\u00a0\u00a0\u00a0\u00a0\u00a0\u00a0\u00a0\u00a0\u00a0\u00a0\u00a0\u00a0\u00a0\u00a0\u00a0\u00a0\u00a0\u00a0\u00a0\u00a0\u00a0\u00a0\u00a0\u00a0\u00a0\u00a0<span style=\"color: #ff0000;\"> <b>Congo D\u00e9mocratique<\/b><\/span><\/span><\/p>\n<p><span style=\"color: #000000;\">&#8211;\u00a0\u00a0 Sarh\u00a0: Coll\u00e8ge Saint Charles Lwanga\u00a0\u00a0\u00a0\u00a0\u00a0\u00a0\u00a0\u00a0\u00a0\u00a0\u00a0\u00a0\u00a0\u00a0\u00a0\u00a0\u00a0\u00a0\u00a0\u00a0\u00a0\u00a0\u00a0\u00a0\u00a0\u00a0\u00a0\u00a0\u00a0\u00a0\u00a0\u00a0\u00a0\u00a0\u00a0\u00a0\u00a0\u00a0\u00a0\u00a0\u00a0\u00a0\u00a0\u00a0\u00a0\u00a0\u00a0\u00a0\u00a0\u00a0\u00a0\u00a0\u00a0\u00a0\u00a0\u00a0\u00a0\u00a0\u00a0\u00a0\u00a0\u00a0\u00a0\u00a0\u00a0\u00a0\u00a0\u00a0 &#8211; Kinshasa\u00a0: Coll\u00e8ge Boboto<\/span><\/p>\n<p><span style=\"color: #000000;\">P\u00e8re Djimouguinan (235) 66 74 36 93\u00a0\u00a0\u00a0\u00a0\u00a0\u00a0\u00a0\u00a0\u00a0\u00a0\u00a0\u00a0\u00a0\u00a0\u00a0\u00a0\u00a0\u00a0\u00a0\u00a0\u00a0\u00a0\u00a0\u00a0\u00a0\u00a0\u00a0\u00a0\u00a0\u00a0\u00a0\u00a0\u00a0\u00a0\u00a0\u00a0\u00a0\u00a0\u00a0\u00a0\u00a0\u00a0\u00a0\u00a0\u00a0\u00a0\u00a0\u00a0\u00a0\u00a0\u00a0\u00a0\u00a0\u00a0\u00a0\u00a0\u00a0\u00a0\u00a0\u00a0\u00a0\u00a0\u00a0\u00a0\u00a0\u00a0 &#8211; Bukavu\u00a0: Coll\u00e8ge Alfa Djiri<\/span><\/p>\n<p><span style=\"color: #000000;\">&#8211;\u00a0\u00a0 Moundou\u00a0: Samanger Valentin\u00a0\u00a0\u00a0\u00a0\u00a0\u00a0\u00a0\u00a0\u00a0\u00a0\u00a0\u00a0\u00a0\u00a0\u00a0\u00a0\u00a0\u00a0\u00a0\u00a0\u00a0\u00a0\u00a0\u00a0\u00a0\u00a0\u00a0\u00a0\u00a0\u00a0\u00a0\u00a0\u00a0\u00a0\u00a0\u00a0\u00a0\u00a0\u00a0\u00a0\u00a0\u00a0\u00a0\u00a0\u00a0\u00a0\u00a0\u00a0\u00a0\u00a0\u00a0\u00a0\u00a0\u00a0\u00a0\u00a0\u00a0\u00a0\u00a0\u00a0\u00a0\u00a0\u00a0\u00a0\u00a0\u00a0\u00a0\u00a0\u00a0\u00a0\u00a0\u00a0\u00a0\u00a0\u00a0\u00a0\u00a0\u00a0<\/span><\/p>\n<p><span style=\"color: #000000;\">&#8211;\u00a0\u00a0 N\u2019Djamena\u00a0: Coll\u00e8ge Sacr\u00e9 C\u0153ur\u00a0\u00a0\u00a0<\/span><\/p>\n<p><span style=\"color: #000000;\"><strong>Recommandation<\/strong><\/span><\/p>\n<ul>\n<li><a href=\"https:\/\/kamerpower.com\/fr\/concours-dentree-en-ucac-1ere-annee-philosophie-2015-2016-universite-catholique-dafrique-centrale-de-yaounde\/\"><strong>Concours d&#8217;entr\u00e9e en UCAC 1\u00e8re ann\u00e9e Philosophie<\/strong><\/a><\/li>\n<li><a href=\"https:\/\/kamerpower.com\/fr\/universite-catholique-dafrique-centrale-yaounde-ucac\/\"><strong>Universit\u00e9 catholique d&#8217;afrique centrale Yaound\u00e9 UCAC.<\/strong><\/a><\/li>\n<\/ul>\n<h2 style=\"text-align: center;\"><span style=\"font-weight: bold; color: #3366ff;\">Concours UCAC Cameroun Facult\u00e9 de Philosophie 1\u00e8re ann\u00e9e de licence 2024-2025.<\/span><\/h2>\n","protected":false},"excerpt":{"rendered":"<p>&#46;&#46;&#46;<\/p>\n","protected":false},"author":1,"featured_media":4801,"comment_status":"open","ping_status":"closed","sticky":false,"template":"","format":"standard","meta":{"_themeisle_gutenberg_block_has_review":false,"footnotes":""},"categories":[66],"tags":[1857,1837],"class_list":["post-14876","post","type-post","status-publish","format-standard","has-post-thumbnail","hentry","category-concours","tag-epreuves-concours-de-lucac-universite-catholique-dafrique-centrale","tag-universite-catholique-dafrique-centrale"],"_links":{"self":[{"href":"https:\/\/kamerpower.com\/fr\/wp-json\/wp\/v2\/posts\/14876","targetHints":{"allow":["GET"]}}],"collection":[{"href":"https:\/\/kamerpower.com\/fr\/wp-json\/wp\/v2\/posts"}],"about":[{"href":"https:\/\/kamerpower.com\/fr\/wp-json\/wp\/v2\/types\/post"}],"author":[{"embeddable":true,"href":"https:\/\/kamerpower.com\/fr\/wp-json\/wp\/v2\/users\/1"}],"replies":[{"embeddable":true,"href":"https:\/\/kamerpower.com\/fr\/wp-json\/wp\/v2\/comments?post=14876"}],"version-history":[{"count":0,"href":"https:\/\/kamerpower.com\/fr\/wp-json\/wp\/v2\/posts\/14876\/revisions"}],"wp:featuredmedia":[{"embeddable":true,"href":"https:\/\/kamerpower.com\/fr\/wp-json\/wp\/v2\/media\/4801"}],"wp:attachment":[{"href":"https:\/\/kamerpower.com\/fr\/wp-json\/wp\/v2\/media?parent=14876"}],"wp:term":[{"taxonomy":"category","embeddable":true,"href":"https:\/\/kamerpower.com\/fr\/wp-json\/wp\/v2\/categories?post=14876"},{"taxonomy":"post_tag","embeddable":true,"href":"https:\/\/kamerpower.com\/fr\/wp-json\/wp\/v2\/tags?post=14876"}],"curies":[{"name":"wp","href":"https:\/\/api.w.org\/{rel}","templated":true}]}}