{"id":15753,"date":"2016-09-18T12:32:05","date_gmt":"2016-09-18T11:32:05","guid":{"rendered":"https:\/\/kamerpower.com\/fr\/?p=15753"},"modified":"2024-02-23T21:46:10","modified_gmt":"2024-02-23T20:46:10","slug":"ministere-de-la-jeunesse-et-de-leducation-civique-du-cameroun","status":"publish","type":"post","link":"https:\/\/kamerpower.com\/fr\/ministere-de-la-jeunesse-et-de-leducation-civique-du-cameroun\/","title":{"rendered":"Minist\u00e8re de la jeunesse et de l&#8217;\u00e9ducation civique du cameroun MINJEC"},"content":{"rendered":"<h3 style=\"text-align: center;\"><span style=\"font-weight: bold; color: #3366ff;\">Minist\u00e8re de la jeunesse et de l&#8217;\u00e9ducation civique du cameroun MINJEC.<\/span><\/h3>\n<p style=\"text-align: justify;\"><span style=\"color: #000000;\"><a href=\"https:\/\/kamerpower.com\/fr\/minjec-recrutement-special-1500-jeunes-pour-des-formations-professionnelles\/\"><span style=\"font-weight: bold;\">MINJEC Cameroun<\/span><\/a> Minist\u00e8re de la jeunesse et de l&#8217;\u00e9ducation civique du cameroun.\u00a0nom du ministre de la jeunesse au cameroun. kamerpower.com<\/span><\/p>\n<p style=\"text-align: justify;\"><span style=\"color: #000000;\">Le <span style=\"font-weight: bold;\">Minist\u00e8re de la Jeunesse et de l\u2019Education Civique<\/span> est responsable de l\u2019\u00e9laboration et de la mise en oeuvre de la politique du Gouvernement dans le domaine de la jeunesse, de l\u2019\u00e9ducation civique et de la promotion de l\u2019int\u00e9gration nationale. A ce titre, il est charg\u00e9:<\/span><\/p>\n<p><img decoding=\"async\" class=\"aligncenter size-full wp-image-15754\" src=\"https:\/\/kamerpower.com\/wp-content\/uploads\/2016\/09\/Minist\u00e8re-de-la-jeunesse-et-de-l\u00e9ducation-civique-du-cameroun-MINJEC-Cameroun..png\" alt=\"Concours MINJEC Minist\u00e8re de la jeunesse et de l'\u00e9ducation civique du cameroun MINJEC Cameroun\" width=\"240\" height=\"210\" \/><\/p>\n<p style=\"text-align: justify;\">\n<ul>\n<li style=\"text-align: justify;\"><span style=\"color: #000000;\">de l\u2019\u00e9laboration et de la mise en oeuvre des strat\u00e9gies appropri\u00e9es pour faciliter la contribution de la jeunesse au d\u00e9veloppement du pays et \u00e0 la promotion des valeurs de paix, de travail, de d\u00e9mocratie et de solidarit\u00e9 ;<\/span><\/li>\n<li><span style=\"color: #000000;\">de l\u2019\u00e9ducation citoyenne et morale de la jeunesse.<\/span><\/li>\n<li style=\"text-align: justify;\"><span style=\"color: #000000;\">de la prise en compte des pr\u00e9occupations des jeunes dans les strat\u00e9gies de d\u00e9veloppement dans les diff\u00e9rents secteurs.\u00a0<\/span><\/li>\n<li style=\"text-align: justify;\"><span style=\"color: #000000;\">de l\u2019insertion sociale des jeunes ruraux et urbains.\u00a0<\/span><\/li>\n<li><span style=\"color: #000000;\">de la promotion de l\u2019int\u00e9gration nationale.\u00a0<\/span><\/li>\n<li style=\"text-align: justify;\"><span style=\"color: #000000;\">de la promotion \u00e9conomique et sociale des jeunes et de leurs associations.\u00a0<\/span><\/li>\n<li style=\"text-align: justify;\"><span style=\"color: #000000;\">du suivi des activit\u00e9s des mouvements de jeunesse.<\/span><\/li>\n<\/ul>\n<p style=\"text-align: justify;\"><span style=\"color: #000000;\">Il suit les programmes gouvernementaux d\u2019appui destin\u00e9s \u00e0 l\u2019encadrement des jeunes en milieu urbain et\/ou rural et exerce la tutelle sur les organismes relevant de son domaine de comp\u00e9tence notamment:<\/span><\/p>\n<p style=\"text-align: justify;\"><img decoding=\"async\" class=\"aligncenter size-full wp-image-15754\" src=\"https:\/\/kamerpower.com\/wp-content\/uploads\/2016\/09\/Minist\u00e8re-de-la-jeunesse-et-de-l\u00e9ducation-civique-du-cameroun-MINJEC-Cameroun..png\" alt=\"Minist\u00e8re de la jeunesse et de l'\u00e9ducation civique du cameroun MINJEC Cameroun\" width=\"240\" height=\"210\" \/><\/p>\n<ul>\n<li style=\"text-align: justify;\"><span style=\"color: #000000;\">le Service Civique National de Participation au D\u00e9veloppement.\u00a0<\/span><\/li>\n<li><span style=\"color: #000000;\">le Conseil National de la Jeunesse.<\/span><\/li>\n<\/ul>\n<h2 style=\"text-align: center;\"><span style=\"font-weight: bold; color: #3366ff;\">Minist\u00e8re de la jeunesse et de l&#8217;\u00e9ducation civique du cameroun MINJEC.<\/span><\/h2>\n","protected":false},"excerpt":{"rendered":"<p>&#46;&#46;&#46;<\/p>\n","protected":false},"author":1,"featured_media":15754,"comment_status":"open","ping_status":"closed","sticky":false,"template":"","format":"standard","meta":{"_themeisle_gutenberg_block_has_review":false,"footnotes":""},"categories":[103],"tags":[2322,1955],"class_list":["post-15753","post","type-post","status-publish","format-standard","has-post-thumbnail","hentry","category-cameroun","tag-minjec-cameroun","tag-portail-du-gouvernement-du-cameroun"],"_links":{"self":[{"href":"https:\/\/kamerpower.com\/fr\/wp-json\/wp\/v2\/posts\/15753","targetHints":{"allow":["GET"]}}],"collection":[{"href":"https:\/\/kamerpower.com\/fr\/wp-json\/wp\/v2\/posts"}],"about":[{"href":"https:\/\/kamerpower.com\/fr\/wp-json\/wp\/v2\/types\/post"}],"author":[{"embeddable":true,"href":"https:\/\/kamerpower.com\/fr\/wp-json\/wp\/v2\/users\/1"}],"replies":[{"embeddable":true,"href":"https:\/\/kamerpower.com\/fr\/wp-json\/wp\/v2\/comments?post=15753"}],"version-history":[{"count":0,"href":"https:\/\/kamerpower.com\/fr\/wp-json\/wp\/v2\/posts\/15753\/revisions"}],"wp:featuredmedia":[{"embeddable":true,"href":"https:\/\/kamerpower.com\/fr\/wp-json\/wp\/v2\/media\/15754"}],"wp:attachment":[{"href":"https:\/\/kamerpower.com\/fr\/wp-json\/wp\/v2\/media?parent=15753"}],"wp:term":[{"taxonomy":"category","embeddable":true,"href":"https:\/\/kamerpower.com\/fr\/wp-json\/wp\/v2\/categories?post=15753"},{"taxonomy":"post_tag","embeddable":true,"href":"https:\/\/kamerpower.com\/fr\/wp-json\/wp\/v2\/tags?post=15753"}],"curies":[{"name":"wp","href":"https:\/\/api.w.org\/{rel}","templated":true}]}}