{"id":18057,"date":"2017-03-13T23:08:21","date_gmt":"2017-03-13T22:08:21","guid":{"rendered":"https:\/\/kamerpower.com\/?p=18057\/"},"modified":"2024-11-11T11:49:12","modified_gmt":"2024-11-11T10:49:12","slug":"minepat-recrutement-au-centre-technique-agro-alimentaire","status":"publish","type":"post","link":"https:\/\/kamerpower.com\/fr\/minepat-recrutement-au-centre-technique-agro-alimentaire\/","title":{"rendered":"MINEPAT recrutement au Centre Technique Agro Alimentaire"},"content":{"rendered":"<div id=\"ez-toc-container\" class=\"ez-toc-v2_0_82_2 counter-hierarchy ez-toc-counter ez-toc-custom ez-toc-container-direction\">\n<p class=\"ez-toc-title\" style=\"cursor:inherit\">Contents<\/p>\n<label for=\"ez-toc-cssicon-toggle-item-69f19cce5bd8d\" class=\"ez-toc-cssicon-toggle-label\"><span class=\"ez-toc-cssicon\"><span class=\"eztoc-hide\" style=\"display:none;\">Toggle<\/span><span class=\"ez-toc-icon-toggle-span\"><svg style=\"fill: #000000;color:#000000\" xmlns=\"http:\/\/www.w3.org\/2000\/svg\" class=\"list-377408\" width=\"20px\" height=\"20px\" viewBox=\"0 0 24 24\" fill=\"none\"><path d=\"M6 6H4v2h2V6zm14 0H8v2h12V6zM4 11h2v2H4v-2zm16 0H8v2h12v-2zM4 16h2v2H4v-2zm16 0H8v2h12v-2z\" fill=\"currentColor\"><\/path><\/svg><svg style=\"fill: #000000;color:#000000\" class=\"arrow-unsorted-368013\" xmlns=\"http:\/\/www.w3.org\/2000\/svg\" width=\"10px\" height=\"10px\" viewBox=\"0 0 24 24\" version=\"1.2\" baseProfile=\"tiny\"><path d=\"M18.2 9.3l-6.2-6.3-6.2 6.3c-.2.2-.3.4-.3.7s.1.5.3.7c.2.2.4.3.7.3h11c.3 0 .5-.1.7-.3.2-.2.3-.5.3-.7s-.1-.5-.3-.7zM5.8 14.7l6.2 6.3 6.2-6.3c.2-.2.3-.5.3-.7s-.1-.5-.3-.7c-.2-.2-.4-.3-.7-.3h-11c-.3 0-.5.1-.7.3-.2.2-.3.5-.3.7s.1.5.3.7z\"\/><\/svg><\/span><\/span><\/label><input type=\"checkbox\"  id=\"ez-toc-cssicon-toggle-item-69f19cce5bd8d\"  aria-label=\"Toggle\" \/><nav><ul class='ez-toc-list ez-toc-list-level-1 ' ><ul class='ez-toc-list-level-3' ><li class='ez-toc-heading-level-3'><a class=\"ez-toc-link ez-toc-heading-1\" href=\"https:\/\/kamerpower.com\/fr\/minepat-recrutement-au-centre-technique-agro-alimentaire\/#minepat-recrutement-au-centre-technique-agro-alimentaire-cta\" >MINEPAT recrutement au\u00a0Centre Technique Agro Alimentaire (CTA).<\/a><\/li><li class='ez-toc-page-1 ez-toc-heading-level-3'><a class=\"ez-toc-link ez-toc-heading-2\" href=\"https:\/\/kamerpower.com\/fr\/minepat-recrutement-au-centre-technique-agro-alimentaire\/#i-descriptionprofil-des-postes\" >I- DESCRIPTION\/PROFIL DES POSTES<\/a><ul class='ez-toc-list-level-4' ><li class='ez-toc-heading-level-4'><a class=\"ez-toc-link ez-toc-heading-3\" href=\"https:\/\/kamerpower.com\/fr\/minepat-recrutement-au-centre-technique-agro-alimentaire\/#a-directeur-du-centre\" >A)- Directeur du Centre.<\/a><\/li><li class='ez-toc-page-1 ez-toc-heading-level-4'><a class=\"ez-toc-link ez-toc-heading-4\" href=\"https:\/\/kamerpower.com\/fr\/minepat-recrutement-au-centre-technique-agro-alimentaire\/#b-responsable-des-etudes-et-des-diagnostics\" >B)- Responsable des Etudes et des Diagnostics.<\/a><\/li><li class='ez-toc-page-1 ez-toc-heading-level-4'><a class=\"ez-toc-link ez-toc-heading-5\" href=\"https:\/\/kamerpower.com\/fr\/minepat-recrutement-au-centre-technique-agro-alimentaire\/#c-responsable-normes-et-qualites\" >C)- Responsable Normes et Qualit\u00e9s.<\/a><\/li><li class='ez-toc-page-1 ez-toc-heading-level-4'><a class=\"ez-toc-link ez-toc-heading-6\" href=\"https:\/\/kamerpower.com\/fr\/minepat-recrutement-au-centre-technique-agro-alimentaire\/#d-responsable-de-la-formation-et-de-linformation\" >D)- Responsable de la Formation et de l\u2019Information.<\/a><\/li><li class='ez-toc-page-1 ez-toc-heading-level-4'><a class=\"ez-toc-link ez-toc-heading-7\" href=\"https:\/\/kamerpower.com\/fr\/minepat-recrutement-au-centre-technique-agro-alimentaire\/#e-responsable-administratif-et-financier\" >E)- Responsable Administratif et Financier<\/a><\/li><\/ul><\/li><li class='ez-toc-page-1 ez-toc-heading-level-3'><a class=\"ez-toc-link ez-toc-heading-8\" href=\"https:\/\/kamerpower.com\/fr\/minepat-recrutement-au-centre-technique-agro-alimentaire\/#ii-composition-du-dossier\" >II- COMPOSITION DU DOSSIER :<\/a><\/li><li class='ez-toc-page-1 ez-toc-heading-level-3'><a class=\"ez-toc-link ez-toc-heading-9\" href=\"https:\/\/kamerpower.com\/fr\/minepat-recrutement-au-centre-technique-agro-alimentaire\/#iii-delai-et-lieu-de-recevabilite\" >III- D\u00e9lai et lieu de recevabilit\u00e9<\/a><\/li><\/ul><\/li><li class='ez-toc-page-1 ez-toc-heading-level-2'><a class=\"ez-toc-link ez-toc-heading-10\" href=\"https:\/\/kamerpower.com\/fr\/minepat-recrutement-au-centre-technique-agro-alimentaire\/#minepat-recrutement-au-centre-technique-agro-alimentaire-cta-2\" >MINEPAT recrutement au\u00a0Centre Technique Agro Alimentaire (CTA).<\/a><\/li><\/ul><\/nav><\/div>\n<h3 style=\"text-align: center;\"><span class=\"ez-toc-section\" id=\"minepat-recrutement-au-centre-technique-agro-alimentaire-cta\"><\/span><span style=\"color: #3366ff;\"><strong>MINEPAT recrutement au\u00a0Centre Technique Agro Alimentaire (CTA).<\/strong><\/span><span class=\"ez-toc-section-end\"><\/span><\/h3>\n<p style=\"text-align: justify;\">MINEPAT recrutement au Centre Technique Agro Alimentaire (<strong>CTA<\/strong>).\u00a0Le <a href=\"https:\/\/kamerpower.com\/fr\/minepat-cameroun-recrutement-des-personnels\/\"><strong>MINEPAT<\/strong>\u00a0<strong>Cameroun<\/strong> recrute<\/a> des personnels pour le <strong>Centre Technique Agro Alimentaire<\/strong>.\u00a0Ministre de L\u2019Economie, de la Planification et de L\u2019Am\u00e9nagement du Territoire lance un appel \u00e0 candidatures pour le recrutement des personnels du Centre Technique Agro alimentaire (<strong>CTA<\/strong>). kamerpower.com<\/p>\n<p style=\"text-align: justify;\"><img decoding=\"async\" class=\"aligncenter wp-image-17333 size-full\" src=\"https:\/\/kamerpower.com\/wp-content\/uploads\/2017\/01\/MINEPAT-Cameroun-recrutement-des-personnels-2017-2018-actu-organigramme.png\" alt=\"MINEPAT Cameroun recrutement des personnels \" width=\"250\" height=\"250\" srcset=\"https:\/\/kamerpower.com\/wp-content\/uploads\/2017\/01\/MINEPAT-Cameroun-recrutement-des-personnels-2017-2018-actu-organigramme-300x300.png 300w, https:\/\/kamerpower.com\/wp-content\/uploads\/2017\/01\/MINEPAT-Cameroun-recrutement-des-personnels-2017-2018-actu-organigramme-100x100.png 100w, https:\/\/kamerpower.com\/wp-content\/uploads\/2017\/01\/MINEPAT-Cameroun-recrutement-des-personnels-2017-2018-actu-organigramme-150x150.png 150w, https:\/\/kamerpower.com\/wp-content\/uploads\/2017\/01\/MINEPAT-Cameroun-recrutement-des-personnels-2017-2018-actu-organigramme-96x96.png 96w\" sizes=\"(max-width: 250px) 100vw, 250px\" \/><\/p>\n<p style=\"text-align: justify;\">Dans cette perspective, le Ministre de l\u2019\u00e9conomie, de la planification et de l\u2019am\u00e9nagement du territoire lance le pr\u00e9sent appel \u00e0 candidatures pour le recrutement des personnels ci-apr\u00e8s :<\/p>\n<ul>\n<li>Un directeur du centre.<\/li>\n<li>Un responsable des \u00e9tudes et des diagnostics d\u2019entreprises.<\/li>\n<li>Un responsable normes et qualit\u00e9s.<\/li>\n<li>Un responsable de la formation et de l\u2019information.<\/li>\n<li>Un responsable administratif et financier.<\/li>\n<\/ul>\n<h3 style=\"text-align: center;\"><span class=\"ez-toc-section\" id=\"i-descriptionprofil-des-postes\"><\/span><span style=\"color: #3366ff;\"><strong>I- DESCRIPTION\/PROFIL DES POSTES<\/strong><\/span><span class=\"ez-toc-section-end\"><\/span><\/h3>\n<p style=\"text-align: justify;\">Pour faire acte de candidatures, toute personne de nationalit\u00e9 Camerounaise r\u00e9pondant a l\u2019un des profils suivants :<\/p>\n<h4><span class=\"ez-toc-section\" id=\"a-directeur-du-centre\"><\/span><span style=\"color: #ff0000;\"><strong>A)- Directeur du Centre.<\/strong><\/span><span class=\"ez-toc-section-end\"><\/span><\/h4>\n<p>Niveau d\u2019\u00e9tude et exp\u00e9riences professionnelle<\/p>\n<ul>\n<li style=\"text-align: justify;\">Dipl\u00f4me de niveau BAC+5 au moins dans les domaines du management, du g\u00e9nie agro-alimentaire, des proc\u00e8des et d\u2019autres fili\u00e8res scientifiques \u00e9quivalentes, dont le titulaire fait preuve d\u2019une notori\u00e9t\u00e9 av\u00e9r\u00e9e. La possession d\u2019un dipl\u00f4me d\u2019ing\u00e9nieur en agro-alimentaire, ou profils scientifiques assimile \u00e9tant un atout.<\/li>\n<li style=\"text-align: justify;\">Une exp\u00e9rience minimale de 10 ans, dans les fonctions de direction dans une entreprise de notori\u00e9t\u00e9 reconnue ou un organisme international.<\/li>\n<li style=\"text-align: justify;\">Capacit\u00e9s d\u2019animer un r\u00e9seau d\u2019acteurs vari\u00e9s : experts, cat\u00e9gorie socioprofessionnelles, administrations, impliquant entre autre un sens du contact et une capacit\u00e9 de parole en public.<\/li>\n<li style=\"text-align: justify;\">Une exp\u00e9rience dans la pr\u00e9paration, l\u2019\u00e9valuation et la gestion de l\u2019ex\u00e9cution des projets financiers par les donateurs sera un avantage.<\/li>\n<li style=\"text-align: justify;\">Maitrise des logicielles standards (Word, Excel, Outlook, PowerPoint).<\/li>\n<li style=\"text-align: justify;\">Justifier des capacit\u00e9s d\u2019organisation, de planification, de conception, de recherche et d\u2019analyse.<\/li>\n<\/ul>\n<h4><span class=\"ez-toc-section\" id=\"b-responsable-des-etudes-et-des-diagnostics\"><\/span><span style=\"color: #ff0000;\"><strong>B)- Responsable des Etudes et des Diagnostics.<\/strong><\/span><span class=\"ez-toc-section-end\"><\/span><\/h4>\n<p>Niveau d\u2019\u00e9tude et exp\u00e9riences professionnelle<\/p>\n<ul>\n<li style=\"text-align: justify;\">Dipl\u00f4me de niveau BAC+5 au moins dans les domaines du g\u00e9nie agro-alimentaire, des proc\u00e8des et d\u2019autres fili\u00e8res scientifiques \u00e9quivalentes des grandes \u00e9coles Universitaires<\/li>\n<li style=\"text-align: justify;\">Une exp\u00e9rience en conseil et assistance technique aupr\u00e8s d\u2019industriels du secteur agro-alimentaire (de pr\u00e9f\u00e9rence issu d\u2019un bureau d\u2019\u00e9tude et de conseil).<\/li>\n<li style=\"text-align: justify;\">Exp\u00e9rience professionnelle minimale de 8 ans.<\/li>\n<\/ul>\n<h4><span class=\"ez-toc-section\" id=\"c-responsable-normes-et-qualites\"><\/span><span style=\"color: #ff0000;\"><strong>C)- Responsable Normes et Qualit\u00e9s.<\/strong><\/span><span class=\"ez-toc-section-end\"><\/span><\/h4>\n<p>Niveau d\u2019\u00e9tude et exp\u00e9riences professionnelle\u00a0MINEPAT recrutement.<\/p>\n<ul>\n<li style=\"text-align: justify;\">Ing\u00e9nieur agro-alimentaire, profil assimile ou autres disciplines scientifiques pertinentes (microbiologie appliqu\u00e9e, biologie, biochimie, physico-chimie).<\/li>\n<li style=\"text-align: justify;\">Formation compl\u00e9mentaire en qualit\u00e9 serait un plus.<\/li>\n<li style=\"text-align: justify;\">Exp\u00e9rience de travail d\u2019au moins 8 ans dans une fonction similaire ou de conseil et assistance aux entreprises (en particulier agroindustrielles) dans le domaine est requise.<\/li>\n<li style=\"text-align: justify;\">Certification auditeur tierce partie serait un atout.<\/li>\n<\/ul>\n<h4><span class=\"ez-toc-section\" id=\"d-responsable-de-la-formation-et-de-linformation\"><\/span><span style=\"color: #ff0000;\"><strong>D)- Responsable de la Formation et de l\u2019Information.<\/strong><\/span><span class=\"ez-toc-section-end\"><\/span><\/h4>\n<p>Niveau d\u2019\u00e9tudes et exp\u00e9rience professionnelle:<\/p>\n<ul>\n<li style=\"text-align: justify;\">Niveau minimum de BAC+4 en ing\u00e9nierie des ressources humaines ou fili\u00e8re annexes.<\/li>\n<li style=\"text-align: justify;\">Exp\u00e9rience d\u2019au moins 5 ans dans les activit\u00e9s de coordination et d\u2019animation de formations professionnelles (cabinet conseil, centre de formation continue\u2026)<\/li>\n<li style=\"text-align: justify;\">R\u00e9f\u00e9rences en mati\u00e8re de marketing\/communication.<\/li>\n<li style=\"text-align: justify;\">R\u00e9f\u00e9rences formation des formateurs.<\/li>\n<li style=\"text-align: justify;\">Assertivit\u00e9, rigueur, discr\u00e9tion, conscience professionnelle.<\/li>\n<\/ul>\n<h4><span class=\"ez-toc-section\" id=\"e-responsable-administratif-et-financier\"><\/span><span style=\"color: #ff0000;\"><strong>E)- Responsable Administratif et Financier<\/strong><\/span><span class=\"ez-toc-section-end\"><\/span><\/h4>\n<p>Niveau d\u2019\u00e9tudes et exp\u00e9rience professionnelle:<\/p>\n<ul>\n<li style=\"text-align: justify;\">Dipl\u00f4me de niveau BAC+5 au moins dans les domaines de gestion, comptabilit\u00e9, droit,<\/li>\n<li style=\"text-align: justify;\">Exp\u00e9rience professionnelle minimale de 6 ans.<\/li>\n<\/ul>\n<h3 style=\"text-align: center;\"><span class=\"ez-toc-section\" id=\"ii-composition-du-dossier\"><\/span><span style=\"color: #3366ff;\"><strong>II- COMPOSITION DU DOSSIER :<\/strong><\/span><span class=\"ez-toc-section-end\"><\/span><\/h3>\n<p style=\"text-align: justify;\">Les candidats(es) int\u00e9ress\u00e9s sont invites \u00e0 d\u00e9poser leurs dossiers pour les postes de travails d\u00e9crits ci-dessus.<\/p>\n<p style=\"text-align: justify;\">Les dossiers devront \u00eatre compos\u00e9s des pi\u00e8ces suivantes :\u00a0<strong>MINEPAT recrutement<\/strong>.<\/p>\n<ul>\n<li style=\"text-align: justify;\">Une lettre de motivation sign\u00e9e et dat\u00e9e.<\/li>\n<li style=\"text-align: justify;\">Un curriculum vitae (CV) d\u00e9taill\u00e9, sign\u00e9e et dat\u00e9e, comprenant des informations d\u00e9montrant que le\/la candidat(e) poss\u00e8de les qualifications requises, une exp\u00e9rience pertinente pour le poste de travail choisi et trois contacts de r\u00e9f\u00e9rence pouvant attester de ces exp\u00e9riences.<\/li>\n<li style=\"text-align: justify;\">Les copies certifi\u00e9es des diff\u00e9rents dipl\u00f4mes (originaux scann\u00e9s en couleur).<\/li>\n<li style=\"text-align: justify;\">Les copies des documents qui justifient l\u2019exp\u00e9rience du candidat.<\/li>\n<li style=\"text-align: justify;\">Un extrait de casier judicaire n*3 datant de moins de trois mois.<\/li>\n<li style=\"text-align: justify;\">Une photocopie de la carte nationale d\u2019identit\u00e9.<\/li>\n<li style=\"text-align: justify;\">02 demi-cartes photos 4&#215;4.<\/li>\n<\/ul>\n<p>Un(e) candidat(e) ne peut postuler a plus de deux postes.<\/p>\n<h3 style=\"text-align: center;\"><span class=\"ez-toc-section\" id=\"iii-delai-et-lieu-de-recevabilite\"><\/span><span style=\"color: #3366ff;\"><strong>III- D\u00e9lai et lieu de recevabilit\u00e9<\/strong><\/span><span class=\"ez-toc-section-end\"><\/span><\/h3>\n<p style=\"text-align: justify;\"><span style=\"color: #000000;\">Les dossiers de candidatures compl\u00e8tes adress\u00e9es \u00e0 Monsieur le Ministre de l\u2019Economie, de la planification et de l\u2019Am\u00e9nagement de territoire (MINIPAT), en 3 exemplaires dont 1 original 2 copies pr\u00e9sent\u00e9s dans une enveloppe uniquement \u00e0 l\u2019adresse suivante :<\/span><\/p>\n<p style=\"text-align: justify;\"><span style=\"color: #000000;\">Secr\u00e9tariat de la Direction G\u00e9n\u00e9rale de l\u2019Economie et de la programmation des investissements Publics (DGEPIP) du <strong>MINIPAT<\/strong>, poste 417, sis \u00e0 l\u2019immeuble du rond-point Hilton au boulevard du 20 mai, contre un re\u00e7u de d\u00e9p\u00f4t.<\/span><\/p>\n<p><span style=\"color: #000000;\">Le pli devra porter la mention suivante :<\/span><\/p>\n<p><span style=\"color: #000000;\">A LA HAUTE ATTENTION DE MONSIEUR LE MINISTRE DE L\u2019ECONOMIE, DE LA PLANIFICATION ET DE L\u2019AMENAGEMENT DU TERRITOIRE(MINIPAT)<\/span><\/p>\n<p style=\"text-align: justify;\"><span style=\"color: #000000;\">La date limite de recevabilit\u00e9 des candidatures est fix\u00e9e au 15 mars 2023 \u00e0 15H.aucun dossier ne sera accept\u00e9 apr\u00e8s cette d\u00e9lai.<\/span><\/p>\n<h2 style=\"text-align: center;\"><span class=\"ez-toc-section\" id=\"minepat-recrutement-au-centre-technique-agro-alimentaire-cta-2\"><\/span><span style=\"color: #3366ff;\"><strong>MINEPAT recrutement au\u00a0Centre Technique Agro Alimentaire (CTA).<\/strong><\/span><span class=\"ez-toc-section-end\"><\/span><\/h2>\n","protected":false},"excerpt":{"rendered":"<p>&#46;&#46;&#46;<\/p>\n","protected":false},"author":1,"featured_media":17333,"comment_status":"open","ping_status":"closed","sticky":false,"template":"","format":"standard","meta":{"_themeisle_gutenberg_block_has_review":false,"footnotes":""},"categories":[1845],"tags":[1968,2444,1973,2443],"class_list":["post-18057","post","type-post","status-publish","format-standard","has-post-thumbnail","hentry","category-emplois","tag-les-offre-demploi-au-cameroun","tag-minepat-cameroun","tag-offre-demploi-au-cameroun-2016-2017","tag-recrutement-minepat-cameroun"],"_links":{"self":[{"href":"https:\/\/kamerpower.com\/fr\/wp-json\/wp\/v2\/posts\/18057","targetHints":{"allow":["GET"]}}],"collection":[{"href":"https:\/\/kamerpower.com\/fr\/wp-json\/wp\/v2\/posts"}],"about":[{"href":"https:\/\/kamerpower.com\/fr\/wp-json\/wp\/v2\/types\/post"}],"author":[{"embeddable":true,"href":"https:\/\/kamerpower.com\/fr\/wp-json\/wp\/v2\/users\/1"}],"replies":[{"embeddable":true,"href":"https:\/\/kamerpower.com\/fr\/wp-json\/wp\/v2\/comments?post=18057"}],"version-history":[{"count":0,"href":"https:\/\/kamerpower.com\/fr\/wp-json\/wp\/v2\/posts\/18057\/revisions"}],"wp:featuredmedia":[{"embeddable":true,"href":"https:\/\/kamerpower.com\/fr\/wp-json\/wp\/v2\/media\/17333"}],"wp:attachment":[{"href":"https:\/\/kamerpower.com\/fr\/wp-json\/wp\/v2\/media?parent=18057"}],"wp:term":[{"taxonomy":"category","embeddable":true,"href":"https:\/\/kamerpower.com\/fr\/wp-json\/wp\/v2\/categories?post=18057"},{"taxonomy":"post_tag","embeddable":true,"href":"https:\/\/kamerpower.com\/fr\/wp-json\/wp\/v2\/tags?post=18057"}],"curies":[{"name":"wp","href":"https:\/\/api.w.org\/{rel}","templated":true}]}}