{"id":18503,"date":"2017-04-20T08:14:45","date_gmt":"2017-04-20T07:14:45","guid":{"rendered":"https:\/\/kamerpower.com\/?p=18503\/"},"modified":"2024-11-11T11:10:34","modified_gmt":"2024-11-11T10:10:34","slug":"recrutement-intel-hr-consulting-ltd-assistant-administratif-des-ventes","status":"publish","type":"post","link":"https:\/\/kamerpower.com\/fr\/recrutement-intel-hr-consulting-ltd-assistant-administratif-des-ventes\/","title":{"rendered":"Recrutement Intel HR consulting Ltd: Assistant Administratif des Ventes"},"content":{"rendered":"<div id=\"ez-toc-container\" class=\"ez-toc-v2_0_82_2 counter-hierarchy ez-toc-counter ez-toc-custom ez-toc-container-direction\">\n<p class=\"ez-toc-title\" style=\"cursor:inherit\">Contents<\/p>\n<label for=\"ez-toc-cssicon-toggle-item-69f21ad7827b9\" class=\"ez-toc-cssicon-toggle-label\"><span class=\"ez-toc-cssicon\"><span class=\"eztoc-hide\" style=\"display:none;\">Toggle<\/span><span class=\"ez-toc-icon-toggle-span\"><svg style=\"fill: #000000;color:#000000\" xmlns=\"http:\/\/www.w3.org\/2000\/svg\" class=\"list-377408\" width=\"20px\" height=\"20px\" viewBox=\"0 0 24 24\" fill=\"none\"><path d=\"M6 6H4v2h2V6zm14 0H8v2h12V6zM4 11h2v2H4v-2zm16 0H8v2h12v-2zM4 16h2v2H4v-2zm16 0H8v2h12v-2z\" fill=\"currentColor\"><\/path><\/svg><svg style=\"fill: #000000;color:#000000\" class=\"arrow-unsorted-368013\" xmlns=\"http:\/\/www.w3.org\/2000\/svg\" width=\"10px\" height=\"10px\" viewBox=\"0 0 24 24\" version=\"1.2\" baseProfile=\"tiny\"><path d=\"M18.2 9.3l-6.2-6.3-6.2 6.3c-.2.2-.3.4-.3.7s.1.5.3.7c.2.2.4.3.7.3h11c.3 0 .5-.1.7-.3.2-.2.3-.5.3-.7s-.1-.5-.3-.7zM5.8 14.7l6.2 6.3 6.2-6.3c.2-.2.3-.5.3-.7s-.1-.5-.3-.7c-.2-.2-.4-.3-.7-.3h-11c-.3 0-.5.1-.7.3-.2.2-.3.5-.3.7s.1.5.3.7z\"\/><\/svg><\/span><\/span><\/label><input type=\"checkbox\"  id=\"ez-toc-cssicon-toggle-item-69f21ad7827b9\"  aria-label=\"Toggle\" \/><nav><ul class='ez-toc-list ez-toc-list-level-1 ' ><ul class='ez-toc-list-level-3' ><li class='ez-toc-heading-level-3'><a class=\"ez-toc-link ez-toc-heading-1\" href=\"https:\/\/kamerpower.com\/fr\/recrutement-intel-hr-consulting-ltd-assistant-administratif-des-ventes\/#recrutement-intel-hr-consulting-ltd-assistant-administratif-des-ventes\" >Recrutement Intel HR consulting Ltd: Assistant Administratif des Ventes.<\/a><\/li><li class='ez-toc-page-1 ez-toc-heading-level-3'><a class=\"ez-toc-link ez-toc-heading-2\" href=\"https:\/\/kamerpower.com\/fr\/recrutement-intel-hr-consulting-ltd-assistant-administratif-des-ventes\/#description-de-poste\" >Description de poste:<\/a><\/li><li class='ez-toc-page-1 ez-toc-heading-level-3'><a class=\"ez-toc-link ez-toc-heading-3\" href=\"https:\/\/kamerpower.com\/fr\/recrutement-intel-hr-consulting-ltd-assistant-administratif-des-ventes\/#profil-requis-pour-le-metier\" >Profil requis pour le metier<\/a><\/li><\/ul><\/li><li class='ez-toc-page-1 ez-toc-heading-level-2'><a class=\"ez-toc-link ez-toc-heading-4\" href=\"https:\/\/kamerpower.com\/fr\/recrutement-intel-hr-consulting-ltd-assistant-administratif-des-ventes\/#recrutement-intel-hr-consulting-ltd-assistant-administratif-des-ventes-2\" >Recrutement Intel HR consulting Ltd: Assistant Administratif des Ventes.<\/a><\/li><\/ul><\/nav><\/div>\n<h3 style=\"text-align: center;\"><span class=\"ez-toc-section\" id=\"recrutement-intel-hr-consulting-ltd-assistant-administratif-des-ventes\"><\/span><span style=\"color: #3366ff;\"><strong>Recrutement Intel HR consulting Ltd: Assistant Administratif des Ventes.<\/strong><\/span><span class=\"ez-toc-section-end\"><\/span><\/h3>\n<p style=\"text-align: justify;\"><span style=\"color: #000000;\">Recrutement <a href=\"https:\/\/kamerpower.com\/fr\/avis-de-recrutement-chez-intel-hrci-responsables-des-ventes-sous-regional\/\"><strong>Intel HR consulting Ltd<\/strong><\/a>: Assistant Administratif des Ventes. Nous sommes actuellement \u00e0 la recherche d&#8217;un Assistant Administratif des Ventes pour le compte de l&#8217;un de nos clients (Une multi Nationale et un leader mondial en mati\u00e8re des explosifs civils.\u00a0<\/span><\/p>\n<p><img decoding=\"async\" class=\"aligncenter size-full wp-image-18504\" src=\"https:\/\/kamerpower.com\/wp-content\/uploads\/2017\/04\/Recrutement-Intel-HR-consulting-Ltd-Assistant-Administratif-des-Ventes.png\" alt=\"Recrutement Intel HR consulting Ltd Assistant Administratif des Ventes\" width=\"356\" height=\"213\" srcset=\"https:\/\/kamerpower.com\/wp-content\/uploads\/2017\/04\/Recrutement-Intel-HR-consulting-Ltd-Assistant-Administratif-des-Ventes.png 356w, https:\/\/kamerpower.com\/wp-content\/uploads\/2017\/04\/Recrutement-Intel-HR-consulting-Ltd-Assistant-Administratif-des-Ventes-300x179.png 300w\" sizes=\"(max-width: 356px) 100vw, 356px\" \/><\/p>\n<h3><span class=\"ez-toc-section\" id=\"description-de-poste\"><\/span><span style=\"color: #3366ff;\"><strong>Description de poste:<\/strong><\/span><span class=\"ez-toc-section-end\"><\/span><\/h3>\n<ul>\n<li><span style=\"color: #000000;\">G\u00e8re l\u2019administration des ventes de produits finis r\u00e9alis\u00e9es par les Responsables Technico-Commerciaux B\u00e9nin et Cameroun.<\/span><\/li>\n<li><span style=\"color: #000000;\">Assiste ces 2 personnes dans la r\u00e9daction et le suivi des offres commerciales, ainsi que dans la n\u00e9gociation avec les entreprises chinoises.<\/span><\/li>\n<li><span style=\"color: #000000;\">Etablit les dossiers clients ainsi que les documents r\u00e9glementaires n\u00e9cessaires (y compris le cas \u00e9ch\u00e9ant pour l\u2019exportation des produits).<\/span><\/li>\n<li><span style=\"color: #000000;\">Etablit les factures clients et suit le r\u00e8glement des clients avec le responsable technico-commercial.<\/span><\/li>\n<li><span style=\"color: #000000;\">S\u2019assure que la branche du <strong>BENIN<\/strong> et celle du <strong>CAMEROUN<\/strong> sont \u00e0 m\u00eame de livrer les produits conform\u00e9ment aux contrats.<\/span><\/li>\n<li><span style=\"color: #000000;\">Organise les transports jusque chez le client le cas \u00e9ch\u00e9ant.<\/span><\/li>\n<li><span style=\"color: #000000;\">Assure le classement de la documentation qualit\u00e9 et participe au suivi des indicateurs qualit\u00e9.<\/span><\/li>\n<li><span style=\"color: #000000;\">Etablit les fiches d\u2019anomalie suite aux constats et aux r\u00e9clamations des clients.<\/span><\/li>\n<li><span style=\"color: #000000;\">Assiste le responsable technico-commercial dans les contacts et les n\u00e9gociations avec les clients chinois.<\/span><\/li>\n<li><span style=\"color: #000000;\">Participe \u00e0 l\u2019organisation des voyages (y compris visiteurs et responsables filiales) : r\u00e9servation d\u2019h\u00f4tels, d\u2019avions, de voitures, visas, etc.<\/span><\/li>\n<\/ul>\n<h3><span class=\"ez-toc-section\" id=\"profil-requis-pour-le-metier\"><\/span><span style=\"color: #3366ff;\"><strong>Profil requis pour le metier<\/strong><\/span><span class=\"ez-toc-section-end\"><\/span><\/h3>\n<ul>\n<li style=\"text-align: justify;\"><span style=\"color: #000000;\"><strong>Formation initiale<\/strong> : BTS commerce international, logistique ou \u00e9quivalent.<\/span><\/li>\n<li><span style=\"color: #000000;\"><strong>Experience necessaire<\/strong>: 1 \u00e0 3 ans<\/span><\/li>\n<li style=\"text-align: justify;\"><span style=\"color: #000000;\"><strong>Connaissances de base<\/strong> : Comp\u00e9tences en secr\u00e9tariat, ma\u00eetrise des outils informatiques (Word, Excel, Power Point).<\/span><\/li>\n<li style=\"text-align: justify;\"><span style=\"color: #000000;\"><strong>Competences techniques<\/strong> : Connaissances des incoterms, connaissance des formalit\u00e9s douani\u00e8res, techniques de ventes.<\/span><\/li>\n<li style=\"text-align: justify;\"><span style=\"color: #000000;\"><strong>Competences comportementales<\/strong> : Autonomie, Qualit\u00e9s r\u00e9dactionnelles, Soign\u00e9, Disponibilit\u00e9, Sens de l\u2019\u00e9coute (clients, fournisseurs), Capacit\u00e9 de n\u00e9gociation, Bon relationnel, Discr\u00e9tion professionnelle.<\/span><\/li>\n<\/ul>\n<p>LANGUE : CHINOSE, FRANCAISE et L\u2019ANGLAIS.<\/p>\n<hr \/>\n<p style=\"text-align: center;\"><span style=\"color: #000000;\">Envoy\u00e9 CV \u00e0 florence.tsamo@intelhrc.com<\/span><\/p>\n<p style=\"text-align: center;\"><span style=\"color: #000000;\">leander.fanka@intelhrc.com<\/span><\/p>\n<hr \/>\n<h2 style=\"text-align: center;\"><span class=\"ez-toc-section\" id=\"recrutement-intel-hr-consulting-ltd-assistant-administratif-des-ventes-2\"><\/span><span style=\"color: #3366ff;\"><strong>Recrutement Intel HR consulting Ltd: Assistant Administratif des Ventes.<\/strong><\/span><span class=\"ez-toc-section-end\"><\/span><\/h2>\n","protected":false},"excerpt":{"rendered":"<p>&#46;&#46;&#46;<\/p>\n","protected":false},"author":1,"featured_media":18504,"comment_status":"open","ping_status":"closed","sticky":false,"template":"","format":"standard","meta":{"_themeisle_gutenberg_block_has_review":false,"footnotes":""},"categories":[1845],"tags":[1968,1973,2493],"class_list":["post-18503","post","type-post","status-publish","format-standard","has-post-thumbnail","hentry","category-emplois","tag-les-offre-demploi-au-cameroun","tag-offre-demploi-au-cameroun-2016-2017","tag-recrutement-intel-hr-consulting-ltd-recr2"],"_links":{"self":[{"href":"https:\/\/kamerpower.com\/fr\/wp-json\/wp\/v2\/posts\/18503","targetHints":{"allow":["GET"]}}],"collection":[{"href":"https:\/\/kamerpower.com\/fr\/wp-json\/wp\/v2\/posts"}],"about":[{"href":"https:\/\/kamerpower.com\/fr\/wp-json\/wp\/v2\/types\/post"}],"author":[{"embeddable":true,"href":"https:\/\/kamerpower.com\/fr\/wp-json\/wp\/v2\/users\/1"}],"replies":[{"embeddable":true,"href":"https:\/\/kamerpower.com\/fr\/wp-json\/wp\/v2\/comments?post=18503"}],"version-history":[{"count":0,"href":"https:\/\/kamerpower.com\/fr\/wp-json\/wp\/v2\/posts\/18503\/revisions"}],"wp:featuredmedia":[{"embeddable":true,"href":"https:\/\/kamerpower.com\/fr\/wp-json\/wp\/v2\/media\/18504"}],"wp:attachment":[{"href":"https:\/\/kamerpower.com\/fr\/wp-json\/wp\/v2\/media?parent=18503"}],"wp:term":[{"taxonomy":"category","embeddable":true,"href":"https:\/\/kamerpower.com\/fr\/wp-json\/wp\/v2\/categories?post=18503"},{"taxonomy":"post_tag","embeddable":true,"href":"https:\/\/kamerpower.com\/fr\/wp-json\/wp\/v2\/tags?post=18503"}],"curies":[{"name":"wp","href":"https:\/\/api.w.org\/{rel}","templated":true}]}}