{"id":22584,"date":"2018-05-22T13:39:45","date_gmt":"2018-05-22T12:39:45","guid":{"rendered":"https:\/\/kamerpower.com\/?p=22584"},"modified":"2024-04-03T02:00:26","modified_gmt":"2024-04-03T01:00:26","slug":"offre-de-stages-au-minesup-cameroun-ministere-de-lenseignement-superieur","status":"publish","type":"post","link":"https:\/\/kamerpower.com\/fr\/offre-de-stages-au-minesup-cameroun-ministere-de-lenseignement-superieur\/","title":{"rendered":"Offre de stages au MINESUP Cameroun Minist\u00e8re de l\u2019Enseignement Sup\u00e9rieur"},"content":{"rendered":"<h3 style=\"text-align: center;\"><span style=\"color: #3366ff;\"><strong>Offre de stages au MINESUP Cameroun Minist\u00e8re de l\u2019Enseignement Sup\u00e9rieur.<\/strong><\/span><\/h3>\n<p style=\"text-align: justify;\"><span style=\"color: #000000;\">Offre de <strong>stages au MINESUP Cameroun<\/strong><\/a> Minist\u00e8re de l\u2019Enseignement Sup\u00e9rieur. Le Ministre de l\u2019Enseignement Sup\u00e9rieur communique : kamerpower.com\u00a0<\/span><\/p>\n<p style=\"text-align: justify;\"><span style=\"color: #000000;\">Dans cadre de sa politique d\u2019assistance et d\u2019insertion professionnelle, le Ministre de l\u2019Enseignement Sup\u00e9rieur organise \u00e0 l\u2019intention des \u00e9tudiants des Institutions d\u2019Enseignement Sup\u00e9rieur nationales reconnues, la 16\u00e8me \u00e9dition des Stages Pratiques de Vacances. Ces stages qui se d\u00e9rouleront du 18 juillet au 19 septembre 2019 selon les lieux, ont pour objectifs :<\/span><\/p>\n<p><img decoding=\"async\" class=\"aligncenter size-full wp-image-6397\" src=\"https:\/\/kamerpower.com\/wp-content\/uploads\/2015\/06\/MINESUP-Cameroun.jpg\" alt=\"concours www.minesup.gov.cm Portail MINESUP\" width=\"125\" height=\"151\" \/><\/p>\n<p style=\"text-align: justify;\"><span style=\"color: #000000;\">D\u2019initier les \u00e9tudiants au service public ; d\u2019offrir <a href=\"https:\/\/kamerpower.com\/fr\/transformer-un-stage-en-un-emploi-comment-faire\/\">\u00e9tudiants l\u2019opportunit\u00e9<\/a> de valoriser leurs connaissances par un appui aux structures d\u2019accueil, et participer ainsi \u00e0 la vie des institutions et de la communaut\u00e9 ; de promouvoir la politique d\u2019assistance aux \u00e9tudiants des Institutions d\u2019Enseignement Sup\u00e9rieur nationales reconnues.<\/span><\/p>\n<p style=\"text-align: justify;\"><span style=\"color: #000000;\">Les \u00e9tudiants d\u00e9sireux de prendre part \u00e0 ces stages dans les Services Centraux du Minist\u00e8re de l\u2019Enseignement Sup\u00e9rieur sont invit\u00e9s \u00e0 d\u00e9poser un dossier \u00e0 la porte 929 au 9\u00e8me \u00e9tage dudit Minist\u00e8re ou dans les Universit\u00e9s d\u2019\u00c9tat pour ceux qui d\u00e9sirent l\u2019effectuer dans leur institution<\/span><\/p>\n<p style=\"text-align: justify;\"><strong><span style=\"color: #000000;\">Le dossier de candidature compos\u00e9 de :<\/span><\/strong><\/p>\n<ul>\n<li style=\"list-style-type: none;\">\n<ul>\n<li style=\"text-align: justify;\"><span style=\"color: #000000;\">Une demande manuscrite timbr\u00e9e adress\u00e9e \u00e0 Monsieur le Ministre de l\u2019Enseignement Sup\u00e9rieur.<\/span><\/li>\n<\/ul>\n<\/li>\n<\/ul>\n<ul>\n<li style=\"list-style-type: none;\">\n<ul>\n<li style=\"text-align: justify;\"><span style=\"color: #000000;\">Un formulaire de candidature d\u00fbment rempli et sign\u00e9 par te candidat.<\/span><\/li>\n<\/ul>\n<\/li>\n<\/ul>\n<ul>\n<li style=\"list-style-type: none;\">\n<ul>\n<li style=\"text-align: justify;\"><span style=\"color: #000000;\">Une photocopie du re\u00e7u des droits universitaires de l\u2019ann\u00e9e acad\u00e9mique en cours.<\/span><\/li>\n<\/ul>\n<\/li>\n<\/ul>\n<ul>\n<li style=\"list-style-type: none;\">\n<ul>\n<li style=\"text-align: justify;\"><span style=\"color: #000000;\">Une photocopie du certificat de scolarit\u00e9 ou de la carte d\u2019\u00e9tudiant de l\u2019ann\u00e9e en cours.<\/span><\/li>\n<\/ul>\n<\/li>\n<\/ul>\n<ul>\n<li style=\"list-style-type: none;\">\n<ul>\n<li style=\"text-align: justify;\"><span style=\"color: #000000;\">Une photocopie de la carte nationale d\u2019identit\u00e9.<\/span><\/li>\n<\/ul>\n<\/li>\n<\/ul>\n<ul>\n<li style=\"list-style-type: none;\">\n<ul>\n<li style=\"text-align: justify;\"><span style=\"color: #000000;\">Une photocopie de l\u2019acte de d\u00e9c\u00e8s du parent (s) pour les orphelins.<\/span><\/li>\n<\/ul>\n<\/li>\n<\/ul>\n<ul>\n<li style=\"list-style-type: none;\">\n<ul>\n<li style=\"text-align: justify;\"><span style=\"color: #000000;\">Une photocopie de la carte d\u2019invalidit\u00e9 pour les handicap\u00e9s.<\/span><\/li>\n<\/ul>\n<\/li>\n<\/ul>\n<ul>\n<li style=\"list-style-type: none;\">\n<ul>\n<li style=\"text-align: justify;\"><span style=\"color: #000000;\">Un certificat m\u00e9dical ou toute autre pi\u00e8ces justifiant votre \u00e9tat (pour les autres cas sociaux).<\/span><\/li>\n<\/ul>\n<\/li>\n<\/ul>\n<ul>\n<li style=\"text-align: justify;\"><span style=\"color: #000000;\">Deux demi photo 4 x 4.<\/span><\/li>\n<\/ul>\n<p style=\"text-align: justify;\"><span style=\"color: #000000;\">La date limite de recevabilit\u00e9 des dossiers de candidatures au MINESUP (porte 929) est fix\u00e9 au 25 Mai 2018 \u00e0 15h30mn.<\/span><\/p>\n<p style=\"text-align: justify;\"><span style=\"color: #000000;\">Les formulaires de candidature sont disponibles au <strong>MINESUP<\/strong> (porte 929) et sur le site Internet.<\/span><\/p>\n<p style=\"text-align: justify;\"><span style=\"color: #000000;\">Les \u00e9ventuels candidats devront attendre la s\u00e9lection et la publication des listes des \u00e9tudiants stagiaires par le MINESUP avant de prendre le service.<\/span><\/p>\n<h2 style=\"text-align: center;\"><span style=\"color: #3366ff;\"><strong>Offre de stages au MINESUP Cameroun Minist\u00e8re de l\u2019Enseignement Sup\u00e9rieur.<\/strong><\/span><\/h2>\n","protected":false},"excerpt":{"rendered":"<p>&#46;&#46;&#46;<\/p>\n","protected":false},"author":1,"featured_media":6397,"comment_status":"open","ping_status":"closed","sticky":false,"template":"","format":"standard","meta":{"_themeisle_gutenberg_block_has_review":false,"footnotes":""},"categories":[59679],"tags":[1968,1693,1973,2485],"class_list":["post-22584","post","type-post","status-publish","format-standard","has-post-thumbnail","hentry","category-stages","tag-les-offre-demploi-au-cameroun","tag-minesup-cameroun","tag-offre-demploi-au-cameroun-2016-2017","tag-stage-academiques-au-cameroun"],"_links":{"self":[{"href":"https:\/\/kamerpower.com\/fr\/wp-json\/wp\/v2\/posts\/22584","targetHints":{"allow":["GET"]}}],"collection":[{"href":"https:\/\/kamerpower.com\/fr\/wp-json\/wp\/v2\/posts"}],"about":[{"href":"https:\/\/kamerpower.com\/fr\/wp-json\/wp\/v2\/types\/post"}],"author":[{"embeddable":true,"href":"https:\/\/kamerpower.com\/fr\/wp-json\/wp\/v2\/users\/1"}],"replies":[{"embeddable":true,"href":"https:\/\/kamerpower.com\/fr\/wp-json\/wp\/v2\/comments?post=22584"}],"version-history":[{"count":0,"href":"https:\/\/kamerpower.com\/fr\/wp-json\/wp\/v2\/posts\/22584\/revisions"}],"wp:featuredmedia":[{"embeddable":true,"href":"https:\/\/kamerpower.com\/fr\/wp-json\/wp\/v2\/media\/6397"}],"wp:attachment":[{"href":"https:\/\/kamerpower.com\/fr\/wp-json\/wp\/v2\/media?parent=22584"}],"wp:term":[{"taxonomy":"category","embeddable":true,"href":"https:\/\/kamerpower.com\/fr\/wp-json\/wp\/v2\/categories?post=22584"},{"taxonomy":"post_tag","embeddable":true,"href":"https:\/\/kamerpower.com\/fr\/wp-json\/wp\/v2\/tags?post=22584"}],"curies":[{"name":"wp","href":"https:\/\/api.w.org\/{rel}","templated":true}]}}