{"id":22866,"date":"2024-06-16T18:30:00","date_gmt":"2024-06-16T17:30:00","guid":{"rendered":"https:\/\/kamerpower.com\/?p=22866"},"modified":"2026-01-14T20:40:39","modified_gmt":"2026-01-14T19:40:39","slug":"nations-unies-programme-des-jeunes-professionnels-ypp","status":"publish","type":"post","link":"https:\/\/kamerpower.com\/fr\/nations-unies-programme-des-jeunes-professionnels-ypp\/","title":{"rendered":"Nations Unies Programme des jeunes professionnels (YPP) 2026"},"content":{"rendered":"<p style=\"text-align: justify;\"><span style=\"color: #000000;\">Nations Unies Programme des jeunes professionnels (YPP) pour les personnes talentueuses 2026-2027. L&#8217;Organisation des Nations Unies s\u00e9lectionne actuellement des jeunes du monde entier pour le Programme des jeunes professionnels des Nations Unies (<strong>YPP<\/strong>).<\/span>\u00a0<strong>Programme des jeunes professionnels des Nations Unies (YPP)<\/strong>.<\/p>\n<p><span style=\"color: #000000;\"><strong>Date limite d&#8217;inscription<\/strong>: 9 ao\u00fbt.<\/span><\/p>\n<p><span style=\"color: #000000;\">Offert annuellement? Oui.<\/span><\/p>\n<p style=\"text-align: justify;\"><span style=\"color: #000000;\"><strong>Pays \u00e9ligibles<\/strong>: Chaque ann\u00e9e, les pays qui ne sont pas ou sous-repr\u00e9sent\u00e9s \u00e0 l&#8217;ONU sont invit\u00e9s \u00e0 participer au Programme des jeunes professionnels des Nations Unies. Voir la liste ci-dessous:<\/span><\/p>\n<p style=\"text-align: justify;\"><span style=\"color: #000000;\"><strong>\u00c0 prendre \u00e0 (Pays)<\/strong>: Diverses stations-service des Nations Unies<\/span><\/p>\n<p style=\"text-align: justify;\"><span style=\"color: #000000;\">Domaines d&#8217;\u00e9tudes: En fonction des besoins en personnel de l&#8217;Organisation des Nations Unies, les candidats sont invit\u00e9s \u00e0 postuler pour diff\u00e9rents sujets d&#8217;examen. Les descriptions des responsabilit\u00e9s, des comp\u00e9tences attendues et des exigences de formation diff\u00e8rent selon les r\u00e9gions.<\/span><\/p>\n<div id=\"ez-toc-container\" class=\"ez-toc-v2_0_82_2 counter-hierarchy ez-toc-counter ez-toc-custom ez-toc-container-direction\">\n<p class=\"ez-toc-title\" style=\"cursor:inherit\">Contents<\/p>\n<label for=\"ez-toc-cssicon-toggle-item-69f54dbb942ef\" class=\"ez-toc-cssicon-toggle-label\"><span class=\"ez-toc-cssicon\"><span class=\"eztoc-hide\" style=\"display:none;\">Toggle<\/span><span class=\"ez-toc-icon-toggle-span\"><svg style=\"fill: #000000;color:#000000\" xmlns=\"http:\/\/www.w3.org\/2000\/svg\" class=\"list-377408\" width=\"20px\" height=\"20px\" viewBox=\"0 0 24 24\" fill=\"none\"><path d=\"M6 6H4v2h2V6zm14 0H8v2h12V6zM4 11h2v2H4v-2zm16 0H8v2h12v-2zM4 16h2v2H4v-2zm16 0H8v2h12v-2z\" fill=\"currentColor\"><\/path><\/svg><svg style=\"fill: #000000;color:#000000\" class=\"arrow-unsorted-368013\" xmlns=\"http:\/\/www.w3.org\/2000\/svg\" width=\"10px\" height=\"10px\" viewBox=\"0 0 24 24\" version=\"1.2\" baseProfile=\"tiny\"><path d=\"M18.2 9.3l-6.2-6.3-6.2 6.3c-.2.2-.3.4-.3.7s.1.5.3.7c.2.2.4.3.7.3h11c.3 0 .5-.1.7-.3.2-.2.3-.5.3-.7s-.1-.5-.3-.7zM5.8 14.7l6.2 6.3 6.2-6.3c.2-.2.3-.5.3-.7s-.1-.5-.3-.7c-.2-.2-.4-.3-.7-.3h-11c-.3 0-.5.1-.7.3-.2.2-.3.5-.3.7s.1.5.3.7z\"\/><\/svg><\/span><\/span><\/label><input type=\"checkbox\"  id=\"ez-toc-cssicon-toggle-item-69f54dbb942ef\"  aria-label=\"Toggle\" \/><nav><ul class='ez-toc-list ez-toc-list-level-1 ' ><ul class='ez-toc-list-level-3' ><li class='ez-toc-heading-level-3'><a class=\"ez-toc-link ez-toc-heading-1\" href=\"https:\/\/kamerpower.com\/fr\/nations-unies-programme-des-jeunes-professionnels-ypp\/#a-propos-du-prix\" >\u00c0 propos du Prix:<\/a><\/li><li class='ez-toc-page-1 ez-toc-heading-level-3'><a class=\"ez-toc-link ez-toc-heading-2\" href=\"https:\/\/kamerpower.com\/fr\/nations-unies-programme-des-jeunes-professionnels-ypp\/#admissibilite-candidats-interesses\" >Admissibilit\u00e9: candidats int\u00e9ress\u00e9s:<\/a><\/li><li class='ez-toc-page-1 ez-toc-heading-level-3'><a class=\"ez-toc-link ez-toc-heading-3\" href=\"https:\/\/kamerpower.com\/fr\/nations-unies-programme-des-jeunes-professionnels-ypp\/#les-criteres-de-selection\" >Les crit\u00e8res de s\u00e9lection:<\/a><\/li><\/ul><\/li><li class='ez-toc-page-1 ez-toc-heading-level-2'><a class=\"ez-toc-link ez-toc-heading-4\" href=\"https:\/\/kamerpower.com\/fr\/nations-unies-programme-des-jeunes-professionnels-ypp\/#nations-unies-programme-des-jeunes-professionnels-ypp-pour-les-personnes-talentueuses-2026-2027\" >Nations Unies Programme des jeunes professionnels (YPP) pour les personnes talentueuses 2026-2027.<\/a><ul class='ez-toc-list-level-3' ><li class='ez-toc-heading-level-3'><a class=\"ez-toc-link ez-toc-heading-5\" href=\"https:\/\/kamerpower.com\/fr\/nations-unies-programme-des-jeunes-professionnels-ypp\/#pays-eligibles\" >Pays \u00e9ligibles:\u00a0<\/a><\/li><\/ul><\/li><\/ul><\/nav><\/div>\n<h3 style=\"text-align: justify;\"><span class=\"ez-toc-section\" id=\"a-propos-du-prix\"><\/span><span style=\"color: #000000;\"><strong>\u00c0 propos du Prix<\/strong>: <\/span><span class=\"ez-toc-section-end\"><\/span><\/h3>\n<p style=\"text-align: justify;\"><span style=\"color: #000000;\">Le Programme des jeunes professionnels des Nations Unies (<strong>PPJ<\/strong>) est une initiative de recrutement de professionnels talentueux et hautement qualifi\u00e9s pour d\u00e9marrer une carri\u00e8re de fonctionnaire international aupr\u00e8s du Secr\u00e9tariat des Nations Unies. Il consiste en un examen d&#8217;entr\u00e9e et des programmes de d\u00e9veloppement professionnel une fois que les candidats retenus commencent leur carri\u00e8re \u00e0 l&#8217;ONU.<\/span><\/p>\n<p style=\"text-align: justify;\"><span style=\"color: #000000;\">L&#8217;examen du Programme des jeunes professionnels des Nations Unies a lieu une fois par an et est ouvert aux ressortissants des pays participant \u00e0 l&#8217;exercice annuel de recrutement. La liste des pays participants est publi\u00e9e chaque ann\u00e9e et varie d&#8217;une ann\u00e9e \u00e0 l&#8217;autre.<\/span><\/p>\n<p><span style=\"color: #000000;\"><strong>Type<\/strong>: Stages \/ Emploi<\/span><\/p>\n<h3><span class=\"ez-toc-section\" id=\"admissibilite-candidats-interesses\"><\/span><span style=\"color: #000000;\"><strong>Admissibilit\u00e9: candidats int\u00e9ress\u00e9s:<\/strong><\/span><span class=\"ez-toc-section-end\"><\/span><\/h3>\n<ul>\n<li><span style=\"color: #000000;\">doit avoir la nationalit\u00e9 d&#8217;un pays participant.<\/span><\/li>\n<li><span style=\"color: #000000;\">doit d\u00e9tenir au moins un dipl\u00f4me universitaire de premier cycle pertinent pour le sujet d&#8217;examen que vous postulez.<\/span><\/li>\n<li><span style=\"color: #000000;\">doit avoir 32 ans ou moins dans l&#8217;ann\u00e9e de l&#8217;examen.<\/span><\/li>\n<li style=\"text-align: justify;\"><span style=\"color: #000000;\">doit parler couramment l&#8217;anglais ou le fran\u00e7ais.<\/span><\/li>\n<\/ul>\n<p><img decoding=\"async\" class=\"aligncenter wp-image-3617 size-full\" src=\"https:\/\/kamerpower.com\/wp-content\/uploads\/2015\/02\/The-United-Nations-Office-at-Geneva.jpg\" alt=\"The United Nations Office at Geneva - United Nations Young Professionals Programme YPP\" width=\"1280\" height=\"720\" srcset=\"https:\/\/kamerpower.com\/wp-content\/uploads\/2015\/02\/The-United-Nations-Office-at-Geneva.jpg 1280w, https:\/\/kamerpower.com\/wp-content\/uploads\/2015\/02\/The-United-Nations-Office-at-Geneva-600x338.jpg 600w, https:\/\/kamerpower.com\/wp-content\/uploads\/2015\/02\/The-United-Nations-Office-at-Geneva-300x169.jpg 300w, https:\/\/kamerpower.com\/wp-content\/uploads\/2015\/02\/The-United-Nations-Office-at-Geneva-768x432.jpg 768w, https:\/\/kamerpower.com\/wp-content\/uploads\/2015\/02\/The-United-Nations-Office-at-Geneva-150x84.jpg 150w\" sizes=\"(max-width: 1280px) 100vw, 1280px\" \/><\/p>\n<p style=\"text-align: justify;\"><span style=\"color: #000000;\">Les fonctionnaires du Secr\u00e9tariat de l&#8217;ONU qui travaillent dans la cat\u00e9gorie des services g\u00e9n\u00e9raux et d&#8217;autres cat\u00e9gories apparent\u00e9es et qui aspirent \u00e0 une carri\u00e8re dans les cat\u00e9gories professionnelles et sup\u00e9rieures sont encourag\u00e9s \u00e0 postuler.<\/span><\/p>\n<h3><span class=\"ez-toc-section\" id=\"les-criteres-de-selection\"><\/span><span style=\"color: #000000;\"><b>Les crit\u00e8res de s\u00e9lection:<\/b><\/span><span class=\"ez-toc-section-end\"><\/span><\/h3>\n<ul>\n<li><span style=\"color: #000000;\">Votre demande sera examin\u00e9e pour d\u00e9terminer si vous \u00eates admissible \u00e0 l&#8217;examen dans le sujet d&#8217;examen que vous avez demand\u00e9.<\/span><\/li>\n<li><span style=\"color: #000000;\">Si plus de 40 candidats du m\u00eame pays postulent pour la m\u00eame zone d&#8217;examen, ces derniers seront s\u00e9lectionn\u00e9s et class\u00e9s par un responsable des ressources humaines selon les points attribu\u00e9s pour les qualifications suppl\u00e9mentaires suivantes: niveau d&#8217;\u00e9tudes le plus \u00e9lev\u00e9, connaissance des langues officielles de l&#8217;ONU et exp\u00e9rience de travail pertinente.<\/span><\/li>\n<li><span style=\"color: #000000;\">Veuillez noter que de nombreux candidats potentiels ne passent pas la phase de pr\u00e9s\u00e9lection en raison de demandes incompl\u00e8tes ou inexactes.<\/span><\/li>\n<li><span style=\"color: #000000;\">Si votre demande a \u00e9t\u00e9 accept\u00e9e, vous serez inform\u00e9 que vous \u00eates convoqu\u00e9 \u00e0 l&#8217;examen.<\/span><\/li>\n<li><span style=\"color: #000000;\">S&#8217;il est d\u00e9termin\u00e9 que vous n&#8217;\u00eates pas admissible \u00e0 pr\u00e9senter une demande ou si votre demande a \u00e9t\u00e9 rejet\u00e9e, vous serez inform\u00e9 que vous n&#8217;avez pas \u00e9t\u00e9 convoqu\u00e9 \u00e0 l&#8217;examen.<\/span><\/li>\n<li style=\"text-align: justify;\"><span style=\"color: #000000;\">Vous serez en mesure de v\u00e9rifier l&#8217;\u00e9tat de votre demande en tapant votre num\u00e9ro de demande dans la section de recherche de la page \u00c9tat de la convocation et centre d&#8217;examen (voir le lien Processus de demande dans le lien de la page Web du programme ci-dessous).<\/span><\/li>\n<\/ul>\n<h2 style=\"text-align: center;\"><span class=\"ez-toc-section\" id=\"nations-unies-programme-des-jeunes-professionnels-ypp-pour-les-personnes-talentueuses-2026-2027\"><\/span><span style=\"color: #000000;\"><strong>Nations Unies Programme des jeunes professionnels (YPP) pour les personnes talentueuses 2026-2027.<\/strong><\/span><span class=\"ez-toc-section-end\"><\/span><\/h2>\n<p><span style=\"color: #000000;\"><b>Nombre de prix:\u00a0<\/b>Non sp\u00e9cifi\u00e9.<\/span><br \/>\n<b><\/b><\/p>\n<p><span style=\"color: #000000;\"><b>Valeur de la r\u00e9compense:<\/b><\/span><\/p>\n<ul>\n<li><span style=\"color: #000000;\"><b>Ajustements de salaire et de poste<\/b><\/span><\/li>\n<li><span style=\"color: #000000;\"><b>Subvention de location\u00a0<\/b>si nouvellement arriv\u00e9 au lieu d&#8217;affectation, votre loyer repr\u00e9sente une proportion trop \u00e9lev\u00e9e de la r\u00e9mun\u00e9ration totale.<\/span><\/li>\n<li><span style=\"color: #000000;\"><b>Allocations de d\u00e9pendance\u00a0<\/b>si vous avez un conjoint et \/ ou un enfant \u00e0 charge admissible.<\/span><\/li>\n<li><span style=\"color: #000000;\">Sous certaines conditions, une\u00a0<b>bourse d&#8217;\u00e9tudes<\/b>\u00a0si vous avez des enfants \u00e9ligibles \u00e0 l&#8217;\u00e9cole.<\/span><\/li>\n<li><span style=\"color: #000000;\"><b>Les frais de voyage et d&#8217;exp\u00e9dition<\/b>\u00a0lorsque vous vous d\u00e9placez d&#8217;un lieu d&#8217;affectation \u00e0 un autre.<\/span><\/li>\n<li><span style=\"color: #000000;\"><b>Une allocation d&#8217;affectation<\/b>\u00a0pour vous aider \u00e0 couvrir les co\u00fbts extraordinaires initiaux lors de votre arriv\u00e9e ou de votre d\u00e9m\u00e9nagement dans un nouveau lieu d&#8217;affectation.<\/span><\/li>\n<li><span style=\"color: #000000;\">Dans certains lieux d&#8217;affectation, une indemnit\u00e9 de difficult\u00e9s li\u00e9es aux conditions de vie et de travail est vers\u00e9e et, lorsqu&#8217;il existe des restrictions \u00e0 l&#8217;entr\u00e9e des membres de la famille, une allocation pour difficult\u00e9s extra-familiales est \u00e9galement vers\u00e9e.<\/span><\/li>\n<li><span style=\"color: #000000;\"><b>La prime de risque\u00a0<\/b>et le repos et la<b>\u00a0r\u00e9cup\u00e9ration<\/b>\u00a0se brisent lorsque vous travaillez dans des endroits o\u00f9 les conditions sont particuli\u00e8rement dangereuses, stressantes et difficiles.<\/span><\/li>\n<li style=\"text-align: justify;\"><span style=\"color: #000000;\">Beaucoup plus d&#8217;avantages.<\/span><\/li>\n<\/ul>\n<p style=\"text-align: justify;\"><span style=\"color: #000000;\"><b>Dur\u00e9e du programme:\u00a0<\/b>2 ans. Apr\u00e8s deux ans et sous r\u00e9serve d&#8217;une performance satisfaisante, les candidats retenus peuvent se voir accorder un contrat continu.<\/span><br \/>\n<b><\/b><\/p>\n<h3 style=\"text-align: justify;\"><span class=\"ez-toc-section\" id=\"pays-eligibles\"><\/span><span style=\"color: #000000;\"><b>Pays \u00e9ligibles:<\/b>\u00a0<\/span><span class=\"ez-toc-section-end\"><\/span><\/h3>\n<p style=\"text-align: justify;\"><span style=\"color: #000000;\">Afghanistan, Andorre, Angola, Antigua et Barbuda, Bahre\u00efn, B\u00e9larus, Belize, Br\u00e9sil, Brun\u00e9i Darussalam, Cambodge, Cap-Vert, R\u00e9publique centrafricaine, Chine, Comores, Cuba, Chypre, R\u00e9publique populaire d\u00e9mocratique de Cor\u00e9e, Dominique, \u00c9quatorial Guin\u00e9e, Gabon, Grenade, Guin\u00e9e-Bissau, Indon\u00e9sie, Iran, Irak, Japon, Kiribati, Kowe\u00eft, Laos, Lesotho, Lib\u00e9ria, Libye, Liechtenstein, Luxembourg, \u00celes Marshall, Micron\u00e9sie, Monaco, Mozambique, Nauru, Norv\u00e8ge, Oman, Palau , Papouasie-Nouvelle-Guin\u00e9e, Pologne, Qatar, Russie, Sainte-Lucie, Samoa, Sao Tom\u00e9-et-Principe, Arabie saoudite, Seychelles, \u00celes Salomon, Soudan du Sud, Saint-Vincent-et-Grenadines, Suriname, Syrie, Tha\u00eflande, Timor-Leste, Turkm\u00e9nistan, Tuvalu, \u00c9mirats Arabes Unis, \u00c9tats-Unis, Vanuatu, Venezuela, Vietnam<\/span><br \/>\n<b><\/b><\/p>\n<p><span style=\"color: #000000;\"><b>Comment postuler:<\/b>\u00a0page Web du programme lien ci-dessous.<\/span><\/p>\n<hr \/>\n<p style=\"text-align: center;\"><a href=\"https:\/\/careers.un.org\/\" target=\"_blank\" rel=\"noopener noreferrer\">Visitez la page Web du programme pour plus de d\u00e9tails<\/a><\/p>\n<hr \/>\n<p style=\"text-align: center;\"><span style=\"color: #3366ff;\"><strong>Nations Unies Programme des jeunes professionnels (YPP) pour les personnes talentueuses.<\/strong><\/span><\/p>\n","protected":false},"excerpt":{"rendered":"<p>&#46;&#46;&#46;<\/p>\n","protected":false},"author":1,"featured_media":3617,"comment_status":"open","ping_status":"closed","sticky":false,"template":"","format":"standard","meta":{"_themeisle_gutenberg_block_has_review":false,"footnotes":""},"categories":[60],"tags":[1968,2074],"class_list":["post-22866","post","type-post","status-publish","format-standard","has-post-thumbnail","hentry","category-bourses","tag-les-offre-demploi-au-cameroun","tag-onu-recrutement-organisation-des-nations-unies"],"_links":{"self":[{"href":"https:\/\/kamerpower.com\/fr\/wp-json\/wp\/v2\/posts\/22866","targetHints":{"allow":["GET"]}}],"collection":[{"href":"https:\/\/kamerpower.com\/fr\/wp-json\/wp\/v2\/posts"}],"about":[{"href":"https:\/\/kamerpower.com\/fr\/wp-json\/wp\/v2\/types\/post"}],"author":[{"embeddable":true,"href":"https:\/\/kamerpower.com\/fr\/wp-json\/wp\/v2\/users\/1"}],"replies":[{"embeddable":true,"href":"https:\/\/kamerpower.com\/fr\/wp-json\/wp\/v2\/comments?post=22866"}],"version-history":[{"count":1,"href":"https:\/\/kamerpower.com\/fr\/wp-json\/wp\/v2\/posts\/22866\/revisions"}],"predecessor-version":[{"id":73015,"href":"https:\/\/kamerpower.com\/fr\/wp-json\/wp\/v2\/posts\/22866\/revisions\/73015"}],"wp:featuredmedia":[{"embeddable":true,"href":"https:\/\/kamerpower.com\/fr\/wp-json\/wp\/v2\/media\/3617"}],"wp:attachment":[{"href":"https:\/\/kamerpower.com\/fr\/wp-json\/wp\/v2\/media?parent=22866"}],"wp:term":[{"taxonomy":"category","embeddable":true,"href":"https:\/\/kamerpower.com\/fr\/wp-json\/wp\/v2\/categories?post=22866"},{"taxonomy":"post_tag","embeddable":true,"href":"https:\/\/kamerpower.com\/fr\/wp-json\/wp\/v2\/tags?post=22866"}],"curies":[{"name":"wp","href":"https:\/\/api.w.org\/{rel}","templated":true}]}}