{"id":24273,"date":"2022-10-16T02:05:00","date_gmt":"2022-10-16T01:05:00","guid":{"rendered":"https:\/\/kamerpower.com\/?p=24273"},"modified":"2024-11-11T02:14:03","modified_gmt":"2024-11-11T01:14:03","slug":"ong-organisation-mondiale-de-la-sante-offre-demploi-a-oms-who-assistant-logisticien","status":"publish","type":"post","link":"https:\/\/kamerpower.com\/fr\/ong-organisation-mondiale-de-la-sante-offre-demploi-a-oms-who-assistant-logisticien\/","title":{"rendered":"ONG Organisation Mondiale De La Sant\u00e9 \u2013 Offre d\u2019emploi \u00c0 OMS -WHO : Assistant Logisticien"},"content":{"rendered":"<div id=\"ez-toc-container\" class=\"ez-toc-v2_0_82_2 counter-hierarchy ez-toc-counter ez-toc-custom ez-toc-container-direction\">\n<p class=\"ez-toc-title\" style=\"cursor:inherit\">Contents<\/p>\n<label for=\"ez-toc-cssicon-toggle-item-69f4518d525e3\" class=\"ez-toc-cssicon-toggle-label\"><span class=\"ez-toc-cssicon\"><span class=\"eztoc-hide\" style=\"display:none;\">Toggle<\/span><span class=\"ez-toc-icon-toggle-span\"><svg style=\"fill: #000000;color:#000000\" xmlns=\"http:\/\/www.w3.org\/2000\/svg\" class=\"list-377408\" width=\"20px\" height=\"20px\" viewBox=\"0 0 24 24\" fill=\"none\"><path d=\"M6 6H4v2h2V6zm14 0H8v2h12V6zM4 11h2v2H4v-2zm16 0H8v2h12v-2zM4 16h2v2H4v-2zm16 0H8v2h12v-2z\" fill=\"currentColor\"><\/path><\/svg><svg style=\"fill: #000000;color:#000000\" class=\"arrow-unsorted-368013\" xmlns=\"http:\/\/www.w3.org\/2000\/svg\" width=\"10px\" height=\"10px\" viewBox=\"0 0 24 24\" version=\"1.2\" baseProfile=\"tiny\"><path d=\"M18.2 9.3l-6.2-6.3-6.2 6.3c-.2.2-.3.4-.3.7s.1.5.3.7c.2.2.4.3.7.3h11c.3 0 .5-.1.7-.3.2-.2.3-.5.3-.7s-.1-.5-.3-.7zM5.8 14.7l6.2 6.3 6.2-6.3c.2-.2.3-.5.3-.7s-.1-.5-.3-.7c-.2-.2-.4-.3-.7-.3h-11c-.3 0-.5.1-.7.3-.2.2-.3.5-.3.7s.1.5.3.7z\"\/><\/svg><\/span><\/span><\/label><input type=\"checkbox\"  id=\"ez-toc-cssicon-toggle-item-69f4518d525e3\"  aria-label=\"Toggle\" \/><nav><ul class='ez-toc-list ez-toc-list-level-1 ' ><li class='ez-toc-page-1 ez-toc-heading-level-3'><a class=\"ez-toc-link ez-toc-heading-1\" href=\"https:\/\/kamerpower.com\/fr\/ong-organisation-mondiale-de-la-sante-offre-demploi-a-oms-who-assistant-logisticien\/#ong-organisation-mondiale-de-la-sante-%e2%80%93-offre-demploi-a-oms-who-assistant-logisticien\" >ONG Organisation Mondiale De La Sant\u00e9 \u2013 Offre d\u2019emploi \u00c0 OMS -WHO : Assistant Logisticien.<\/a><\/li><li class='ez-toc-page-1 ez-toc-heading-level-3'><a class=\"ez-toc-link ez-toc-heading-2\" href=\"https:\/\/kamerpower.com\/fr\/ong-organisation-mondiale-de-la-sante-offre-demploi-a-oms-who-assistant-logisticien\/#description-de-poste\" >Description de poste :<\/a><\/li><li class='ez-toc-page-1 ez-toc-heading-level-3'><a class=\"ez-toc-link ez-toc-heading-3\" href=\"https:\/\/kamerpower.com\/fr\/ong-organisation-mondiale-de-la-sante-offre-demploi-a-oms-who-assistant-logisticien\/#profil-pour-le-recrutement\" >Profil pour le recrutement<\/a><\/li><li class='ez-toc-page-1 ez-toc-heading-level-3'><a class=\"ez-toc-link ez-toc-heading-4\" href=\"https:\/\/kamerpower.com\/fr\/ong-organisation-mondiale-de-la-sante-offre-demploi-a-oms-who-assistant-logisticien\/#ong-organisation-mondiale-de-la-sante-%e2%80%93-offre-demploi-a-oms-who-assistant-logisticien-2\" >ONG Organisation Mondiale De La Sant\u00e9 \u2013 Offre d\u2019emploi \u00c0 OMS -WHO : Assistant Logisticien.<\/a><\/li><\/ul><\/nav><\/div>\n<h3 style=\"text-align: center;\"><span class=\"ez-toc-section\" id=\"ong-organisation-mondiale-de-la-sante-%e2%80%93-offre-demploi-a-oms-who-assistant-logisticien\"><\/span><span style=\"color: #3366ff;\"><strong>ONG Organisation Mondiale De La Sant\u00e9 \u2013 Offre d\u2019emploi \u00c0 OMS -WHO : Assistant Logisticien.<\/strong><\/span><span class=\"ez-toc-section-end\"><\/span><\/h3>\n<p style=\"text-align: justify;\"><span style=\"color: #000000;\">ONG Organisation Mondiale De La Sant\u00e9 \u2013 Offre d\u2019emploi \u00c0 OMS -WHO : Assistant Logisticien.\u00a0La representante de l\u2019organisation mondiale de la sante (oms) au cameroun annonce le recrutement pour 6 mois au poste assistant logisticien. \u00a0<\/span><\/p>\n<p style=\"text-align: center;\"><span style=\"color: #000000;\"><strong>Grade du poste: G4<\/strong><\/span><br \/>\n<span style=\"color: #000000;\"><strong>Dur\u00e9e: 6 mois renouvelable.<\/strong><\/span><br \/>\n<span style=\"color: #000000;\"><strong>Lieux d\u2019affectation: Yaound\u00e9.<\/strong><\/span><br \/>\n<span style=\"color: #000000;\"><strong>Type de Contrat: Accord de Services Sp\u00e9ciaux (ISSA).<\/strong><\/span><\/p>\n<h3><span class=\"ez-toc-section\" id=\"description-de-poste\"><\/span><span style=\"color: #3366ff;\"><strong>Description de poste :<\/strong><\/span><span class=\"ez-toc-section-end\"><\/span><\/h3>\n<p style=\"text-align: justify;\"><span style=\"color: #000000;\">Sous la responsabilit\u00e9 g\u00e9n\u00e9rale du repr\u00e9sentant de l\u2019<a href=\"https:\/\/kamerpower.com\/fr\/offre-demploi-organisation-mondiale-de-la-sante-oms-avis-de-recrutement-de-jeunes\/\"><strong>OMS au Cameroun<\/strong><\/a> et sous la supervision Directe du Charg\u00e9 des Op\u00e9rations, l\u2019Assistant Logisticien sera charg\u00e9(e) d\u2019assumer les t\u00e2ches ci-dessous list\u00e9es<\/span><\/p>\n<ul>\n<li style=\"text-align: justify;\"><span style=\"color: #000000;\">Faire le suivi des enl\u00e8vements des colis de l\u2019a\u00e9roport et aupr\u00e8s des diff\u00e9rents transitaires.<\/span><\/li>\n<li style=\"text-align: justify;\"><span style=\"color: #000000;\">Pr\u00e9parer et transmettre les documents d\u2019exon\u00e9ration aux transitaires.<\/span><\/li>\n<li style=\"text-align: justify;\"><span style=\"color: #000000;\">Assurer la r\u00e9ception et l\u2019entreposage du mat\u00e9riel, \u00e9quipements et consommables acquis par le bureau.<\/span><\/li>\n<li style=\"text-align: justify;\"><span style=\"color: #000000;\">Assurer l\u2019exp\u00e9dition et la livraison du mat\u00e9riel, \u00e9quipements et des produits vers les diff\u00e9rentes structures.<\/span><\/li>\n<li style=\"text-align: justify;\"><span style=\"color: #000000;\">Tenir \u00e0 jour le registre de suivi des entr\u00e9es et sorties des mat\u00e9riels, \u00e9quipements et consommables de l\u2019entrep\u00f4t.<\/span><\/li>\n<li style=\"text-align: justify;\"><span style=\"color: #000000;\">Conduire les inventaires des stocks des produits, consommables et \u00e9quipements de fa\u00e7on trimestrielle et partage le rapport avec l\u2019administration.<\/span><\/li>\n<li style=\"text-align: justify;\"><span style=\"color: #000000;\">S\u2019acquitter de toute t\u00e2che qui lui serait demand\u00e9e.<\/span><\/li>\n<li style=\"text-align: justify;\"><span style=\"color: #000000;\">Sous r\u00e9serve de l\u2019Accord des deux parties, ce mandat pourra \u00eatre p\u00e9riodiquement modifi\u00e9 dans l\u2019int\u00e9r\u00eat du projet.<\/span><\/li>\n<\/ul>\n<h3><span class=\"ez-toc-section\" id=\"profil-pour-le-recrutement\"><\/span><span style=\"color: #3366ff;\"><strong>Profil pour le recrutement<\/strong><\/span><span class=\"ez-toc-section-end\"><\/span><\/h3>\n<p><strong>Comp\u00e9tences g\u00e9n\u00e9riques :<\/strong><\/p>\n<ul>\n<li style=\"text-align: justify;\"><span style=\"color: #000000;\">Communiquer de mani\u00e8re cr\u00e9dible et efficace.<\/span><\/li>\n<li style=\"text-align: justify;\"><span style=\"color: #000000;\">Produire des r\u00e9sultats.<\/span><\/li>\n<li style=\"text-align: justify;\"><span style=\"color: #000000;\">Favoriser l\u2019int\u00e9gration et le travail en \u00e9quipe.<\/span><\/li>\n<li style=\"text-align: justify;\"><span style=\"color: #000000;\">Respecter et promouvoir les diff\u00e9rences individuelles et culturelles.<\/span><\/li>\n<li style=\"text-align: justify;\"><span style=\"color: #000000;\">Veiller \u00e0 l\u2019utilisation efficace des ressources.<\/span><\/li>\n<\/ul>\n<p><strong>Comp\u00e9tences fonctionnelles :<\/strong><\/p>\n<ul>\n<li><span style=\"color: #000000;\">Capacit\u00e9 de planifier, organiser, coordonner et mettre en place un m\u00e9canisme de gestion de mani\u00e8re \u00e0 exprimer de fa\u00e7on claire et concise les activit\u00e9s \u00e0 mener.<\/span><br \/>\n<span style=\"color: #000000;\">Maitrise des politiques et pratiques et pratiques de l\u2019OMS, en l\u2019occurrence les principes de gestion et leur application au sein de l\u2019OMS.<\/span><br \/>\n<span style=\"color: #000000;\">Capacit\u00e9 d\u2019agir ind\u00e9pendamment et de pouvoir juger les faits ;<\/span><br \/>\n<span style=\"color: #000000;\">Bonne aptitude organisationnelle et d\u2019analyse, combin\u00e9e avec comp\u00e9tences en communication orale et \u00e9crite.<\/span><\/li>\n<\/ul>\n<p style=\"text-align: justify;\"><span style=\"color: #000000;\">Toutes les candidatures doivent \u00eatre soumises en ligne sur le site Web de l\u2019OMS : http:\/\/www.who.int\/careers\/fr\/<\/span><\/p>\n<p style=\"text-align: justify;\"><span style=\"color: #000000;\">L\u2019OMS n\u2019accepte ni les dossiers physiques ni ceux transmis par mail ;<\/span><br \/>\n<span style=\"color: #000000;\">Date limite de d\u00e9p\u00f4t des dossiers : 20 octobre 2023.<\/span><br \/>\n<span style=\"color: #000000;\">\u00ab Veuillez-vous r\u00e9f\u00e9rer au Quick Guide for Candidates \u00bb pour les d\u00e9tails concernant les \u00e9tapes pour la cr\u00e9ation du profil de candidat soumise de la candidature en ligne.<\/span><\/p>\n<p style=\"text-align: justify;\"><span style=\"color: #000000;\">Seuls les candidats dont les dossiers auront \u00e9t\u00e9 retenus seront contact\u00e9s pour le test.<\/span><br \/>\n<span style=\"color: #000000;\">Les candidatures f\u00e9minines sont fortement encourag\u00e9es.<\/span><\/p>\n<h3 style=\"text-align: center;\"><span class=\"ez-toc-section\" id=\"ong-organisation-mondiale-de-la-sante-%e2%80%93-offre-demploi-a-oms-who-assistant-logisticien-2\"><\/span><span style=\"color: #3366ff;\"><strong>ONG Organisation Mondiale De La Sant\u00e9 \u2013 Offre d\u2019emploi \u00c0 OMS -WHO : Assistant Logisticien.<\/strong><\/span><span class=\"ez-toc-section-end\"><\/span><\/h3>\n","protected":false},"excerpt":{"rendered":"<p>&#46;&#46;&#46;<\/p>\n","protected":false},"author":1,"featured_media":12824,"comment_status":"open","ping_status":"closed","sticky":false,"template":"","format":"standard","meta":{"_themeisle_gutenberg_block_has_review":false,"footnotes":""},"categories":[1845],"tags":[1968,1973,2428],"class_list":["post-24273","post","type-post","status-publish","format-standard","has-post-thumbnail","hentry","category-emplois","tag-les-offre-demploi-au-cameroun","tag-offre-demploi-au-cameroun-2016-2017","tag-oms-recrutement-cameroun"],"_links":{"self":[{"href":"https:\/\/kamerpower.com\/fr\/wp-json\/wp\/v2\/posts\/24273","targetHints":{"allow":["GET"]}}],"collection":[{"href":"https:\/\/kamerpower.com\/fr\/wp-json\/wp\/v2\/posts"}],"about":[{"href":"https:\/\/kamerpower.com\/fr\/wp-json\/wp\/v2\/types\/post"}],"author":[{"embeddable":true,"href":"https:\/\/kamerpower.com\/fr\/wp-json\/wp\/v2\/users\/1"}],"replies":[{"embeddable":true,"href":"https:\/\/kamerpower.com\/fr\/wp-json\/wp\/v2\/comments?post=24273"}],"version-history":[{"count":0,"href":"https:\/\/kamerpower.com\/fr\/wp-json\/wp\/v2\/posts\/24273\/revisions"}],"wp:featuredmedia":[{"embeddable":true,"href":"https:\/\/kamerpower.com\/fr\/wp-json\/wp\/v2\/media\/12824"}],"wp:attachment":[{"href":"https:\/\/kamerpower.com\/fr\/wp-json\/wp\/v2\/media?parent=24273"}],"wp:term":[{"taxonomy":"category","embeddable":true,"href":"https:\/\/kamerpower.com\/fr\/wp-json\/wp\/v2\/categories?post=24273"},{"taxonomy":"post_tag","embeddable":true,"href":"https:\/\/kamerpower.com\/fr\/wp-json\/wp\/v2\/tags?post=24273"}],"curies":[{"name":"wp","href":"https:\/\/api.w.org\/{rel}","templated":true}]}}