{"id":24346,"date":"2024-10-20T01:00:00","date_gmt":"2024-10-20T00:00:00","guid":{"rendered":"https:\/\/kamerpower.com\/?p=24346"},"modified":"2026-01-14T20:47:17","modified_gmt":"2026-01-14T19:47:17","slug":"programme-reinvitation-du-bourses-daad-pour-les-anciens-detenteurs-2019-2020","status":"publish","type":"post","link":"https:\/\/kamerpower.com\/fr\/programme-reinvitation-du-bourses-daad-pour-les-anciens-detenteurs-2019-2020\/","title":{"rendered":"Programme r\u00e9invitation du  bourses DAAD pour les anciens d\u00e9tenteurs 2026-2027"},"content":{"rendered":"<p style=\"text-align: justify;\"><span style=\"color: #000000;\">Programme r\u00e9invitation du <a href=\"https:\/\/kamerpower.com\/fr\/bourse-daad-2019-2020-formulaire-de-candidature-et-constitution-du-dossier\/\"><strong>bourses DAAD pour les anciens d\u00e9tenteurs<\/strong><\/a> 2026-2027. L\u2019objectif de ce programme est de permettre aux anciens boursiers d\u2019effectuer des projets de recherche et de travail en Allemagne et de maintenir des contacts dans le cadre du r\u00e9seau mondial des anciens \u00e9l\u00e8ves du DAAD. Kamerpower.com<\/span><\/p>\n<p><span style=\"color: #000000;\"><strong>Date limite d&#8217;inscription:<\/strong><\/span><\/p>\n<p><span style=\"color: #000000;\">31 octobre pour les s\u00e9jours de recherche \u00e0 partir d&#8217;avril 2026.<\/span><br \/>\n<span style=\"color: #000000;\">1er avril pour les s\u00e9jours de recherche \u00e0 partir d&#8217;ao\u00fbt 2026.<\/span><\/p>\n<p><span style=\"color: #000000;\">Offert chaque ann\u00e9e? Oui<\/span><br \/>\n<span style=\"color: #000000;\">Pays \u00e9ligibles: International.<\/span><br \/>\n<span style=\"color: #000000;\">Lieu (pays): Allemagne.<\/span><br \/>\n<span style=\"color: #000000;\">Type: Recherche.<\/span><\/p>\n<p><img decoding=\"async\" class=\"aligncenter wp-image-24310 size-full\" src=\"https:\/\/kamerpower.com\/wp-content\/uploads\/Bourse-DAAD-2019-2020-Formulaire-de-candidature-et-Constitution-du-dossier-DAAD.de-bourse-allemande.jpg\" alt=\"Bourse DAAD 2026-2027 - Formulaire de candidature et Constitution du dossier - DAAD.de bourse allemande\" width=\"1280\" height=\"720\" srcset=\"https:\/\/kamerpower.com\/wp-content\/uploads\/Bourse-DAAD-2019-2020-Formulaire-de-candidature-et-Constitution-du-dossier-DAAD.de-bourse-allemande.jpg 1280w, https:\/\/kamerpower.com\/wp-content\/uploads\/Bourse-DAAD-2019-2020-Formulaire-de-candidature-et-Constitution-du-dossier-DAAD.de-bourse-allemande-600x338.jpg 600w, https:\/\/kamerpower.com\/wp-content\/uploads\/Bourse-DAAD-2019-2020-Formulaire-de-candidature-et-Constitution-du-dossier-DAAD.de-bourse-allemande-300x169.jpg 300w, https:\/\/kamerpower.com\/wp-content\/uploads\/Bourse-DAAD-2019-2020-Formulaire-de-candidature-et-Constitution-du-dossier-DAAD.de-bourse-allemande-768x432.jpg 768w, https:\/\/kamerpower.com\/wp-content\/uploads\/Bourse-DAAD-2019-2020-Formulaire-de-candidature-et-Constitution-du-dossier-DAAD.de-bourse-allemande-150x84.jpg 150w\" sizes=\"(max-width: 1280px) 100vw, 1280px\" \/><\/p>\n<div id=\"ez-toc-container\" class=\"ez-toc-v2_0_82_2 counter-hierarchy ez-toc-counter ez-toc-custom ez-toc-container-direction\">\n<p class=\"ez-toc-title\" style=\"cursor:inherit\">Contents<\/p>\n<label for=\"ez-toc-cssicon-toggle-item-69f4493d483d3\" class=\"ez-toc-cssicon-toggle-label\"><span class=\"ez-toc-cssicon\"><span class=\"eztoc-hide\" style=\"display:none;\">Toggle<\/span><span class=\"ez-toc-icon-toggle-span\"><svg style=\"fill: #000000;color:#000000\" xmlns=\"http:\/\/www.w3.org\/2000\/svg\" class=\"list-377408\" width=\"20px\" height=\"20px\" viewBox=\"0 0 24 24\" fill=\"none\"><path d=\"M6 6H4v2h2V6zm14 0H8v2h12V6zM4 11h2v2H4v-2zm16 0H8v2h12v-2zM4 16h2v2H4v-2zm16 0H8v2h12v-2z\" fill=\"currentColor\"><\/path><\/svg><svg style=\"fill: #000000;color:#000000\" class=\"arrow-unsorted-368013\" xmlns=\"http:\/\/www.w3.org\/2000\/svg\" width=\"10px\" height=\"10px\" viewBox=\"0 0 24 24\" version=\"1.2\" baseProfile=\"tiny\"><path d=\"M18.2 9.3l-6.2-6.3-6.2 6.3c-.2.2-.3.4-.3.7s.1.5.3.7c.2.2.4.3.7.3h11c.3 0 .5-.1.7-.3.2-.2.3-.5.3-.7s-.1-.5-.3-.7zM5.8 14.7l6.2 6.3 6.2-6.3c.2-.2.3-.5.3-.7s-.1-.5-.3-.7c-.2-.2-.4-.3-.7-.3h-11c-.3 0-.5.1-.7.3-.2.2-.3.5-.3.7s.1.5.3.7z\"\/><\/svg><\/span><\/span><\/label><input type=\"checkbox\"  id=\"ez-toc-cssicon-toggle-item-69f4493d483d3\"  aria-label=\"Toggle\" \/><nav><ul class='ez-toc-list ez-toc-list-level-1 ' ><li class='ez-toc-page-1 ez-toc-heading-level-3'><a class=\"ez-toc-link ez-toc-heading-1\" href=\"https:\/\/kamerpower.com\/fr\/programme-reinvitation-du-bourses-daad-pour-les-anciens-detenteurs-2019-2020\/#eligibilite\" >Eligibilit\u00e9:<\/a><\/li><li class='ez-toc-page-1 ez-toc-heading-level-3'><a class=\"ez-toc-link ez-toc-heading-2\" href=\"https:\/\/kamerpower.com\/fr\/programme-reinvitation-du-bourses-daad-pour-les-anciens-detenteurs-2019-2020\/#que-peut-on-financer\" >Que peut-on financer?<\/a><\/li><li class='ez-toc-page-1 ez-toc-heading-level-3'><a class=\"ez-toc-link ez-toc-heading-3\" href=\"https:\/\/kamerpower.com\/fr\/programme-reinvitation-du-bourses-daad-pour-les-anciens-detenteurs-2019-2020\/#valeur-du-prix\" >Valeur du prix:<\/a><\/li><li class='ez-toc-page-1 ez-toc-heading-level-3'><a class=\"ez-toc-link ez-toc-heading-4\" href=\"https:\/\/kamerpower.com\/fr\/programme-reinvitation-du-bourses-daad-pour-les-anciens-detenteurs-2019-2020\/#duree-du-programme\" >Dur\u00e9e du programme:<\/a><\/li><\/ul><\/nav><\/div>\n<h3><span class=\"ez-toc-section\" id=\"eligibilite\"><\/span><span style=\"color: #3366ff;\"><strong>Eligibilit\u00e9:<\/strong><\/span><span class=\"ez-toc-section-end\"><\/span><\/h3>\n<ul>\n<li style=\"text-align: justify;\"><span style=\"color: #000000;\">Anciens titulaires de subventions de recherche ou d&#8217;\u00e9tudes du <a href=\"https:\/\/kamerpower.com\/fr\/bourse-daad-2019-2020-formulaire-de-candidature-et-constitution-du-dossier\/\"><strong>DAAD<\/strong> <\/a>financ\u00e9es pour une p\u00e9riode de plus de six mois<\/span><\/li>\n<li style=\"text-align: justify;\"><span style=\"color: #000000;\">Les candidats doivent \u00eatre rentr\u00e9s dans leur pays d&#8217;origine au moins trois ans auparavant.<\/span><\/li>\n<li style=\"text-align: justify;\"><span style=\"color: #000000;\">Le projet de recherche ou de travail doit \u00eatre coordonn\u00e9 avec un partenaire de coop\u00e9ration en Allemagne.<\/span><\/li>\n<\/ul>\n<h3><span class=\"ez-toc-section\" id=\"que-peut-on-financer\"><\/span><strong><span style=\"color: #3366ff;\">Que peut-on financer?<\/span><\/strong><span class=\"ez-toc-section-end\"><\/span><\/h3>\n<ul>\n<li style=\"text-align: justify;\"><span style=\"color: #000000;\">Projets de recherche et de travail dans des \u00e9tablissements d&#8217;enseignement sup\u00e9rieur ou des instituts de recherche non universitaires reconnus ou reconnus en Allemagne<\/span><\/li>\n<li style=\"text-align: justify;\"><span style=\"color: #000000;\">Travailler dans une institution d\u2019affaires, d\u2019administration, de culture ou de m\u00e9dias pour d&#8217;anciens boursiers travaillant en dehors du secteur scientifique.<\/span><\/li>\n<li style=\"text-align: justify;\"><span style=\"color: #000000;\">Une visite de recherche ou de travail peut \u00e9galement avoir lieu dans plusieurs institutions h\u00f4tes.<\/span><\/li>\n<li style=\"text-align: justify;\"><span style=\"color: #000000;\">Le financement ne peut \u00eatre demand\u00e9 qu&#8217;une seule fois dans les trois ans.<\/span><\/li>\n<\/ul>\n<p style=\"text-align: justify;\"><span style=\"color: #000000;\"><strong>Crit\u00e8res de s\u00e9lection<\/strong>: Un comit\u00e9 de s\u00e9lection ind\u00e9pendant examine les candidatures.<\/span><\/p>\n<p style=\"text-align: justify;\"><span style=\"color: #000000;\">Les crit\u00e8res de s\u00e9lection les plus importants sont:<\/span><\/p>\n<ul>\n<li style=\"text-align: justify;\"><span style=\"color: #000000;\">R\u00e9alisations acad\u00e9miques et, le cas \u00e9ch\u00e9ant, publications, qui doivent \u00eatre document\u00e9es dans le curriculum vitae et une liste des publications.<\/span><\/li>\n<li style=\"text-align: justify;\"><span style=\"color: #000000;\">Un projet de recherche ou de travail convaincant et bien planifi\u00e9<\/span><\/li>\n<li style=\"text-align: justify;\"><span style=\"color: #000000;\">Dans le cas de s\u00e9jours de travail en dehors du secteur scientifique, une attention particuli\u00e8re est accord\u00e9e aux questions suivantes:<\/span>\n<ul>\n<li style=\"text-align: justify;\"><span style=\"color: #000000;\">Le s\u00e9jour en Allemagne aura-t-il un effet durable sur votre activit\u00e9 professionnelle?<\/span><\/li>\n<li style=\"text-align: justify;\"><span style=\"color: #000000;\">Pensez-vous qu&#8217;il aura des effets multiplicateurs, par exemple, sous la forme de publications planifi\u00e9es?<\/span><\/li>\n<li style=\"text-align: justify;\"><span style=\"color: #000000;\">Votre s\u00e9jour en Allemagne favorisera-t-il les coop\u00e9rations existantes?<\/span><\/li>\n<\/ul>\n<\/li>\n<\/ul>\n<h3><span class=\"ez-toc-section\" id=\"valeur-du-prix\"><\/span><span style=\"color: #3366ff;\"><strong>Valeur du prix:<\/strong><\/span><span class=\"ez-toc-section-end\"><\/span><\/h3>\n<p><span style=\"color: #000000;\">Paiements mensuels de<\/span><\/p>\n<ul>\n<li style=\"text-align: justify;\"><span style=\"color: #000000;\">2 000 euros pour les assistants enseignants, assistants et charg\u00e9s de cours.<\/span><\/li>\n<li style=\"text-align: justify;\"><span style=\"color: #000000;\">2 150 euros pour les professeurs.<\/span><\/li>\n<\/ul>\n<p style=\"text-align: justify;\"><span style=\"color: #000000;\">Les paiements mensuels pour les anciens boursiers qui travaillent en dehors du secteur scientifique seront calcul\u00e9s en fonction de leurs qualifications.<\/span><\/p>\n<ul>\n<li style=\"text-align: justify;\"><span style=\"color: #000000;\">Allocation de voyage, \u00e0 moins que ces d\u00e9penses ne soient couvertes par le pays d&#8217;origine ou par une autre source de financement.<\/span><\/li>\n<li style=\"text-align: justify;\"><span style=\"color: #000000;\">Aucun autre paiement ne peut \u00eatre effectu\u00e9.<\/span><\/li>\n<\/ul>\n<h3><span class=\"ez-toc-section\" id=\"duree-du-programme\"><\/span><span style=\"color: #3366ff;\"><strong>Dur\u00e9e du programme:<\/strong><\/span><span class=\"ez-toc-section-end\"><\/span><\/h3>\n<p style=\"text-align: justify;\"><span style=\"color: #000000;\">Un \u00e0 trois mois; la dur\u00e9e de la subvention est d\u00e9cid\u00e9e par un comit\u00e9 de s\u00e9lection et d\u00e9pend du projet en question et du calendrier de travail du demandeur.<\/span><br \/>\n<span style=\"color: #000000;\">La subvention est non renouvelable.<\/span><\/p>\n<p style=\"text-align: justify;\"><span style=\"color: #000000;\">Comment postuler: La proc\u00e9dure de <a href=\"https:\/\/www.daad.de\/deutschland\/stipendium\/datenbank\/en\/21148-scholarship-database\/?status=3&amp;origin=165&amp;subjectGrps=&amp;daad=&amp;q=&amp;page=8&amp;detail=50015492\" target=\"_blank\" rel=\"noopener noreferrer\"><strong>candidature se fait en ligne via le portail DAAD<\/strong><\/a>. L&#8217;acc\u00e8s au portail DAAD s&#8217;ouvre environ 6 semaines avant la date limite de candidature (voir ci-dessus).<\/span><\/p>\n","protected":false},"excerpt":{"rendered":"<p>&#46;&#46;&#46;<\/p>\n","protected":false},"author":1,"featured_media":24310,"comment_status":"open","ping_status":"closed","sticky":false,"template":"","format":"standard","meta":{"_themeisle_gutenberg_block_has_review":false,"footnotes":""},"categories":[60],"tags":[25806,2006],"class_list":["post-24346","post","type-post","status-publish","format-standard","has-post-thumbnail","hentry","category-bourses","tag-bourse-detude-en-allemagne-daad-de-bourse-allemande","tag-bourses-detudes-2017-pour-etudiants-africains"],"_links":{"self":[{"href":"https:\/\/kamerpower.com\/fr\/wp-json\/wp\/v2\/posts\/24346","targetHints":{"allow":["GET"]}}],"collection":[{"href":"https:\/\/kamerpower.com\/fr\/wp-json\/wp\/v2\/posts"}],"about":[{"href":"https:\/\/kamerpower.com\/fr\/wp-json\/wp\/v2\/types\/post"}],"author":[{"embeddable":true,"href":"https:\/\/kamerpower.com\/fr\/wp-json\/wp\/v2\/users\/1"}],"replies":[{"embeddable":true,"href":"https:\/\/kamerpower.com\/fr\/wp-json\/wp\/v2\/comments?post=24346"}],"version-history":[{"count":1,"href":"https:\/\/kamerpower.com\/fr\/wp-json\/wp\/v2\/posts\/24346\/revisions"}],"predecessor-version":[{"id":73019,"href":"https:\/\/kamerpower.com\/fr\/wp-json\/wp\/v2\/posts\/24346\/revisions\/73019"}],"wp:featuredmedia":[{"embeddable":true,"href":"https:\/\/kamerpower.com\/fr\/wp-json\/wp\/v2\/media\/24310"}],"wp:attachment":[{"href":"https:\/\/kamerpower.com\/fr\/wp-json\/wp\/v2\/media?parent=24346"}],"wp:term":[{"taxonomy":"category","embeddable":true,"href":"https:\/\/kamerpower.com\/fr\/wp-json\/wp\/v2\/categories?post=24346"},{"taxonomy":"post_tag","embeddable":true,"href":"https:\/\/kamerpower.com\/fr\/wp-json\/wp\/v2\/tags?post=24346"}],"curies":[{"name":"wp","href":"https:\/\/api.w.org\/{rel}","templated":true}]}}