{"id":27941,"date":"2023-05-21T02:13:00","date_gmt":"2023-05-21T01:13:00","guid":{"rendered":"https:\/\/kamerpower.com\/?p=27941"},"modified":"2024-09-30T11:37:54","modified_gmt":"2024-09-30T10:37:54","slug":"concours-recrutement-de-200-secretaires-au-ministere-de-la-justice-2019-2020-cameroun","status":"publish","type":"post","link":"https:\/\/kamerpower.com\/fr\/concours-recrutement-de-200-secretaires-au-ministere-de-la-justice-2019-2020-cameroun\/","title":{"rendered":"Concours recrutement de 150 Secr\u00e9taires au Minist\u00e8re de la Justice 2024-2025 Cameroun"},"content":{"rendered":"<div id=\"ez-toc-container\" class=\"ez-toc-v2_0_82_2 counter-hierarchy ez-toc-counter ez-toc-custom ez-toc-container-direction\">\n<p class=\"ez-toc-title\" style=\"cursor:inherit\">Contents<\/p>\n<label for=\"ez-toc-cssicon-toggle-item-69f0556f96181\" class=\"ez-toc-cssicon-toggle-label\"><span class=\"ez-toc-cssicon\"><span class=\"eztoc-hide\" style=\"display:none;\">Toggle<\/span><span class=\"ez-toc-icon-toggle-span\"><svg style=\"fill: #000000;color:#000000\" xmlns=\"http:\/\/www.w3.org\/2000\/svg\" class=\"list-377408\" width=\"20px\" height=\"20px\" viewBox=\"0 0 24 24\" fill=\"none\"><path d=\"M6 6H4v2h2V6zm14 0H8v2h12V6zM4 11h2v2H4v-2zm16 0H8v2h12v-2zM4 16h2v2H4v-2zm16 0H8v2h12v-2z\" fill=\"currentColor\"><\/path><\/svg><svg style=\"fill: #000000;color:#000000\" class=\"arrow-unsorted-368013\" xmlns=\"http:\/\/www.w3.org\/2000\/svg\" width=\"10px\" height=\"10px\" viewBox=\"0 0 24 24\" version=\"1.2\" baseProfile=\"tiny\"><path d=\"M18.2 9.3l-6.2-6.3-6.2 6.3c-.2.2-.3.4-.3.7s.1.5.3.7c.2.2.4.3.7.3h11c.3 0 .5-.1.7-.3.2-.2.3-.5.3-.7s-.1-.5-.3-.7zM5.8 14.7l6.2 6.3 6.2-6.3c.2-.2.3-.5.3-.7s-.1-.5-.3-.7c-.2-.2-.4-.3-.7-.3h-11c-.3 0-.5.1-.7.3-.2.2-.3.5-.3.7s.1.5.3.7z\"\/><\/svg><\/span><\/span><\/label><input type=\"checkbox\"  id=\"ez-toc-cssicon-toggle-item-69f0556f96181\"  aria-label=\"Toggle\" \/><nav><ul class='ez-toc-list ez-toc-list-level-1 ' ><ul class='ez-toc-list-level-3' ><li class='ez-toc-heading-level-3'><a class=\"ez-toc-link ez-toc-heading-1\" href=\"https:\/\/kamerpower.com\/fr\/concours-recrutement-de-200-secretaires-au-ministere-de-la-justice-2019-2020-cameroun\/#concours-recrutement-de-150-secretaires-au-ministere-de-la-justice-2024-2025-cameroun\" >Concours recrutement de 150 Secr\u00e9taires au Minist\u00e8re de la Justice 2024-2025 Cameroun.<\/a><\/li><\/ul><\/li><li class='ez-toc-page-1 ez-toc-heading-level-2'><a class=\"ez-toc-link ez-toc-heading-2\" href=\"https:\/\/kamerpower.com\/fr\/concours-recrutement-de-200-secretaires-au-ministere-de-la-justice-2019-2020-cameroun\/#i-conditions-generales-pour-faire-acte-de-candidature\" >I- Conditions g\u00e9n\u00e9rales pour faire acte de candidature.<\/a><ul class='ez-toc-list-level-3' ><li class='ez-toc-heading-level-3'><a class=\"ez-toc-link ez-toc-heading-3\" href=\"https:\/\/kamerpower.com\/fr\/concours-recrutement-de-200-secretaires-au-ministere-de-la-justice-2019-2020-cameroun\/#a-qualifications-requises\" >A- Qualifications requises :<\/a><\/li><li class='ez-toc-page-1 ez-toc-heading-level-3'><a class=\"ez-toc-link ez-toc-heading-4\" href=\"https:\/\/kamerpower.com\/fr\/concours-recrutement-de-200-secretaires-au-ministere-de-la-justice-2019-2020-cameroun\/#b-profil-des-candidats\" >B- Profil des candidats :<\/a><\/li><li class='ez-toc-page-1 ez-toc-heading-level-3'><a class=\"ez-toc-link ez-toc-heading-5\" href=\"https:\/\/kamerpower.com\/fr\/concours-recrutement-de-200-secretaires-au-ministere-de-la-justice-2019-2020-cameroun\/#faqs-%e2%80%93-concours-recrutement-de-150-secretaires-au-ministere-de-la-justice\" >FAQs &#8211; Concours recrutement de 150 Secr\u00e9taires au Minist\u00e8re de la Justice<\/a><\/li><\/ul><\/li><li class='ez-toc-page-1 ez-toc-heading-level-2'><a class=\"ez-toc-link ez-toc-heading-6\" href=\"https:\/\/kamerpower.com\/fr\/concours-recrutement-de-200-secretaires-au-ministere-de-la-justice-2019-2020-cameroun\/#ii-nombre-de-places\" >II- Nombre de places:<\/a><\/li><li class='ez-toc-page-1 ez-toc-heading-level-2'><a class=\"ez-toc-link ez-toc-heading-7\" href=\"https:\/\/kamerpower.com\/fr\/concours-recrutement-de-200-secretaires-au-ministere-de-la-justice-2019-2020-cameroun\/#iii-composition-des-dossiers\" >III- Composition des dossiers<\/a><\/li><li class='ez-toc-page-1 ez-toc-heading-level-2'><a class=\"ez-toc-link ez-toc-heading-8\" href=\"https:\/\/kamerpower.com\/fr\/concours-recrutement-de-200-secretaires-au-ministere-de-la-justice-2019-2020-cameroun\/#iv-depot-des-dossiers\" >IV- D\u00e9p\u00f4t des dossiers<\/a><ul class='ez-toc-list-level-3' ><li class='ez-toc-heading-level-3'><a class=\"ez-toc-link ez-toc-heading-9\" href=\"https:\/\/kamerpower.com\/fr\/concours-recrutement-de-200-secretaires-au-ministere-de-la-justice-2019-2020-cameroun\/#v-date-et-centre-dexamen\" >V- DATE ET CENTRE D&#8217;EXAMEN<\/a><\/li><\/ul><\/li><li class='ez-toc-page-1 ez-toc-heading-level-2'><a class=\"ez-toc-link ez-toc-heading-10\" href=\"https:\/\/kamerpower.com\/fr\/concours-recrutement-de-200-secretaires-au-ministere-de-la-justice-2019-2020-cameroun\/#concours-recrutement-de-150-secretaires-au-ministere-de-la-justice-cameroun\" >Concours recrutement de 150 Secr\u00e9taires au Minist\u00e8re de la Justice Cameroun.<\/a><\/li><\/ul><\/nav><\/div>\n<h3 style=\"text-align: center;\"><span class=\"ez-toc-section\" id=\"concours-recrutement-de-150-secretaires-au-ministere-de-la-justice-2024-2025-cameroun\"><\/span><span style=\"color: #000000;\"><strong>Concours recrutement de 150 Secr\u00e9taires au Minist\u00e8re de la Justice 2024-2025 Cameroun.<\/strong><\/span><span class=\"ez-toc-section-end\"><\/span><\/h3>\n<p style=\"text-align: center;\"><span style=\"color: #000000;\"><strong>MINJUSTICE &#8211; Minist\u00e8re de la justice Cameroun www.minjustice.gov.cm<\/strong><\/span><br \/>\n<span style=\"color: #000000;\"><strong>R\u00c9PUBLIQUE DU CAMEROUN<\/strong><\/span><br \/>\n<span style=\"color: #000000;\"><strong>MINIST\u00c8RE DE LA JUSTICE.<br \/>\nYaound\u00e9, <\/strong><\/span><strong>le <\/strong><strong>21 Mai 2023<\/strong><strong>.<\/strong><span style=\"color: #000000;\"><strong><br \/>\n<\/strong><\/span><\/p>\n<p style=\"text-align: justify;\"><span style=\"color: #000000;\">Le Ministre d&#8217;\u00c9tat, Ministre de la Justice, Garde des Sceaux informe le public qu&#8217;un recrutement de cents cinquante (150) secr\u00e9taires est ouvert pour les juridictions, les services centraux et d\u00e9concentr\u00e9s du Minist\u00e8re de la Justice.\u00a0<\/span><\/p>\n<p style=\"text-align: justify;\"><span style=\"color: #000000;\">Le <a href=\"https:\/\/kamerpower.com\/fr\/concours-direct-recrutement-de-175-greffiers-adjoints-categorie-c-de-la-fonction-publique-dans-le-corps-des-fonctionnaires\/\">recrutement<\/a> se fera sur la base de l&#8217;\u00e9tude des dossiers suivi de tests d&#8217;aptitude et selon les modalit\u00e9s ci-apr\u00e8s:<\/span><\/p>\n<p><img decoding=\"async\" class=\"aligncenter wp-image-27942 size-full\" src=\"https:\/\/kamerpower.com\/wp-content\/uploads\/MINJUSTICE-Minist\u00e8re-de-la-justice-Cameroun-www.minjustice.gov_.cm_.png\" alt=\"Concours recrutement de 150 Secr\u00e9taires au Minist\u00e8re de la Justice Cameroun\" width=\"1280\" height=\"720\" srcset=\"https:\/\/kamerpower.com\/wp-content\/uploads\/MINJUSTICE-Minist\u00e8re-de-la-justice-Cameroun-www.minjustice.gov_.cm_.png 1280w, https:\/\/kamerpower.com\/wp-content\/uploads\/MINJUSTICE-Minist\u00e8re-de-la-justice-Cameroun-www.minjustice.gov_.cm_-600x338.png 600w, https:\/\/kamerpower.com\/wp-content\/uploads\/MINJUSTICE-Minist\u00e8re-de-la-justice-Cameroun-www.minjustice.gov_.cm_-300x169.png 300w, https:\/\/kamerpower.com\/wp-content\/uploads\/MINJUSTICE-Minist\u00e8re-de-la-justice-Cameroun-www.minjustice.gov_.cm_-768x432.png 768w, https:\/\/kamerpower.com\/wp-content\/uploads\/MINJUSTICE-Minist\u00e8re-de-la-justice-Cameroun-www.minjustice.gov_.cm_-150x84.png 150w\" sizes=\"(max-width: 1280px) 100vw, 1280px\" \/><\/p>\n<h2 style=\"text-align: center;\"><span class=\"ez-toc-section\" id=\"i-conditions-generales-pour-faire-acte-de-candidature\"><\/span><span style=\"color: #3366ff;\"><strong>I- Conditions g\u00e9n\u00e9rales pour faire acte de candidature.<\/strong><\/span><span class=\"ez-toc-section-end\"><\/span><\/h2>\n<h3><span class=\"ez-toc-section\" id=\"a-qualifications-requises\"><\/span><span style=\"color: #000000;\"><strong>A- Qualifications requises :<\/strong><\/span><span class=\"ez-toc-section-end\"><\/span><\/h3>\n<ul>\n<li style=\"text-align: justify;\"><span style=\"color: #000000;\">BTS options : Secr\u00e9tariat de Direction\/ Secr\u00e9tariat bureautique\/ Secr\u00e9tariat bureautique bilingue\/ Assistance de Direction.<\/span><\/li>\n<li style=\"text-align: justify;\"><span style=\"color: #000000;\">Baccalaur\u00e9at G1 ou tout Baccalaur\u00e9at de l&#8217;Enseignement G\u00e9n\u00e9ral attestation de fin de formation en informatique ou en secr\u00e9tariat bureautique. kamerpower.com<\/span><\/li>\n<li style=\"text-align: justify;\"><span style=\"color: #000000;\">Probatoire G1 ou tout Probatoire de l&#8217;Enseignement G\u00e9n\u00e9ral + attestation de fin de formation attestation de fin de formation en informatique ou en secr\u00e9tariat bureautique.<\/span><\/li>\n<li style=\"text-align: justify;\"><span style=\"color: #000000;\">CAP options : Secr\u00e9tariat\/ St\u00e9no-Dactylo\/ Employ\u00e9 de bureau.<\/span><\/li>\n<li style=\"text-align: justify;\"><span style=\"color: #000000;\">BEPC + attestation de fin de formation en informatique ou en secr\u00e9tariat bureautique.<\/span><\/li>\n<\/ul>\n<p style=\"text-align: justify;\"><span style=\"color: #000000;\"><strong>NB:<\/strong> Dans tous les cas, les dipl\u00f4mes \u00e9quivalents sont accept\u00e9s et les candidats doivent avoir une bonne connaissance de l&#8217;utilisation de l&#8217;outil informatique (Windows, MS Office, Internet).<\/span><\/p>\n<h3><span class=\"ez-toc-section\" id=\"b-profil-des-candidats\"><\/span><span style=\"color: #000000;\"><strong>B- Profil des candidats :<\/strong><\/span><span class=\"ez-toc-section-end\"><\/span><\/h3>\n<ul>\n<li style=\"text-align: justify;\"><span style=\"color: #000000;\">Etre de nationalit\u00e9 camerounaise.<\/span><\/li>\n<li style=\"text-align: justify;\"><span style=\"color: #000000;\">Etre \u00e2g\u00e9 au 1er janvier de:<\/span>\n<ul>\n<li style=\"text-align: justify;\"><span style=\"color: #000000;\">17 ans au moins et 40 ans au plus pour les titulaires du Baccalaur\u00e9at et du BTS.<\/span><\/li>\n<li style=\"text-align: justify;\"><span style=\"color: #000000;\">17 ans au moins et 35 ans au plus pour les titulaires du CAP, BEPC et Probatoire. <\/span><\/li>\n<\/ul>\n<\/li>\n<\/ul>\n<h3><span class=\"ez-toc-section\" id=\"faqs-%e2%80%93-concours-recrutement-de-150-secretaires-au-ministere-de-la-justice\"><\/span><span style=\"color: #000000;\"><strong>FAQs &#8211; Concours recrutement de 150 Secr\u00e9taires au Minist\u00e8re de la Justice<\/strong><\/span><span class=\"ez-toc-section-end\"><\/span><\/h3>\n<p><span style=\"color: #000000;\"><strong>Quand aura lieu le Concours Secr\u00e9taires MINJUSTICE Cameroun ?<\/strong><\/span><\/p>\n<p><span style=\"color: #000000;\">Les Tests de s\u00e9lection dudit recrutement se d\u00e9rouleront le 09 Octobre dans le centre unique de Yaound\u00e9.<\/span><\/p>\n<p><strong><span style=\"color: #000000;\">Quel est l\u2019\u00e2ge limite pour le Concours Secr\u00e9taires MINJUSTICE ?<\/span><\/strong><\/p>\n<p><span style=\"color: #000000;\">Etre \u00e2g\u00e9 au 1er janvier de: 17 ans au moins et 40 ans au plus pour les titulaires du Baccalaur\u00e9at et du BTS. 17 ans au moins et 35 ans au plus pour les titulaires du CAP, BEPC et Probatoire.<\/span><\/p>\n<p><span style=\"color: #000000;\"><strong>Quel dipl\u00f4me pour Concours Secr\u00e9taires MINJUSTICE ?<\/strong><\/span><\/p>\n<p><span style=\"color: #000000;\">BTS, Baccalaur\u00e9at, Probatoire, CAP, BEPC.<\/span><\/p>\n<p style=\"text-align: center;\"><span style=\"color: #000000;\"><strong>Concours recrutement de 150 Secr\u00e9taires au Minist\u00e8re de la Justice 2024-2025 Cameroun.<br \/>\n<img decoding=\"async\" class=\"aligncenter wp-image-27942 size-full\" src=\"https:\/\/kamerpower.com\/wp-content\/uploads\/MINJUSTICE-Minist\u00e8re-de-la-justice-Cameroun-www.minjustice.gov_.cm_.png\" alt=\"MINJUSTICE - Minist\u00e8re de la justice Cameroun www.minjustice.gov.cm\" width=\"1280\" height=\"720\" srcset=\"https:\/\/kamerpower.com\/wp-content\/uploads\/MINJUSTICE-Minist\u00e8re-de-la-justice-Cameroun-www.minjustice.gov_.cm_.png 1280w, https:\/\/kamerpower.com\/wp-content\/uploads\/MINJUSTICE-Minist\u00e8re-de-la-justice-Cameroun-www.minjustice.gov_.cm_-600x338.png 600w, https:\/\/kamerpower.com\/wp-content\/uploads\/MINJUSTICE-Minist\u00e8re-de-la-justice-Cameroun-www.minjustice.gov_.cm_-300x169.png 300w, https:\/\/kamerpower.com\/wp-content\/uploads\/MINJUSTICE-Minist\u00e8re-de-la-justice-Cameroun-www.minjustice.gov_.cm_-768x432.png 768w, https:\/\/kamerpower.com\/wp-content\/uploads\/MINJUSTICE-Minist\u00e8re-de-la-justice-Cameroun-www.minjustice.gov_.cm_-150x84.png 150w\" sizes=\"(max-width: 1280px) 100vw, 1280px\" \/><br \/>\n<\/strong><\/span><\/p>\n<h2 style=\"text-align: center;\"><span class=\"ez-toc-section\" id=\"ii-nombre-de-places\"><\/span><span style=\"color: #3366ff;\"><strong>II- Nombre de places:<\/strong><\/span><span class=\"ez-toc-section-end\"><\/span><\/h2>\n<ul>\n<li style=\"text-align: justify;\"><span style=\"color: #000000;\"><strong>Titulaires du BTS : 30 places<\/strong><\/span><\/li>\n<li style=\"text-align: justify;\"><span style=\"color: #000000;\"><strong>Titulaires du Baccalaur\u00e9at : 60 places.<\/strong><\/span><\/li>\n<li style=\"text-align: justify;\"><span style=\"color: #000000;\"><strong>Titulaires du Probatoire : 30 places.<\/strong><\/span><\/li>\n<li style=\"text-align: justify;\"><span style=\"color: #000000;\"><strong>Titulaires du BEPC\/CAP : 30 places.<\/strong><\/span><\/li>\n<\/ul>\n<h2 style=\"text-align: center;\"><span class=\"ez-toc-section\" id=\"iii-composition-des-dossiers\"><\/span><span style=\"color: #3366ff;\"><strong>III- Composition des dossiers<\/strong><\/span><span class=\"ez-toc-section-end\"><\/span><\/h2>\n<ul>\n<li style=\"text-align: justify;\"><span style=\"color: #000000;\">Une demande timbr\u00e9e au tarif en vigueur, pr\u00e9cisant l&#8217;adresse du candidat.<\/span><\/li>\n<li style=\"text-align: justify;\"><span style=\"color: #000000;\">Une copie certifi\u00e9e conforme de l&#8217;acte de naissance, sign\u00e9e par une autorit\u00e9 civile comp\u00e9tente (Maire, Sous-Pr\u00e9fet, Pr\u00e9fet, Gouverneur).<\/span><\/li>\n<li style=\"text-align: justify;\"><span style=\"color: #000000;\">Un extrait de casier judiciaire, (bulletin N\u00b03) datant de moins de 03 mois.<\/span><\/li>\n<li style=\"text-align: justify;\"><span style=\"color: #000000;\">Une copie certifi\u00e9e conforme du dipl\u00f4me exig\u00e9, sign\u00e9e d&#8217;une autorit\u00e9 civile comp\u00e9tente.<\/span><\/li>\n<li style=\"text-align: justify;\"><span style=\"color: #000000;\">Une attestation de pr\u00e9sentation de l&#8217;original du dipl\u00f4m\u00e9 sign\u00e9e par une autorit\u00e9 comp\u00e9tente (Pr\u00e9fet, Gouverneur).<\/span><\/li>\n<li style=\"text-align: justify;\"><span style=\"color: #000000;\">Un r\u00e9c\u00e9piss\u00e9 mandat-poste \u00e0 l\u2019ordre du Directeur des Affaires G\u00e9n\u00e9rales du Minist\u00e8re de la Justice.<\/span><\/li>\n<li style=\"text-align: justify;\"><span style=\"color: #000000;\">Un certificat m\u00e9dical, d\u00e9livr\u00e9 par un m\u00e9decin du secteur public, datant de moins de 03 mois.<\/span><\/li>\n<li style=\"text-align: justify;\"><span style=\"color: #000000;\">04 photos d&#8217;identit\u00e9 4&#215;4, portant le nom du candidat au verso.<\/span><\/li>\n<li style=\"text-align: justify;\"><span style=\"color: #000000;\">Une enveloppe de format A4 portant l&#8217;adresse du candidat, affranchie d&#8217;un timbre-poste au tarif r\u00e9glementaire.<\/span><\/li>\n<\/ul>\n<p style=\"text-align: justify;\"><span style=\"color: #000000;\"><strong>NB<\/strong>: Tout dossier incomplet, en retard ou comportant les pi\u00e8ces fausses, falsifi\u00e9es, non sign\u00e9s ou sign\u00e9s dans un commissariat de police sera purement et simplement rejet\u00e9.<\/span><\/p>\n<h2 style=\"text-align: center;\"><span class=\"ez-toc-section\" id=\"iv-depot-des-dossiers\"><\/span><span style=\"color: #3366ff;\"><strong>IV- D\u00e9p\u00f4t des dossiers<\/strong><\/span><span class=\"ez-toc-section-end\"><\/span><\/h2>\n<p style=\"text-align: justify;\"><span style=\"color: #000000;\">Les dossiers de candidatures seront re\u00e7us complets, contre r\u00e9c\u00e9piss\u00e9, au Minist\u00e8re de la Justice, Direction des Affaires G\u00e9n\u00e9rales, Service des Personnels non Magistrats, au plus tard le <span style=\"color: #ff0000;\"><strong>31 Aout 2023<\/strong><\/span>, d\u00e9lai de rigueur.<\/span><\/p>\n<h3 style=\"text-align: center;\"><span class=\"ez-toc-section\" id=\"v-date-et-centre-dexamen\"><\/span><span style=\"color: #3366ff;\"><strong>V- DATE ET CENTRE D&#8217;EXAMEN<\/strong><\/span><span class=\"ez-toc-section-end\"><\/span><\/h3>\n<p style=\"text-align: justify;\">Les Tests de s\u00e9lection dudit recrutement se d\u00e9rouleront le <span style=\"color: #ff0000;\"><strong>09 Octobre 2023<\/strong><\/span> dans le centre unique de Yaound\u00e9. Les sites ou se d\u00e9rouleront les \u00e9preuves seront indiqu\u00e9s par voie de communiqu\u00e9s Radio, Presse et Affichage.<\/p>\n<p style=\"text-align: center;\"><strong>VI- D\u00c9ROULEMENT DES \u00c9PREUVES<\/strong><\/p>\n<p style=\"text-align: justify;\"><span style=\"color: #000000;\">Les candidats se pr\u00e9senteront aux lieux retenus 1 heure avant le d\u00e9but des \u00e9preuves, et ils devront obligatoirement se munir de leur Carte Nationale d&#8217;Identit\u00e9, du r\u00e9c\u00e9piss\u00e9 de d\u00e9p\u00f4t du dossier, d&#8217;une photocopie du dipl\u00f4me donnant acc\u00e8s au concours, et du n\u00e9cessaire pour composer \u00e0 l&#8217;exception du cahier de composition.<\/span><\/p>\n<p style=\"text-align: justify;\"><span style=\"color: #000000;\">NB: L&#8217;heure limite d&#8217;acc\u00e8s dans les salles est imp\u00e9rativement fix\u00e9e \u00e0 07 heures, pour l&#8217;\u00e9preuve du matin.<\/span><\/p>\n<p><span style=\"color: #000000;\"><strong>Recommandation<\/strong><\/span><\/p>\n<ul>\n<li><a href=\"https:\/\/kamerpower.com\/fr\/concours-enam-cameroun-2015-2016-70-auditeurs-de-justice-division-de-la-magistrature-et-des-greffes\/\"><strong>ENAM Cameroun Concours : 40 Auditeurs de Justice Division de la Magistrature et des Greffes<\/strong><\/a><\/li>\n<li><a href=\"https:\/\/kamerpower.com\/fr\/concours-enam-special-50-auditeurs-de-justice-anglophone-cameroun\/\"><strong>Concours ENAM sp\u00e9cial: 50 Auditeurs de Justice anglophone Cameroun.<\/strong><\/a><\/li>\n<\/ul>\n<h2 style=\"text-align: center;\"><span class=\"ez-toc-section\" id=\"concours-recrutement-de-150-secretaires-au-ministere-de-la-justice-cameroun\"><\/span><span style=\"color: #000000;\"><strong>Concours recrutement de 150 Secr\u00e9taires au Minist\u00e8re de la Justice Cameroun.<\/strong><\/span><span class=\"ez-toc-section-end\"><\/span><\/h2>\n","protected":false},"excerpt":{"rendered":"<p>&#46;&#46;&#46;<\/p>\n","protected":false},"author":1,"featured_media":27942,"comment_status":"open","ping_status":"closed","sticky":false,"template":"","format":"standard","meta":{"_themeisle_gutenberg_block_has_review":false,"footnotes":""},"categories":[66],"tags":[1968,1729,1973],"class_list":["post-27941","post","type-post","status-publish","format-standard","has-post-thumbnail","hentry","category-concours","tag-les-offre-demploi-au-cameroun","tag-ministere-de-la-justice-du-cameroun-minjustice","tag-offre-demploi-au-cameroun-2016-2017"],"_links":{"self":[{"href":"https:\/\/kamerpower.com\/fr\/wp-json\/wp\/v2\/posts\/27941","targetHints":{"allow":["GET"]}}],"collection":[{"href":"https:\/\/kamerpower.com\/fr\/wp-json\/wp\/v2\/posts"}],"about":[{"href":"https:\/\/kamerpower.com\/fr\/wp-json\/wp\/v2\/types\/post"}],"author":[{"embeddable":true,"href":"https:\/\/kamerpower.com\/fr\/wp-json\/wp\/v2\/users\/1"}],"replies":[{"embeddable":true,"href":"https:\/\/kamerpower.com\/fr\/wp-json\/wp\/v2\/comments?post=27941"}],"version-history":[{"count":0,"href":"https:\/\/kamerpower.com\/fr\/wp-json\/wp\/v2\/posts\/27941\/revisions"}],"wp:featuredmedia":[{"embeddable":true,"href":"https:\/\/kamerpower.com\/fr\/wp-json\/wp\/v2\/media\/27942"}],"wp:attachment":[{"href":"https:\/\/kamerpower.com\/fr\/wp-json\/wp\/v2\/media?parent=27941"}],"wp:term":[{"taxonomy":"category","embeddable":true,"href":"https:\/\/kamerpower.com\/fr\/wp-json\/wp\/v2\/categories?post=27941"},{"taxonomy":"post_tag","embeddable":true,"href":"https:\/\/kamerpower.com\/fr\/wp-json\/wp\/v2\/tags?post=27941"}],"curies":[{"name":"wp","href":"https:\/\/api.w.org\/{rel}","templated":true}]}}