{"id":28977,"date":"2023-08-23T17:52:00","date_gmt":"2023-08-23T16:52:00","guid":{"rendered":"https:\/\/kamerpower.com\/?p=28977"},"modified":"2026-02-06T23:28:05","modified_gmt":"2026-02-06T22:28:05","slug":"orientation-en-seconde-2019-2020-cote-divoire-voici-comment-calculer-sa-moyenne","status":"publish","type":"post","link":"https:\/\/kamerpower.com\/fr\/orientation-en-seconde-2019-2020-cote-divoire-voici-comment-calculer-sa-moyenne\/","title":{"rendered":"Orientation en seconde 2026-2027 C\u00f4te d\u2019Ivoire: voici comment calculer sa moyenne"},"content":{"rendered":"<h2 style=\"text-align: center;\"><span style=\"color: #000000;\"><strong>Orientation en seconde 2026-2027 C\u00f4te d\u2019Ivoire: voici comment calculer sa moyenne.<\/strong><\/span><\/h2>\n<p style=\"text-align: justify;\"><span style=\"color: #000000;\"><a href=\"https:\/\/kamerpower.com\/fr\/orientation-bepc-cap-bac-cote-divoire-examens\/\"><strong>Orientation en seconde 2026-2027 C\u00f4te d\u2019Ivoire<\/strong><\/a>: voici comment calculer sa moyenne. Comment calculer sa moyenne pour l\u2019orientation en seconde apr\u00e8s proclamation des r\u00e9sultats du BEPC C\u00f4te d\u2019Ivoire.\u00a0<\/span><\/p>\n<p style=\"text-align: justify;\"><span style=\"color: #000000;\">Pour cette ann\u00e9e 2026-2027 en C\u00f4te d\u2019Ivoire, c\u2019est un total de 439 529 candidats qui ont pris d\u2019assaut, le mardi 11 juin 2025, les centres d\u2019examen du Brevet d\u2019\u00e9tudes du premier cycle (BEPC), dans 749 centres sur le territoire national avec les \u00e9preuves orales. kamerpower.com<\/span><\/p>\n<p style=\"text-align: justify;\"><span style=\"color: #000000;\">Selon les chiffres de la Direction des examens et concours (DECO) du minist\u00e8re de l\u2019\u00e9ducation, les candidats se r\u00e9partissent entre 200 571 filles (45,61%) et 238 958 gar\u00e7ons (54,36%).<\/span><\/p>\n<p style=\"text-align: justify;\"><span style=\"color: #000000;\">Voici comment calculer selon le Minist\u00e8re de l\u2019Education, de l\u2019Enseignement technique et de la Formation professionnel.<\/span><\/p>\n<p style=\"text-align: justify;\"><span style=\"color: #000000;\"><strong>1 \u2013 (Moyenne annuelle en Math + note au BEPC) \u00d72<\/strong><\/span><\/p>\n<p style=\"text-align: justify;\"><span style=\"color: #000000;\"><strong>2 \u2013 (Moyenne annuelle en Composition Fran\u00e7aise + note au BEPC) \u00d7 2<\/strong><\/span><\/p>\n<p style=\"text-align: justify;\"><span style=\"color: #000000;\"><strong>3 \u2013 Moyenne annuelle en Physique Chimie + note au BEPC 2025.<\/strong><\/span><\/p>\n<p style=\"text-align: justify;\"><span style=\"color: #000000;\"><strong>4 \u2013 (Moyenne annuelle en Anglais + note au BEPC 2026 (oral + \u00e9crit):2 ).<\/strong><\/span><\/p>\n<p style=\"text-align: justify;\"><span style=\"color: #000000;\">Additionnez le tout et vous divisez par 12. La note obtenue est la moyenne d\u2019orientation du candidat.<\/span><\/p>\n<h3 style=\"text-align: center;\"><span style=\"color: #000000;\"><strong>Orientation en seconde C\u00f4te d\u2019Ivoire: voici comment calculer sa moyenne.<\/strong><\/span><\/h3>\n<p><span style=\"color: #000000;\"><strong>Recommendation<\/strong><\/span><\/p>\n<ul>\n<li><a href=\"https:\/\/kamerpower.com\/fr\/orientation-2019-2020-cote-divoire-voici-les-dates-prevues-orientations-en-6eme-et-seconde\/\"><strong>Orientation C\u00f4te d\u2019Ivoire : Voici les dates pr\u00e9vues orientations en 6\u00e8me et seconde<\/strong><\/a><\/li>\n<li><a href=\"https:\/\/kamerpower.com\/fr\/bepc-et-bac-2016-2017-cote-divoire-preinscriptions-orientation\/\"><strong>BEPC et BAC C\u00f4te d\u2019Ivoire (Pr\u00e9)inscriptions orientation DECO<\/strong><\/a><\/li>\n<li><a href=\"https:\/\/kamerpower.com\/fr\/cote-divoire-resultats-bepc-session-2020-consultation-des-resultats\/\"><strong>Cote d\u2019ivoire: R\u00e9sultats BEPC Session : Consultation des r\u00e9sultats<\/strong><\/a><\/li>\n<\/ul>\n\n\n<div class=\"schema-faq wp-block-yoast-faq-block\"><div class=\"schema-faq-section\" id=\"faq-question-1770416816098\"><strong class=\"schema-faq-question\"><strong>Comment regarder mon orientation en seconde ?<\/strong><\/strong> <p class=\"schema-faq-answer\">Pour v\u00e9rifier son orientation en seconde, le classe devra tout simplement se rendre \u00e0 l&#8217;adresse mendob-ci.org, le portail officiel du minist\u00e8re de l&#8217;\u00e9ducation nationale charg\u00e9 des questions d&#8217;affectation des \u00e9l\u00e8ves en C\u00f4te d&#8217;Ivoire.<\/p> <\/div> <div class=\"schema-faq-section\" id=\"faq-question-1770416818821\"><strong class=\"schema-faq-question\"><strong>Quelle est la moyenne d&#8217;orientation en seconde 2026 2027 ?<\/strong><\/strong> <p class=\"schema-faq-answer\">La moyenne d&#8217;orientation en seconde A et C est fix\u00e9e \u00e0 10\/20. Pour l&#8217;ann\u00e9e scolaire 2026-2027, les \u00e9l\u00e8ves admis au Bepc sont d\u00e9sormais fix\u00e9s sur leur sort.<\/p> <\/div> <div class=\"schema-faq-section\" id=\"faq-question-1770416819946\"><strong class=\"schema-faq-question\"><strong>Comment calculer sa moyenne d&#8217;orientation BEPC ?<\/strong><\/strong> <p class=\"schema-faq-answer\">(Moyenne annuelle en Math + note au BEPC) \u00d72. (Moyenne annuelle en Composition Fran\u00e7aise + note au BEPC) \u00d7 2. Moyenne annuelle en Physique Chimie + note au BEPC 2026.<\/p> <\/div> <\/div>\n","protected":false},"excerpt":{"rendered":"<p>&#46;&#46;&#46;<\/p>\n","protected":false},"author":1,"featured_media":39063,"comment_status":"open","ping_status":"closed","sticky":false,"template":"","format":"standard","meta":{"_themeisle_gutenberg_block_has_review":false,"footnotes":""},"categories":[1942],"tags":[2384,2383],"class_list":["post-28977","post","type-post","status-publish","format-standard","has-post-thumbnail","hentry","category-cote-divoire","tag-bepc-cote-divoire-orientation","tag-bepc-et-bac-cote-divoire-preinscriptions"],"_links":{"self":[{"href":"https:\/\/kamerpower.com\/fr\/wp-json\/wp\/v2\/posts\/28977","targetHints":{"allow":["GET"]}}],"collection":[{"href":"https:\/\/kamerpower.com\/fr\/wp-json\/wp\/v2\/posts"}],"about":[{"href":"https:\/\/kamerpower.com\/fr\/wp-json\/wp\/v2\/types\/post"}],"author":[{"embeddable":true,"href":"https:\/\/kamerpower.com\/fr\/wp-json\/wp\/v2\/users\/1"}],"replies":[{"embeddable":true,"href":"https:\/\/kamerpower.com\/fr\/wp-json\/wp\/v2\/comments?post=28977"}],"version-history":[{"count":2,"href":"https:\/\/kamerpower.com\/fr\/wp-json\/wp\/v2\/posts\/28977\/revisions"}],"predecessor-version":[{"id":73745,"href":"https:\/\/kamerpower.com\/fr\/wp-json\/wp\/v2\/posts\/28977\/revisions\/73745"}],"wp:featuredmedia":[{"embeddable":true,"href":"https:\/\/kamerpower.com\/fr\/wp-json\/wp\/v2\/media\/39063"}],"wp:attachment":[{"href":"https:\/\/kamerpower.com\/fr\/wp-json\/wp\/v2\/media?parent=28977"}],"wp:term":[{"taxonomy":"category","embeddable":true,"href":"https:\/\/kamerpower.com\/fr\/wp-json\/wp\/v2\/categories?post=28977"},{"taxonomy":"post_tag","embeddable":true,"href":"https:\/\/kamerpower.com\/fr\/wp-json\/wp\/v2\/tags?post=28977"}],"curies":[{"name":"wp","href":"https:\/\/api.w.org\/{rel}","templated":true}]}}