{"id":31066,"date":"2020-04-03T02:56:39","date_gmt":"2020-04-03T01:56:39","guid":{"rendered":"https:\/\/kamerpower.com\/?p=31066"},"modified":"2024-03-25T19:29:37","modified_gmt":"2024-03-25T18:29:37","slug":"les-frais-universitaires-en-belgique-et-combien-coute-une-annee-detudes-en-belgique-pour-un-etudiant-hors-ue","status":"publish","type":"post","link":"https:\/\/kamerpower.com\/fr\/les-frais-universitaires-en-belgique-et-combien-coute-une-annee-detudes-en-belgique-pour-un-etudiant-hors-ue\/","title":{"rendered":"Les frais universitaires en belgique et Combien co\u00fbte une ann\u00e9e d\u2019\u00e9tudes en Belgique pour un \u00e9tudiant Hors UE"},"content":{"rendered":"<p style=\"text-align: justify;\"><span style=\"color: #000000;\"><a href=\"https:\/\/kamerpower.com\/fr\/universite-belgique-inscription-etudiant-etranger-procedure-dinscription\/\"><strong>Les \u00e9tudes en belgique pour les \u00e9trangers<\/strong><\/a>. En Belgique, le droit de s\u00e9jour, pour \u00e9tudes, pour les personnes \u00e9trang\u00e8res non-ressortissantes de l\u2019EEE (Espace Economique Europen) est r\u00e9glement\u00e9.\u00a0<\/span><\/p>\n<h3 style=\"text-align: center;\"><strong>Estimation de votre budget annuel universitaires belgique<\/strong><\/h3>\n<p style=\"text-align: justify;\"><span style=\"color: #000000;\">Pour vous aider \u00e0 planifier votre projet, nous reprenons ici la liste des d\u00e9penses annuelles d\u2019un \u00e9tudiant (les montants sont repris \u00e0 titre indicatifs et peuvent \u00eatre revus chaque ann\u00e9e).<\/span><\/p>\n<ul>\n<li style=\"text-align: justify;\"><span style=\"color: #000000;\">Inscription aux cours(inscription de base 2012-2013) : 448\u20ac \u00e0 837\u20ac<\/span><\/li>\n<li style=\"text-align: justify;\"><span style=\"color: #000000;\">DIS (droit d\u2019inscription sp\u00e9cifique) (*)<\/span><\/li>\n<li style=\"text-align: justify;\"><span style=\"color: #000000;\">(type court) : 992\u20ac<\/span><\/li>\n<li style=\"text-align: justify;\"><span style=\"color: #000000;\">(type long 1er cycle) : 1487\u20ac<\/span><\/li>\n<li style=\"text-align: justify;\"><span style=\"color: #000000;\">(type long 2\u00e8me cycle) : 1984\u20ac<\/span><\/li>\n<li style=\"text-align: justify;\"><span style=\"color: #000000;\">Achats de cours, mat\u00e9riel didactique : 30 \u00e0 250\u20ac<\/span><\/li>\n<li style=\"text-align: justify;\"><span style=\"color: #000000;\">Logement +charges : 4000\u20ac<\/span><\/li>\n<li style=\"text-align: justify;\"><span style=\"color: #000000;\">Alimentation : 3000 \u20ac<\/span><\/li>\n<li style=\"text-align: justify;\"><span style=\"color: #000000;\">Assurance soins de sant\u00e9 et frais m\u00e9dicaux : +\/- 125\u20ac<\/span><\/li>\n<li style=\"text-align: justify;\"><span style=\"color: #000000;\">Frais d\u2019acclimatisation (v\u00eatements) : 500\u20ac<\/span><\/li>\n<li style=\"text-align: justify;\"><span style=\"color: #000000;\">Loisir et entretien : 500\u20ac.<\/span><\/li>\n<\/ul>\n<p style=\"text-align: justify;\"><strong><span style=\"color: #000000;\">TOTAL ANNUEL : de 8.500\u20ac \u00e0 10.000\u20ac si vous n\u2019\u00eates pas r\u00e9sident(e) chez votre garant(e) (*\u00b2)<\/span><\/strong><\/p>\n<p style=\"text-align: justify;\"><span style=\"color: #000000;\">(*) Les droits sp\u00e9cifiques sont d\u00fbs chaque ann\u00e9e pour les \u00e9tudiants \u00e9trangers qui ne sont pas ressortissants des Etats membres de l\u2019Union europ\u00e9enne et dont les parents ou le tuteur l\u00e9gal non belges ne r\u00e9sident pas en Belgique.<\/span><\/p>\n<p style=\"text-align: justify;\"><span style=\"color: #000000;\">(*\u00b2) Pour r\u00e9duire consid\u00e9rablement les frais de s\u00e9jour, il vous est conseill\u00e9 d\u2019\u00eatre r\u00e9sident(e) chez la personne qui garantit vos frais de s\u00e9jour, d\u2019\u00e9tudes et de soin (garant-e financier-\u00e8re en Belgique). Cela revient de 3000\u20ac \u00e0 5000\u20ac de moins par an.<\/span><\/p>\n<h3 style=\"text-align: center;\"><span style=\"color: #000000;\"><strong><span style=\"color: #000000;\">Les frais universitaires en belgique et Combien co\u00fbte une ann\u00e9e d\u2019\u00e9tudes en Belgique pour un \u00e9tudiant Hors<\/span> UE.<\/strong><\/span><\/h3>\n<ul>\n<li style=\"text-align: justify;\">L\u2019enseignement francophone en Belgique est organis\u00e9 par le Minist\u00e8re de la Communaut\u00e9 fran\u00e7aise.<\/li>\n<li style=\"text-align: justify;\">L\u2019enseignement sup\u00e9rieur regroupe les Universit\u00e9s (4 ou 5 ans sauf \u00e9tudes de m\u00e9decine en 7ans et m\u00e9decine v\u00e9t\u00e9rinaire en 6 ans), les Hautes Ecoles (type court en 3 ans ou type long en 4 ou 5 ans), les Ecoles sup\u00e9rieures des Arts (type court en 3 ans ou type long en 4 ou 5 ans), les Instituts sup\u00e9rieurs d\u2019architecture (type long en 5 ans).<br \/>\nAdresses de toutes les \u00e9coles sur le site du Minist\u00e8re de la <strong><a href=\"http:\/\/www.enseignement.be\/index.php?page=23836\" target=\"_blank\" rel=\"noopener noreferrer\">Communaut\u00e9 fran\u00e7aise<\/a><\/strong>.<\/li>\n<li style=\"text-align: justify;\">A certaines conditions, l<strong>es \u00e9tudiants \u00e9trangers peuvent poursuivre des \u00e9tudes sup\u00e9rieures<\/strong> de plein exercice (cf ci-dessus) ou une ann\u00e9e pr\u00e9paratoire au sup\u00e9rieur ou un enseignement \u00e0 horaire r\u00e9duit pour autant qu\u2019il pr\u00e9pare ou compl\u00e8te des \u00e9tudes sup\u00e9rieures de plein exercice ou un enseignement de promotion sociale s\u2019il s\u2019agit de cours de niveau sup\u00e9rieur (sauf pour les \u00e9tudiants qui approfondissent le fran\u00e7ais).<\/li>\n<li style=\"text-align: justify;\">Attention!!! Pr\u00e9voyez un budget important pour le paiement de vos \u00e9tudes, en effet les \u00e9tudiants \u00e9trangers doivent payer, en plus du minerval, un droit d\u2019inscription sp\u00e9cifique ! Il est donc indispensable de bien pr\u00e9parer votre s\u00e9jour, notamment par l\u2019apprentissage du fran\u00e7ais pour pouvoir suivre et r\u00e9ussir une ann\u00e9e scolaire et ne pas payer inutilement des frais d\u2019inscription \u00e9lev\u00e9s.<\/li>\n<li style=\"text-align: justify;\">Vous trouverez des informations compl\u00e9mentaires sur le minerval et les droits d\u2019inscription sp\u00e9cifique pour les \u00e9tudiants \u00e9trangers \u00e0 la page : http:\/\/www.jeminforme.be\/enseignement_superieur\/minerval.html<br \/>\nCertaines exon\u00e9rations des droits d\u2019inscription sp\u00e9cifiques sont parfois possible, renseignez-vous aupr\u00e8s de l\u2019\u00e9tablissement scolaire.<\/li>\n<\/ul>\n<p style=\"text-align: justify;\">En plus des \u00e9tudes, votre garant(e) devra payer tous les frais li\u00e9s \u00e0 votre s\u00e9jour: logement, repas, transports, sant\u00e9, v\u00eatements, etc\u2026 , on peut estimer tous ces frais au minimum \u00e0 10.000\u20ac par an (6.561.679,79 franc CFA\/ par an) .<\/p>\n<p><span style=\"color: #000000;\"><strong>Recommandation<\/strong><\/span><\/p>\n<ul>\n<li><a href=\"https:\/\/kamerpower.com\/fr\/universitaires-en-belgique-combien-coute-une-annee-detudes-en-belgique-et-les-frais\/\"><strong>[Universitaires en belgique] Combien co\u00fbte une ann\u00e9e d\u2019\u00e9tudes en Belgique et les frais<\/strong><\/a><\/li>\n<li><a href=\"https:\/\/kamerpower.com\/fr\/bourses-belgique-2015-2016-150-bourses-de-master-et-70-bourses-de-stage\/\"><strong>Bourses Belgique : 150 bourses de master et 70 bourses de stage.<\/strong><\/a><\/li>\n<li><a href=\"https:\/\/kamerpower.com\/fr\/universite-belgique-inscription-etudiant-etranger-procedure-dinscription\/\"><strong>Universit\u00e9 Belgique inscription \u00e9tudiant \u00e9tranger : Proc\u00e9dure d\u2019inscription<\/strong><\/a><\/li>\n<li><a href=\"https:\/\/kamerpower.com\/fr\/offres-de-bourses-de-masters-et-stages-de-specialisation-en-belgique-ares\/\"><strong>Offres de Bourses de Masters et Stages de sp\u00e9cialisation en Belgique &#8211; ARES<\/strong><\/a><\/li>\n<\/ul>\n","protected":false},"excerpt":{"rendered":"<p>&#46;&#46;&#46;<\/p>\n","protected":false},"author":1,"featured_media":31070,"comment_status":"open","ping_status":"closed","sticky":false,"template":"","format":"standard","meta":{"_themeisle_gutenberg_block_has_review":false,"footnotes":""},"categories":[36],"tags":[53687],"class_list":["post-31066","post","type-post","status-publish","format-standard","has-post-thumbnail","hentry","category-education-fr","tag-les-etudes-en-belgique-pour-les-etrangers"],"_links":{"self":[{"href":"https:\/\/kamerpower.com\/fr\/wp-json\/wp\/v2\/posts\/31066","targetHints":{"allow":["GET"]}}],"collection":[{"href":"https:\/\/kamerpower.com\/fr\/wp-json\/wp\/v2\/posts"}],"about":[{"href":"https:\/\/kamerpower.com\/fr\/wp-json\/wp\/v2\/types\/post"}],"author":[{"embeddable":true,"href":"https:\/\/kamerpower.com\/fr\/wp-json\/wp\/v2\/users\/1"}],"replies":[{"embeddable":true,"href":"https:\/\/kamerpower.com\/fr\/wp-json\/wp\/v2\/comments?post=31066"}],"version-history":[{"count":0,"href":"https:\/\/kamerpower.com\/fr\/wp-json\/wp\/v2\/posts\/31066\/revisions"}],"wp:featuredmedia":[{"embeddable":true,"href":"https:\/\/kamerpower.com\/fr\/wp-json\/wp\/v2\/media\/31070"}],"wp:attachment":[{"href":"https:\/\/kamerpower.com\/fr\/wp-json\/wp\/v2\/media?parent=31066"}],"wp:term":[{"taxonomy":"category","embeddable":true,"href":"https:\/\/kamerpower.com\/fr\/wp-json\/wp\/v2\/categories?post=31066"},{"taxonomy":"post_tag","embeddable":true,"href":"https:\/\/kamerpower.com\/fr\/wp-json\/wp\/v2\/tags?post=31066"}],"curies":[{"name":"wp","href":"https:\/\/api.w.org\/{rel}","templated":true}]}}