{"id":31076,"date":"2020-04-03T03:45:41","date_gmt":"2020-04-03T02:45:41","guid":{"rendered":"https:\/\/kamerpower.com\/?p=31076"},"modified":"2024-03-25T19:27:35","modified_gmt":"2024-03-25T18:27:35","slug":"universite-belgique-inscription-etudiant-etranger-procedure-dinscription","status":"publish","type":"post","link":"https:\/\/kamerpower.com\/fr\/universite-belgique-inscription-etudiant-etranger-procedure-dinscription\/","title":{"rendered":"Universit\u00e9 Belgique inscription \u00e9tudiant \u00e9tranger : Proc\u00e9dure d\u2019inscription"},"content":{"rendered":"<p style=\"text-align: justify;\"><span style=\"color: #000000;\"><a href=\"https:\/\/kamerpower.com\/fr\/les-frais-universitaires-en-belgique-et-combien-coute-une-annee-detudes-en-belgique-pour-un-etudiant-hors-ue\/\"><strong>Universit\u00e9 Belgique inscription \u00e9tudiant \u00e9tranger<\/strong><\/a> : Pour les \u00e9tudiants non-europ\u00e9ens ne r\u00e9sidant pas en Belgique : lorsque le dossier complet est accept\u00e9, le Service des inscriptions d\u00e9livre une autorisation d\u2019inscription qui sert \u00e0 l&#8217;<a href=\"http:\/\/www.usaintlouis.be\/sl\/2685.html\"><strong>obtention du visa<\/strong><\/a>.\u00a0<\/span><\/p>\n<p style=\"text-align: justify;\"><span style=\"color: #000000;\">Le paiement des droits d\u2019inscription est effectu\u00e9 lorsque l\u2019\u00e9tudiant se pr\u00e9sente en personne au Service des inscriptions, d\u00e8s l\u2019arriv\u00e9e en Belgique (et ce, avant le 30 septembre de l\u2019ann\u00e9e en cours). <\/span><\/p>\n<p><span style=\"color: #000000;\"><strong>Proc\u00e9<span style=\"color: #000000;\">dure d\u2019inscription et Comment s\u2019inscrire ?<\/span><\/strong><\/span><\/p>\n<ul>\n<li><span style=\"color: #000000;\">Introduire une demande d\u2019inscription en ligne :<\/span>\n<ul>\n<li><span style=\"color: #000000;\">via notre site web <a href=\"http:\/\/www.usaintlouis.be\/inscriptions.html\" target=\"_blank\" rel=\"noopener noreferrer\"><strong>www.usaintlouis.be\/inscriptions.html<\/strong><\/a><\/span><\/li>\n<li><span style=\"color: #000000;\">compl\u00e9tez le formulaire de demande d\u2019inscription en ligne.<\/span><\/li>\n<\/ul>\n<\/li>\n<li style=\"text-align: justify;\"><span style=\"color: #000000;\">Quelques jours plus tard, vous recevrez un mail de la part du <a href=\"http:\/\/www.usaintlouis.be\/contactinscriptions.html\" target=\"_blank\" rel=\"noopener noreferrer\">Service des inscriptions<\/a> reprenant la liste des documents \u00e0 fournir et les modalit\u00e9s d\u2019envoi des documents.<\/span><\/li>\n<\/ul>\n<h3><span style=\"color: #000000;\"><strong>Quand s\u2019inscrire ?<\/strong><\/span><\/h3>\n<p><span style=\"color: #000000;\"><strong>Pour les \u00e9tudiants<\/strong><\/span><\/p>\n<ul>\n<li><span style=\"color: #000000;\">belges,<\/span><\/li>\n<li><span style=\"color: #000000;\">ressortissant de l\u2019Union europ\u00e9enne,<\/span><\/li>\n<li style=\"text-align: justify;\"><span style=\"color: #000000;\">ressortissant hors de l\u2019Union europ\u00e9enne ET r\u00e9sidant en Belgique,<\/span><br \/>\n<span style=\"color: #000000;\">* La rentr\u00e9e acad\u00e9mique a lieu septembre. De plus, les \u00e9tudiants porteurs d\u2019un titre d\u2019acc\u00e8s non-belge souhaitant s\u2019inscrire dans un programme de 1er cycle doivent avoir introduit la demande d\u2019\u00e9quivalence du dipl\u00f4me de fin d\u2019\u00e9tudes secondaires aupr\u00e8s du Service des \u00e9quivalences de la F\u00e9d\u00e9ration Wallonie-Bruxelles (www.equivalences.cfwb.be)<\/span><\/li>\n<li><span style=\"color: #000000;\">ressortissant hors de l\u2019Union europ\u00e9enne ET ne r\u00e9sidant pas en Belgique,<\/span><br \/>\n<span style=\"color: #000000;\">&gt; D\u00e8s f\u00e9vrier.<\/span><\/li>\n<\/ul>\n","protected":false},"excerpt":{"rendered":"<p>&#46;&#46;&#46;<\/p>\n","protected":false},"author":1,"featured_media":31070,"comment_status":"open","ping_status":"closed","sticky":false,"template":"","format":"standard","meta":{"_themeisle_gutenberg_block_has_review":false,"footnotes":""},"categories":[36],"tags":[53687],"class_list":["post-31076","post","type-post","status-publish","format-standard","has-post-thumbnail","hentry","category-education-fr","tag-les-etudes-en-belgique-pour-les-etrangers"],"_links":{"self":[{"href":"https:\/\/kamerpower.com\/fr\/wp-json\/wp\/v2\/posts\/31076","targetHints":{"allow":["GET"]}}],"collection":[{"href":"https:\/\/kamerpower.com\/fr\/wp-json\/wp\/v2\/posts"}],"about":[{"href":"https:\/\/kamerpower.com\/fr\/wp-json\/wp\/v2\/types\/post"}],"author":[{"embeddable":true,"href":"https:\/\/kamerpower.com\/fr\/wp-json\/wp\/v2\/users\/1"}],"replies":[{"embeddable":true,"href":"https:\/\/kamerpower.com\/fr\/wp-json\/wp\/v2\/comments?post=31076"}],"version-history":[{"count":0,"href":"https:\/\/kamerpower.com\/fr\/wp-json\/wp\/v2\/posts\/31076\/revisions"}],"wp:featuredmedia":[{"embeddable":true,"href":"https:\/\/kamerpower.com\/fr\/wp-json\/wp\/v2\/media\/31070"}],"wp:attachment":[{"href":"https:\/\/kamerpower.com\/fr\/wp-json\/wp\/v2\/media?parent=31076"}],"wp:term":[{"taxonomy":"category","embeddable":true,"href":"https:\/\/kamerpower.com\/fr\/wp-json\/wp\/v2\/categories?post=31076"},{"taxonomy":"post_tag","embeddable":true,"href":"https:\/\/kamerpower.com\/fr\/wp-json\/wp\/v2\/tags?post=31076"}],"curies":[{"name":"wp","href":"https:\/\/api.w.org\/{rel}","templated":true}]}}