{"id":32394,"date":"2020-07-19T21:12:54","date_gmt":"2020-07-19T20:12:54","guid":{"rendered":"https:\/\/kamerpower.com\/?p=32394"},"modified":"2024-10-23T20:30:06","modified_gmt":"2024-10-23T19:30:06","slug":"fascicule-de-svt-niveau-6eme-a-telecharger-classe-de-6eme","status":"publish","type":"post","link":"https:\/\/kamerpower.com\/fr\/fascicule-de-svt-niveau-6eme-a-telecharger-classe-de-6eme\/","title":{"rendered":"Fascicule de SVT &#8211; Niveau 6\u00e8me (A t\u00e9l\u00e9charger) CLASSE DE 6\u00c8ME"},"content":{"rendered":"<h2 style=\"text-align: center;\"><span style=\"color: #000000;\"><strong>Fascicule de SVT &#8211; Niveau 6\u00e8me (A t\u00e9l\u00e9charger) CLASSE DE 6\u00c8ME.<\/strong><\/span><\/h2>\n<p style=\"text-align: justify;\"><span style=\"color: #000000;\">Fascicule de SVT &#8211; Niveau 6\u00e8me (A t\u00e9l\u00e9charger) CLASSE DE 6\u00c8ME SCIENCES DE LA VIE ET DE LA TERRE Senegal. Dans le cadre de la mise en \u0153uvre du projet d\u2019Appui au D\u00e9veloppement de l\u2019Enseignement Moyen dans la r\u00e9gion de Dakar (ADEM\/DK), une \u00e9quipe inter-acad\u00e9mique et multi-acteurs a \u00e9t\u00e9 mise en place pour accompagner l\u2019expertise internationale mobilis\u00e9e pour accompagner la composante 2. L\u2019enjeu est de taille d\u00e8s lors qu\u2019il s\u2019agit de promouvoir la r\u00e9ussite de chaque \u00e9l\u00e8ve. kamerpower.com<\/span><\/p>\n<p style=\"text-align: justify;\"><span style=\"color: #000000;\">Avec l\u2019engagement de tous, corps d\u2019encadrement et de contr\u00f4le, chefs d\u2019\u00e9tablissements, personnel enseignant et organes de gestion, le d\u00e9fi de la qualit\u00e9 au service de l\u2019\u00e9l\u00e8ve peut \u00eatre relev\u00e9. C\u2019est ainsi, en tenant compte des le\u00e7ons apprises de toutes les initiatives, projets et programmes d\u00e9j\u00e0 mises en \u0153uvre dans le cycle moyen, que ces \u00e9quipes mobilis\u00e9es pourront porter un regard critique sur nos approches, strat\u00e9gies et m\u00e9thodes <\/span><span style=\"color: #000000;\">d\u2019enseignement pour am\u00e9liorer l\u2019apprentissage. Qui veut atteindre l\u2019\u00e9l\u00e8ve doit viser l\u2019enseignant ; c\u2019est fort de cette conviction que le projet ADEM-DAKAR pourra alors contribuer \u00e0 nourrir notre ambition commune, car comme le dit le po\u00e8te Africain \u00ab il faut tout un village pour \u00e9lever un enfant \u00bb.<\/span><\/p>\n<h3>SOMMAIRE :<\/h3>\n<p>PREFACE \u2026\u2026\u2026 3<br \/>\nLISTE DES AUTEURS\u2026\u2026 6<br \/>\nAVANT-PROPOS \u2026\u2026 7<br \/>\n1\u00e8re Partie SCIENCES DE LA VIE\u2026 8<br \/>\n<strong>THEME N\u00b0 1 : ENVIRONNEMENT\u2026\u2026 9<\/strong><br \/>\nLe\u00e7on 1 : Les composantes de l\u2019environnement\u2026\u2026 10<br \/>\nLe\u00e7on 2 : Classification et r\u00e9partition des \u00eatres vivants \u2026 13<br \/>\nLe\u00e7on 3 : Les relations dans l\u2019environnement\u2026\u2026 17<br \/>\n<strong>THEME N\u00b0 2 : PRODUCTION D\u2019ALIMENTS \u2026\u2026 24<\/strong><br \/>\nLe\u00e7on 4 : La production d\u2019aliments par les v\u00e9g\u00e9taux chlorophylliens \u2026 25<br \/>\nLe\u00e7on 5 : Am\u00e9lioration de la production d\u2019aliments par les animaux et les v\u00e9g\u00e9taux chlorophylliens\u2026 27<br \/>\n<strong>THEME N\u00b0 3 : FONCTION DE RELATION : LE DEPLACEMENT\u2026\u202631<\/strong><br \/>\nLe\u00e7on 6 : D\u00e9placement chez les animaux : Adaptation aux d\u00e9placements en milieu terrestre \u2026\u2026 32<br \/>\nAdaptation aux d\u00e9placements en milieu a\u00e9rien \u2026\u2026 35<br \/>\nAdaptation aux d\u00e9placements en milieu aquatique \u2026 37<br \/>\n<strong>THEME N\u00b0 4 : FONCTION DE REPRODUCTION : PRODUCTION DE NOUVELLES PLANTES \u2026\u2026 40<\/strong><br \/>\nLe\u00e7on 7 : Introduction aux notions de cellules et division cellulaire \u2026\u2026 41<br \/>\nLe\u00e7on 8 : Comment obtenir une nouvelle plante ? \u2026\u2026 46.<br \/>\n<strong>THEME N\u00b0 5 : LES AGRESSIONS CONTRE L\u2019HOMME \u2026\u00a0 49<\/strong><br \/>\nLe\u00e7on 9 : Le paludisme \u2026\u2026 50<br \/>\nLe\u00e7on 10 : L\u2019ascaridiase\u2026\u2026 52.<br \/>\nLe\u00e7on 11 : Le chol\u00e9ra\u2026\u2026\u2026 54<br \/>\n2\u00e8me Partie SCIENCES DE LA TERRE\u2026\u2026 58<br \/>\n<strong>THEME N\u00b0 6 : LES PAYSAGES \u2026\u2026 59<\/strong><br \/>\nLe\u00e7on 12 : Les \u00e9l\u00e9ments du paysage et la diversit\u00e9 des paysages \u2026 60.<\/p>\n<hr \/>\n<p style=\"text-align: center;\"><strong>T\u00e9l\u00e9charger Fascicule de SVT &#8211; Niveau 6\u00e8me.<\/strong><\/p>\n<hr \/>\n<p><span style=\"color: #000000;\"><strong>Recommandation<\/strong><\/span><\/p>\n<ul>\n<li><a href=\"https:\/\/kamerpower.com\/fr\/concours-its-ucad-dakar-institut-des-sciences-de-la-terre\/\"><strong>Concours IST IST ucad Dakar Institut des Sciences de la Terre<\/strong><\/a><\/li>\n<li><a href=\"https:\/\/kamerpower.com\/fr\/fascicule-de-svt-niveau-de-3eme-sciences-de-la-vie-et-de-la-terre\/\"><strong>Fascicule de SVT Niveau de 3\u00e8me Sciences de la vie et de la terre<\/strong><\/a><\/li>\n<li><a href=\"https:\/\/kamerpower.com\/fr\/fascicule-5eme-fascicule-des-mathematiques\/\"><strong>Fascicule 5\u00e8me Fascicule des Math\u00e9matiques<\/strong><\/a><\/li>\n<li><a href=\"https:\/\/kamerpower.com\/fr\/concours-dentre-ecole-nationale-des-arts-enarts-senegal\/\"><strong>Concours d\u2019entr\u00e9 Ecole Nationale des Arts ENArts Senegal<\/strong><\/a><\/li>\n<\/ul>\n<h2 style=\"text-align: center;\"><span style=\"color: #000000;\"><strong>Fascicule de SVT &#8211; Niveau 6\u00e8me (A t\u00e9l\u00e9charger) CLASSE DE 6\u00c8ME.<\/strong><\/span><\/h2>\n","protected":false},"excerpt":{"rendered":"<p>&#46;&#46;&#46;<\/p>\n","protected":false},"author":1,"featured_media":0,"comment_status":"open","ping_status":"closed","sticky":false,"template":"","format":"standard","meta":{"_themeisle_gutenberg_block_has_review":false,"footnotes":""},"categories":[58662],"tags":[2004],"class_list":["post-32394","post","type-post","status-publish","format-standard","hentry","category-concours-senegal","tag-concours-senegal-2016-2017"],"_links":{"self":[{"href":"https:\/\/kamerpower.com\/fr\/wp-json\/wp\/v2\/posts\/32394","targetHints":{"allow":["GET"]}}],"collection":[{"href":"https:\/\/kamerpower.com\/fr\/wp-json\/wp\/v2\/posts"}],"about":[{"href":"https:\/\/kamerpower.com\/fr\/wp-json\/wp\/v2\/types\/post"}],"author":[{"embeddable":true,"href":"https:\/\/kamerpower.com\/fr\/wp-json\/wp\/v2\/users\/1"}],"replies":[{"embeddable":true,"href":"https:\/\/kamerpower.com\/fr\/wp-json\/wp\/v2\/comments?post=32394"}],"version-history":[{"count":0,"href":"https:\/\/kamerpower.com\/fr\/wp-json\/wp\/v2\/posts\/32394\/revisions"}],"wp:attachment":[{"href":"https:\/\/kamerpower.com\/fr\/wp-json\/wp\/v2\/media?parent=32394"}],"wp:term":[{"taxonomy":"category","embeddable":true,"href":"https:\/\/kamerpower.com\/fr\/wp-json\/wp\/v2\/categories?post=32394"},{"taxonomy":"post_tag","embeddable":true,"href":"https:\/\/kamerpower.com\/fr\/wp-json\/wp\/v2\/tags?post=32394"}],"curies":[{"name":"wp","href":"https:\/\/api.w.org\/{rel}","templated":true}]}}