{"id":33447,"date":"2020-10-11T01:28:58","date_gmt":"2020-10-11T00:28:58","guid":{"rendered":"https:\/\/kamerpower.com\/?p=33447"},"modified":"2024-03-27T00:25:11","modified_gmt":"2024-03-26T23:25:11","slug":"recrutement-alima-ong-tchad-cameroun-pharmacien-mobile-missions-h-f","status":"publish","type":"post","link":"https:\/\/kamerpower.com\/fr\/recrutement-alima-ong-tchad-cameroun-pharmacien-mobile-missions-h-f\/","title":{"rendered":"Recrutement ALIMA ONG Tchad\/Cameroun Pharmacien Mobile Missions &#8211; H\/F"},"content":{"rendered":"<div id=\"ez-toc-container\" class=\"ez-toc-v2_0_82_2 counter-hierarchy ez-toc-counter ez-toc-custom ez-toc-container-direction\">\n<p class=\"ez-toc-title\" style=\"cursor:inherit\">Contents<\/p>\n<label for=\"ez-toc-cssicon-toggle-item-69f54b98c3464\" class=\"ez-toc-cssicon-toggle-label\"><span class=\"ez-toc-cssicon\"><span class=\"eztoc-hide\" style=\"display:none;\">Toggle<\/span><span class=\"ez-toc-icon-toggle-span\"><svg style=\"fill: #000000;color:#000000\" xmlns=\"http:\/\/www.w3.org\/2000\/svg\" class=\"list-377408\" width=\"20px\" height=\"20px\" viewBox=\"0 0 24 24\" fill=\"none\"><path d=\"M6 6H4v2h2V6zm14 0H8v2h12V6zM4 11h2v2H4v-2zm16 0H8v2h12v-2zM4 16h2v2H4v-2zm16 0H8v2h12v-2z\" fill=\"currentColor\"><\/path><\/svg><svg style=\"fill: #000000;color:#000000\" class=\"arrow-unsorted-368013\" xmlns=\"http:\/\/www.w3.org\/2000\/svg\" width=\"10px\" height=\"10px\" viewBox=\"0 0 24 24\" version=\"1.2\" baseProfile=\"tiny\"><path d=\"M18.2 9.3l-6.2-6.3-6.2 6.3c-.2.2-.3.4-.3.7s.1.5.3.7c.2.2.4.3.7.3h11c.3 0 .5-.1.7-.3.2-.2.3-.5.3-.7s-.1-.5-.3-.7zM5.8 14.7l6.2 6.3 6.2-6.3c.2-.2.3-.5.3-.7s-.1-.5-.3-.7c-.2-.2-.4-.3-.7-.3h-11c-.3 0-.5.1-.7.3-.2.2-.3.5-.3.7s.1.5.3.7z\"\/><\/svg><\/span><\/span><\/label><input type=\"checkbox\"  id=\"ez-toc-cssicon-toggle-item-69f54b98c3464\"  aria-label=\"Toggle\" \/><nav><ul class='ez-toc-list ez-toc-list-level-1 ' ><ul class='ez-toc-list-level-3' ><li class='ez-toc-heading-level-3'><a class=\"ez-toc-link ez-toc-heading-1\" href=\"https:\/\/kamerpower.com\/fr\/recrutement-alima-ong-tchad-cameroun-pharmacien-mobile-missions-h-f\/#recrutement-alima-ong-tchadcameroun-pharmacien-mobile-missions-%e2%80%93-hf\" >Recrutement ALIMA ONG Tchad\/Cameroun Pharmacien Mobile Missions &#8211; H\/F.<\/a><\/li><li class='ez-toc-page-1 ez-toc-heading-level-3'><a class=\"ez-toc-link ez-toc-heading-2\" href=\"https:\/\/kamerpower.com\/fr\/recrutement-alima-ong-tchad-cameroun-pharmacien-mobile-missions-h-f\/#les-programmes-alima-au-tchad\" >Les programmes ALIMA au TCHAD<\/a><\/li><li class='ez-toc-page-1 ez-toc-heading-level-3'><a class=\"ez-toc-link ez-toc-heading-3\" href=\"https:\/\/kamerpower.com\/fr\/recrutement-alima-ong-tchad-cameroun-pharmacien-mobile-missions-h-f\/#les-programmes-alima-au-cameroun\" >Les programmes ALIMA au Cameroun<\/a><\/li><li class='ez-toc-page-1 ez-toc-heading-level-3'><a class=\"ez-toc-link ez-toc-heading-4\" href=\"https:\/\/kamerpower.com\/fr\/recrutement-alima-ong-tchad-cameroun-pharmacien-mobile-missions-h-f\/#lieu-de-mission\" >LIEU DE MISSION<\/a><\/li><li class='ez-toc-page-1 ez-toc-heading-level-3'><a class=\"ez-toc-link ez-toc-heading-5\" href=\"https:\/\/kamerpower.com\/fr\/recrutement-alima-ong-tchad-cameroun-pharmacien-mobile-missions-h-f\/#responsabilites\" >RESPONSABILIT\u00c9S<\/a><\/li><li class='ez-toc-page-1 ez-toc-heading-level-3'><a class=\"ez-toc-link ez-toc-heading-6\" href=\"https:\/\/kamerpower.com\/fr\/recrutement-alima-ong-tchad-cameroun-pharmacien-mobile-missions-h-f\/#experiences-et-competences\" >EXPERIENCES ET COMPETENCES<\/a><\/li><li class='ez-toc-page-1 ez-toc-heading-level-3'><a class=\"ez-toc-link ez-toc-heading-7\" href=\"https:\/\/kamerpower.com\/fr\/recrutement-alima-ong-tchad-cameroun-pharmacien-mobile-missions-h-f\/#conditions\" >CONDITIONS:<\/a><\/li><li class='ez-toc-page-1 ez-toc-heading-level-3'><a class=\"ez-toc-link ez-toc-heading-8\" href=\"https:\/\/kamerpower.com\/fr\/recrutement-alima-ong-tchad-cameroun-pharmacien-mobile-missions-h-f\/#documents-a-envoyer\" >DOCUMENTS A ENVOYER<\/a><\/li><\/ul><\/li><li class='ez-toc-page-1 ez-toc-heading-level-2'><a class=\"ez-toc-link ez-toc-heading-9\" href=\"https:\/\/kamerpower.com\/fr\/recrutement-alima-ong-tchad-cameroun-pharmacien-mobile-missions-h-f\/#recrutement-alima-ong-tchadcameroun-pharmacien-mobile-missions-%e2%80%93-hf-2\" >Recrutement ALIMA ONG Tchad\/Cameroun Pharmacien Mobile Missions &#8211; H\/F<\/a><\/li><\/ul><\/nav><\/div>\n<h3 style=\"text-align: center;\"><span class=\"ez-toc-section\" id=\"recrutement-alima-ong-tchadcameroun-pharmacien-mobile-missions-%e2%80%93-hf\"><\/span><span style=\"color: #000000;\"><strong>Recrutement ALIMA ONG Tchad\/Cameroun Pharmacien Mobile Missions &#8211; H\/F.<\/strong><\/span><span class=\"ez-toc-section-end\"><\/span><\/h3>\n<p style=\"text-align: justify;\"><span style=\"color: #000000;\">Recrutement ALIMA ONG Tchad\/Cameroun Pharmacien Mobile Missions &#8211; H\/F. \u201cChaque ann\u00e9e, des millions d\u2019enfants meurent de maladies \u00e9vitables. C\u2019est ce qui nous motive pour soigner et sauver le plus de personnes possibles.\u201d Susan Shepherd, P\u00e9diatre pour ALIMA. Kamerpower.com<\/span><\/p>\n<h3><span class=\"ez-toc-section\" id=\"les-programmes-alima-au-tchad\"><\/span><span style=\"color: #000000;\"><strong>Les programmes ALIMA au TCHAD<\/strong><\/span><span class=\"ez-toc-section-end\"><\/span><\/h3>\n<p style=\"text-align: justify;\"><span style=\"color: #000000;\">Le Tchad fait face \u00e0 une situation s\u00e9curitaire compliqu\u00e9e au regard des incursions r\u00e9guli\u00e8res de l\u2019ex Boko-Haram (actuel Etat Islamique en Afrique de l\u2019Ouest).<\/span><\/p>\n<p style=\"text-align: justify;\"><span style=\"color: #000000;\">ALIMA a d\u00e9but\u00e9 ses activit\u00e9s au Tchad en 2012 en partenariat avec l&#8217;ONG m\u00e9dicale tchadienne Alerte Sant\u00e9.<\/span><\/p>\n<h3><span class=\"ez-toc-section\" id=\"les-programmes-alima-au-cameroun\"><\/span><strong>Les programmes ALIMA au Cameroun<\/a><\/strong><span class=\"ez-toc-section-end\"><\/span><\/h3>\n<p style=\"text-align: justify;\"><span style=\"color: #000000;\">ALIMA a r\u00e9alis\u00e9 une mission exploratoire au Cameroun du 12 octobre 2015 au 31 d\u00e9cembre 2015 avec des visites terrain dans les d\u00e9partements du Mayo-Sava et du Mayo-Tsanaga du 8 au 18 novembre 2015.<\/span><\/p>\n<p style=\"text-align: justify;\"><span style=\"color: #000000;\">Au regard du vide sanitaire existant dans les districts sanitaires du Mayo-Moskota et de Koza et de la n\u00e9cessit\u00e9 d\u2019assurer la continuit\u00e9 de soins en lien avec les partenaires intervenant au niveau primaire dans le district de Mokolo, Makary , le camp de Minawao et districts environnants,<\/span><\/p>\n<p><img decoding=\"async\" class=\"aligncenter size-full wp-image-33448\" src=\"https:\/\/kamerpower.com\/wp-content\/uploads\/2020\/10\/Recrutement-ALIMA-Tchad-Cameroun.jpg\" alt=\"Recrutement ALIMA ONG Tchad: Cameroun\" width=\"1280\" height=\"720\" srcset=\"https:\/\/kamerpower.com\/wp-content\/uploads\/2020\/10\/Recrutement-ALIMA-Tchad-Cameroun.jpg 1280w, https:\/\/kamerpower.com\/wp-content\/uploads\/2020\/10\/Recrutement-ALIMA-Tchad-Cameroun-600x338.jpg 600w, https:\/\/kamerpower.com\/wp-content\/uploads\/2020\/10\/Recrutement-ALIMA-Tchad-Cameroun-300x169.jpg 300w, https:\/\/kamerpower.com\/wp-content\/uploads\/2020\/10\/Recrutement-ALIMA-Tchad-Cameroun-768x432.jpg 768w, https:\/\/kamerpower.com\/wp-content\/uploads\/2020\/10\/Recrutement-ALIMA-Tchad-Cameroun-150x84.jpg 150w\" sizes=\"(max-width: 1280px) 100vw, 1280px\" \/><\/p>\n<p style=\"text-align: justify;\"><span style=\"color: #000000;\">ALIMA propose de reprendre les activit\u00e9s de prise en charge m\u00e9dico-nutritionnelle au niveau du CNTI et de la p\u00e9diatrie de l\u2019h\u00f4pital de district de Mokolo et Makary en concertation avec les \u00e9quipes de MSF Suisse ayant pris en charge ces activit\u00e9s depuis avril 2014 et d\u2019ajouter la d\u00e9livrance des soins obst\u00e9tricaux et n\u00e9onataux d\u2019urgence complets au niveau de l\u2019h\u00f4pital de district de Mokolo.<\/span><\/p>\n<h3><span class=\"ez-toc-section\" id=\"lieu-de-mission\"><\/span><span style=\"color: #000000;\"><strong>LIEU DE MISSION<\/strong><\/span><span class=\"ez-toc-section-end\"><\/span><\/h3>\n<p style=\"text-align: justify;\"><span style=\"color: #000000;\">Tchad et Cameroun avec 50% de temps sur chacun de deux (02) pays.<\/span><\/p>\n<h3><span class=\"ez-toc-section\" id=\"responsabilites\"><\/span><strong><span style=\"color: #000000;\">RESPONSABILIT\u00c9S<\/span><\/strong><span class=\"ez-toc-section-end\"><\/span><\/h3>\n<ul>\n<li>\n<p style=\"text-align: justify;\"><span style=\"color: #000000;\">Support technique et programmatique : Fournir un soutien technique aux \u00e9quipes terrain sur toutes les probl\u00e9matiques li\u00e9es \u00e0 la pharmacie (estimation des besoins, approvisionnement, stockage, gestion, usage rationnel des m\u00e9dicaments, monitoring, assurance qualit\u00e9, reporting bailleur etc.).<\/span><\/p>\n<\/li>\n<li style=\"text-align: justify;\"><span style=\"color: #000000;\">Formation et renforcement des comp\u00e9tences : Former les \u00e9quipes terrain \u00e0 l\u2019utilisation des proc\u00e9dures et des outils standards ALIMA. Coaching de pharmacien pour faciliter une prise de poste.<\/span><\/li>\n<li style=\"text-align: justify;\"><span style=\"color: #000000;\">Ressources humaines : Supervision technique des responsables pharmacies nationaux et expatri\u00e9s, appui au recrutement et \u00e9valuation des performances.<\/span><\/li>\n<li style=\"text-align: justify;\"><span style=\"color: #000000;\">Approvisionnement : Actualiser les informations sur la l\u00e9gislation et le march\u00e9 pharmaceutique local ; Evaluation technique de fournisseurs ; Impl\u00e9mentation de la politique d\u2019assurance qualit\u00e9.<\/span><\/li>\n<li style=\"text-align: justify;\"><span style=\"color: #000000;\">Logistique et Administratif : S&#8217;assurer que les activit\u00e9s dont il est responsable sont conformes aux proc\u00e9dures.<\/span><\/li>\n<li style=\"text-align: justify;\"><span style=\"color: #000000;\">Repr\u00e9sentation : le cas \u00e9ch\u00e9ant, participer \u00e0 la repr\u00e9sentation de l&#8217;association aupr\u00e8s des partenaires, des autorit\u00e9s et des acteurs locaux.<\/span><\/li>\n<li style=\"text-align: justify;\"><span style=\"color: #000000;\">Remplacer ou se substituer aux responsables pharmacies pays en cas de GAP.<\/span><\/li>\n<\/ul>\n<h3><span class=\"ez-toc-section\" id=\"experiences-et-competences\"><\/span><strong>EXPERIENCES ET COMPETENCES<\/strong><span class=\"ez-toc-section-end\"><\/span><\/h3>\n<p><strong>Formation:<\/strong><br \/>\nPharmacien dipl\u00f4m\u00e9<\/p>\n<p><strong>Exp\u00e9riences:<\/strong><\/p>\n<ul>\n<li>\n<p style=\"text-align: justify;\"><span style=\"color: #000000;\">Exp\u00e9rience humanitaire de 2 ans minimum dans les situations d&#8217;urgence et de post-urgence, postes de pharmacien sur le terrain.<\/span><\/p>\n<\/li>\n<li style=\"text-align: justify;\"><span style=\"color: #000000;\">Exp\u00e9rience dans les situations de : r\u00e9ponse aux \u00e9pid\u00e9mies, de d\u00e9placement de population, de malnutrition et de la sant\u00e9 de la reproduction.<\/span><\/li>\n<\/ul>\n<h3><span class=\"ez-toc-section\" id=\"conditions\"><\/span><strong>CONDITIONS:<\/strong><span class=\"ez-toc-section-end\"><\/span><\/h3>\n<p><strong>Dur\u00e9e et type de contrat<\/strong> : CDD, contrat de droit fran\u00e7ais, 6 mois, renouvelable<br \/>\n<strong>Prise de poste:<\/strong> ASAP<\/p>\n<h3><span class=\"ez-toc-section\" id=\"documents-a-envoyer\"><\/span><strong>DOC<span style=\"color: #000000;\">UMENTS A ENVOYER<\/span><\/strong><span class=\"ez-toc-section-end\"><\/span><\/h3>\n<p style=\"text-align: justify;\"><span style=\"color: #000000;\">Pour postuler, veuillez envoyer votre CV et Lettre de Motivation en ligne avant le 22 Octobre 2020<\/span><\/p>\n<p style=\"text-align: justify;\"><span style=\"color: #000000;\">Les candidatures sont trait\u00e9es suivant l\u2019ordre d\u2019arriv\u00e9e. ALIMA se r\u00e9serve le droit de fermer l\u2019offre avant le terme initialement indiqu\u00e9 si une candidature est retenue. Seules les candidatures compl\u00e8tes (CV en format PDF + Lettre de Motivation) seront \u00e9tudi\u00e9es.<\/span><\/p>\n<hr \/>\n<p style=\"text-align: center;\"><a href=\"https:\/\/candidatures.alima.ong\/en_US\/jobs\/apply\/pharmacien-mobile-missions-tchad-cameroun-h-f-296\" target=\"_blank\" rel=\"noopener noreferrer\"><strong>Postuler en ligne.<\/strong><\/a><\/p>\n<hr \/>\n<h2 style=\"text-align: center;\"><span class=\"ez-toc-section\" id=\"recrutement-alima-ong-tchadcameroun-pharmacien-mobile-missions-%e2%80%93-hf-2\"><\/span><span style=\"color: #000000;\"><strong>Recrutement ALIMA ONG Tchad\/Cameroun Pharmacien Mobile Missions &#8211; H\/F<\/strong><\/span><span class=\"ez-toc-section-end\"><\/span><\/h2>\n","protected":false},"excerpt":{"rendered":"<p>&#46;&#46;&#46;<\/p>\n","protected":false},"author":1,"featured_media":33448,"comment_status":"open","ping_status":"closed","sticky":false,"template":"","format":"standard","meta":{"_themeisle_gutenberg_block_has_review":false,"footnotes":""},"categories":[1845],"tags":[1968,1973],"class_list":["post-33447","post","type-post","status-publish","format-standard","has-post-thumbnail","hentry","category-emplois","tag-les-offre-demploi-au-cameroun","tag-offre-demploi-au-cameroun-2016-2017"],"_links":{"self":[{"href":"https:\/\/kamerpower.com\/fr\/wp-json\/wp\/v2\/posts\/33447","targetHints":{"allow":["GET"]}}],"collection":[{"href":"https:\/\/kamerpower.com\/fr\/wp-json\/wp\/v2\/posts"}],"about":[{"href":"https:\/\/kamerpower.com\/fr\/wp-json\/wp\/v2\/types\/post"}],"author":[{"embeddable":true,"href":"https:\/\/kamerpower.com\/fr\/wp-json\/wp\/v2\/users\/1"}],"replies":[{"embeddable":true,"href":"https:\/\/kamerpower.com\/fr\/wp-json\/wp\/v2\/comments?post=33447"}],"version-history":[{"count":0,"href":"https:\/\/kamerpower.com\/fr\/wp-json\/wp\/v2\/posts\/33447\/revisions"}],"wp:featuredmedia":[{"embeddable":true,"href":"https:\/\/kamerpower.com\/fr\/wp-json\/wp\/v2\/media\/33448"}],"wp:attachment":[{"href":"https:\/\/kamerpower.com\/fr\/wp-json\/wp\/v2\/media?parent=33447"}],"wp:term":[{"taxonomy":"category","embeddable":true,"href":"https:\/\/kamerpower.com\/fr\/wp-json\/wp\/v2\/categories?post=33447"},{"taxonomy":"post_tag","embeddable":true,"href":"https:\/\/kamerpower.com\/fr\/wp-json\/wp\/v2\/tags?post=33447"}],"curies":[{"name":"wp","href":"https:\/\/api.w.org\/{rel}","templated":true}]}}