{"id":33689,"date":"2022-11-22T09:48:00","date_gmt":"2022-11-22T08:48:00","guid":{"rendered":"https:\/\/kamerpower.com\/?p=33689"},"modified":"2026-02-05T01:23:56","modified_gmt":"2026-02-05T00:23:56","slug":"concours-penitentiaire-2021-2022-au-senegal-concours-enap","status":"publish","type":"post","link":"https:\/\/kamerpower.com\/fr\/concours-penitentiaire-2021-2022-au-senegal-concours-enap\/","title":{"rendered":"Concours penitentiaire 2026-2027 au Senegal &#8211; Concours ENAP"},"content":{"rendered":"<div id=\"ez-toc-container\" class=\"ez-toc-v2_0_82_2 counter-hierarchy ez-toc-counter ez-toc-custom ez-toc-container-direction\">\n<p class=\"ez-toc-title\" style=\"cursor:inherit\">Contents<\/p>\n<label for=\"ez-toc-cssicon-toggle-item-69f036263a2cf\" class=\"ez-toc-cssicon-toggle-label\"><span class=\"ez-toc-cssicon\"><span class=\"eztoc-hide\" style=\"display:none;\">Toggle<\/span><span class=\"ez-toc-icon-toggle-span\"><svg style=\"fill: #000000;color:#000000\" xmlns=\"http:\/\/www.w3.org\/2000\/svg\" class=\"list-377408\" width=\"20px\" height=\"20px\" viewBox=\"0 0 24 24\" fill=\"none\"><path d=\"M6 6H4v2h2V6zm14 0H8v2h12V6zM4 11h2v2H4v-2zm16 0H8v2h12v-2zM4 16h2v2H4v-2zm16 0H8v2h12v-2z\" fill=\"currentColor\"><\/path><\/svg><svg style=\"fill: #000000;color:#000000\" class=\"arrow-unsorted-368013\" xmlns=\"http:\/\/www.w3.org\/2000\/svg\" width=\"10px\" height=\"10px\" viewBox=\"0 0 24 24\" version=\"1.2\" baseProfile=\"tiny\"><path d=\"M18.2 9.3l-6.2-6.3-6.2 6.3c-.2.2-.3.4-.3.7s.1.5.3.7c.2.2.4.3.7.3h11c.3 0 .5-.1.7-.3.2-.2.3-.5.3-.7s-.1-.5-.3-.7zM5.8 14.7l6.2 6.3 6.2-6.3c.2-.2.3-.5.3-.7s-.1-.5-.3-.7c-.2-.2-.4-.3-.7-.3h-11c-.3 0-.5.1-.7.3-.2.2-.3.5-.3.7s.1.5.3.7z\"\/><\/svg><\/span><\/span><\/label><input type=\"checkbox\"  id=\"ez-toc-cssicon-toggle-item-69f036263a2cf\"  aria-label=\"Toggle\" \/><nav><ul class='ez-toc-list ez-toc-list-level-1 ' ><ul class='ez-toc-list-level-3' ><li class='ez-toc-heading-level-3'><a class=\"ez-toc-link ez-toc-heading-1\" href=\"https:\/\/kamerpower.com\/fr\/concours-penitentiaire-2021-2022-au-senegal-concours-enap\/#concours-penitentiaire-2026-2027-au-senegal-%e2%80%93-concours-enap-senegal-2026-2027\" >Concours penitentiaire 2026-2027 au Senegal &#8211; Concours ENAP Senegal 2026-2027<\/a><\/li><li class='ez-toc-page-1 ez-toc-heading-level-3'><a class=\"ez-toc-link ez-toc-heading-2\" href=\"https:\/\/kamerpower.com\/fr\/concours-penitentiaire-2021-2022-au-senegal-concours-enap\/#arrete\" >ARRETE<\/a><\/li><li class='ez-toc-page-1 ez-toc-heading-level-3'><a class=\"ez-toc-link ez-toc-heading-3\" href=\"https:\/\/kamerpower.com\/fr\/concours-penitentiaire-2021-2022-au-senegal-concours-enap\/#i-concours-enap-direct-des-inspecteurs\" >I. Concours ENAP direct des Inspecteurs<\/a><\/li><li class='ez-toc-page-1 ez-toc-heading-level-3'><a class=\"ez-toc-link ez-toc-heading-4\" href=\"https:\/\/kamerpower.com\/fr\/concours-penitentiaire-2021-2022-au-senegal-concours-enap\/#ii-concours-enap-direct-des-controleurs\" >II. Concours ENAP direct des Contr\u00f4leurs<\/a><\/li><li class='ez-toc-page-1 ez-toc-heading-level-3'><a class=\"ez-toc-link ez-toc-heading-5\" href=\"https:\/\/kamerpower.com\/fr\/concours-penitentiaire-2021-2022-au-senegal-concours-enap\/#iii-concours-direct-des-agents-administratifs\" >III. Concours direct des Agents Administratifs<\/a><\/li><li class='ez-toc-page-1 ez-toc-heading-level-3'><a class=\"ez-toc-link ez-toc-heading-6\" href=\"https:\/\/kamerpower.com\/fr\/concours-penitentiaire-2021-2022-au-senegal-concours-enap\/#iv-enap-concours-direct-des-surveillants-et-surveillantes-de-prison-et-au-titre-des-emplois-reserves\" >IV. ENAP Concours direct des Surveillants et Surveillantes de prison et au titre des emplois r\u00e9serv\u00e9s<\/a><\/li><li class='ez-toc-page-1 ez-toc-heading-level-3'><a class=\"ez-toc-link ez-toc-heading-7\" href=\"https:\/\/kamerpower.com\/fr\/concours-penitentiaire-2021-2022-au-senegal-concours-enap\/#v-concours-enap-directs-et-professionnels\" >V. Concours ENAP directs et professionnels<\/a><\/li><li class='ez-toc-page-1 ez-toc-heading-level-3'><a class=\"ez-toc-link ez-toc-heading-8\" href=\"https:\/\/kamerpower.com\/fr\/concours-penitentiaire-2021-2022-au-senegal-concours-enap\/#article-7-les-pieces-ci-jointes-sont-obligatoires-pour-la-constitution-du-dossier-de-candidature-au-concours-direct\" >Article 7: Les pi\u00e8ces ci-jointes sont obligatoires pour la constitution du dossier de candidature au concours direct :<\/a><\/li><\/ul><\/li><li class='ez-toc-page-1 ez-toc-heading-level-2'><a class=\"ez-toc-link ez-toc-heading-9\" href=\"https:\/\/kamerpower.com\/fr\/concours-penitentiaire-2021-2022-au-senegal-concours-enap\/#concours-penitentiaire-2026-2027-au-senegal-%e2%80%93-concours-enap-senegal\" >Concours penitentiaire 2026-2027 au Senegal &#8211; Concours ENAP Senegal<\/a><\/li><\/ul><\/nav><\/div>\n<h3 style=\"text-align: center;\"><span class=\"ez-toc-section\" id=\"concours-penitentiaire-2026-2027-au-senegal-%e2%80%93-concours-enap-senegal-2026-2027\"><\/span><span style=\"color: #000000;\"><strong>Concours penitentiaire 2026-2027 au Senegal &#8211; Concours ENAP Senegal 2026-2027<\/strong><\/span><span class=\"ez-toc-section-end\"><\/span><\/h3>\n<p style=\"text-align: justify;\">Concours penitentiaire 2026-2027 au Senegal Concours <strong>ENAP Senegal<\/strong> 2026-2027 <strong>Ecole Nationale d\u2019Administration P\u00e9nitentiaire<\/strong>. Concours d\u2019entr\u00e9 \u00e0 l\u2019\u00e9cole nationale d\u2019administration p\u00e9nitentiaire.<\/p>\n<p style=\"text-align: center;\"><span style=\"color: #3366ff;\"><strong>Concours d&#8217;entr\u00e9 \u00e0 l&#8217;ENAP 2026-2027 Senegal Ecole Nationale d&#8217;Administration P\u00e9nitentiaire.\u00a0<\/strong><\/span><\/p>\n<p style=\"text-align: center;\"><span style=\"color: #000000;\"><em><strong>Le Garde des Sceaux, Ministre de la Justice<\/strong><\/em><\/span><\/p>\n<p style=\"text-align: justify;\"><span style=\"font-size: inherit; color: #000000;\">Vu la Constitution.<br \/>\n<\/span><span style=\"color: #000000;\"><span style=\"font-size: inherit;\">Vu la loi n\u00b061-33 du 15 juin 1961 relative au Statut g\u00e9n\u00e9ral des fonctionnaires modifi\u00e9e.<br \/>\n<\/span><span style=\"font-size: inherit;\">Vu la loi n\u00b072-23 du 19 avril 1972 relative au statut du personnel de l\u2019Administration P\u00e9nitentiaire modifi\u00e9e.<\/span><\/span><\/p>\n<p style=\"text-align: justify;\"><span style=\"color: #000000;\"><span style=\"font-size: inherit;\">Vu la loi 75-92 du 20 d\u00e9cembre 1975, fixant le r\u00e9gime des emplois r\u00e9serv\u00e9s.<br \/>\n<\/span><span style=\"font-size: inherit;\">Vu le d\u00e9cret n\u00b063-295 du 11 mai 1963, fixant le r\u00e9gime commun des concours pr\u00e9vus pour l\u2019admission dans les diff\u00e9rents corps des fonctionnaires.<\/span><\/span><\/p>\n<p style=\"text-align: justify;\"><span style=\"color: #000000;\"><span style=\"font-size: inherit;\">Vu le d\u00e9cret n\u00b02007-554 du 30 avril 2007 portant organisation du Minist\u00e8re de la Justice.<br \/>\n<\/span><span style=\"font-size: inherit;\">Vu le d\u00e9cret n\u00b02007-951 du 07 ao\u00fbt 2007, fixant les modalit\u00e9s d\u2019application de la loi n\u00b072-23, modifi\u00e9.<\/span><\/span><\/p>\n<p style=\"text-align: justify;\"><span style=\"color: #000000;\"><span style=\"font-size: inherit;\">Vu le D\u00e9cret n\u00b02014-845 du 06 juillet 2014 portant nomination du Premier Ministre.<br \/>\n<\/span><span style=\"font-size: inherit;\">Vu le D\u00e9cret n\u00b02014-853 du 09 juillet 2014 portant r\u00e9partition des services de l\u2019Etat et du contr\u00f4le des \u00e9tablissements publics, des soci\u00e9t\u00e9s nationales et des soci\u00e9t\u00e9s \u00e0 participation publique entre la Pr\u00e9sidence de la R\u00e9publique, la Primature et les Minist\u00e8res, modifi\u00e9 par le d\u00e9cret n\u00b02015-299 du 06 mars 2015.<\/span><\/span><\/p>\n<p style=\"text-align: justify;\"><span style=\"color: #000000;\"><span style=\"font-size: inherit;\">Vu le D\u00e9cret n\u00b02014-870 du 22 juillet 2014 relatif aux attributions du Ministre de la Justice, Garde des Sceaux.<br \/>\n<\/span><span style=\"font-size: inherit;\">Vu le d\u00e9cret n\u00b02015-855 du 22 juin 2015 portant composition du gouvernement.<\/span><\/span><\/p>\n<p style=\"text-align: justify;\"><span style=\"color: #000000;\"><span style=\"font-size: inherit;\">Vu l\u2019Arr\u00eat\u00e9 n\u00b0010158\/M.J. du 20 juin 2014 abrogeant et rempla\u00e7ant l\u2019arr\u00eat\u00e9 <\/span><strong style=\"font-size: inherit;\">n\u00b0 2221\/M.INT\/CAB.4 du 16 f\u00e9vrier 1989<\/strong><span style=\"font-size: inherit;\"> portant organisation de la Direction de l\u2019Administration P\u00e9nitentiaire.<\/span><\/span><\/p>\n<p style=\"text-align: justify;\"><span style=\"font-size: inherit; color: #000000;\">Vu la lettre n\u00b001005\/PM\/CAB\/CS\/JUR. du 30 septembre 2025, portant recrutement de personnels au profit de l\u2019Administration p\u00e9nitentiaire.<\/span><\/p>\n<p style=\"text-align: justify;\"><span style=\"color: #000000;\">Sur Proposition du Directeur de l\u2019Administration P\u00e9nitentiaire.<\/span><\/p>\n<ul>\n<li><a href=\"https:\/\/kamerpower.com\/fr\/concours-2020-2021-au-senegal-concours-actuellement-disponible-liste\/\"><strong>Concours 2026-2027 au Senegal : Concours Actuellement Disponible Liste<\/strong><\/a><\/li>\n<\/ul>\n<p><img decoding=\"async\" class=\"aligncenter wp-image-33690 size-full\" src=\"https:\/\/kamerpower.com\/wp-content\/uploads\/2020\/11\/Concours-dentre-a-lENAP-2021-2022-Senegal-Ecole-Nationale-dAdministration-Penitentiaire.jpg\" alt=\"Concours d'entr\u00e9 \u00e0 l'ENAP 2026-2027 Senegal Ecole Nationale d'Administration P\u00e9nitentiaire\" width=\"1280\" height=\"720\" srcset=\"https:\/\/kamerpower.com\/wp-content\/uploads\/2020\/11\/Concours-dentre-a-lENAP-2021-2022-Senegal-Ecole-Nationale-dAdministration-Penitentiaire.jpg 1280w, https:\/\/kamerpower.com\/wp-content\/uploads\/2020\/11\/Concours-dentre-a-lENAP-2021-2022-Senegal-Ecole-Nationale-dAdministration-Penitentiaire-600x338.jpg 600w, https:\/\/kamerpower.com\/wp-content\/uploads\/2020\/11\/Concours-dentre-a-lENAP-2021-2022-Senegal-Ecole-Nationale-dAdministration-Penitentiaire-300x169.jpg 300w, https:\/\/kamerpower.com\/wp-content\/uploads\/2020\/11\/Concours-dentre-a-lENAP-2021-2022-Senegal-Ecole-Nationale-dAdministration-Penitentiaire-768x432.jpg 768w, https:\/\/kamerpower.com\/wp-content\/uploads\/2020\/11\/Concours-dentre-a-lENAP-2021-2022-Senegal-Ecole-Nationale-dAdministration-Penitentiaire-150x84.jpg 150w\" sizes=\"(max-width: 1280px) 100vw, 1280px\" \/><\/p>\n<h3 style=\"text-align: center;\"><span class=\"ez-toc-section\" id=\"arrete\"><\/span><span style=\"color: #000000;\"><strong>ARRETE<\/strong><\/span><span class=\"ez-toc-section-end\"><\/span><\/h3>\n<p style=\"text-align: justify;\"><span style=\"color: #3366ff;\"><strong>Article 1er<\/strong><\/span> :<span style=\"color: #000000;\"> des concours directs, professionnels et au titre des emplois r\u00e9serv\u00e9s sont ouverts pour l\u2019admission \u00e0 l\u2019Ecole Nationale d\u2019Administration P\u00e9nitentiaire (<strong>E.N.A.P.<\/strong>) pour les corps ci-apr\u00e8s :<\/span><\/p>\n<ul>\n<li><span style=\"color: #000000;\"><strong>Inspecteurs.<\/strong><\/span><\/li>\n<li><span style=\"color: #000000;\"><strong>Contr\u00f4leurs.<\/strong><\/span><\/li>\n<li><span style=\"color: #000000;\"><strong>Agents Administratifs.<\/strong><\/span><\/li>\n<li><span style=\"color: #000000;\"><strong>Surveillants et Surveillantes de Prison.<\/strong><\/span><\/li>\n<\/ul>\n<p><span style=\"color: #000000;\"><strong>Article 2<\/strong> : Le nombre de places autoris\u00e9es est r\u00e9parti ainsi qu\u2019il suit :<\/span><\/p>\n<table width=\"591\">\n<tbody>\n<tr>\n<td rowspan=\"2\" width=\"147\"><span style=\"color: #000000;\"><strong>Corps.<\/strong><\/span><\/td>\n<td colspan=\"3\" width=\"312\"><span style=\"color: #000000;\"><strong>Concours directs.<\/strong><\/span><\/td>\n<td width=\"132\"><span style=\"color: #000000;\"><strong>Professionnels.<\/strong><\/span><\/td>\n<\/tr>\n<tr>\n<td width=\"104\"><span style=\"color: #000000;\"><strong>Hommes<\/strong><\/span><\/td>\n<td width=\"104\"><span style=\"color: #000000;\"><strong>Femmes<\/strong><\/span><\/td>\n<td width=\"104\"><span style=\"color: #000000;\"><strong>Emplois<br \/>\n<\/strong><strong>r\u00e9serv\u00e9s.<\/strong><\/span><\/td>\n<td width=\"132\"><span style=\"color: #000000;\"><strong>mixtes<\/strong><\/span><\/td>\n<\/tr>\n<tr>\n<td width=\"147\"><span style=\"color: #000000;\"><strong>Inspecteurs<\/strong><\/span><\/td>\n<td colspan=\"2\" width=\"208\"><span style=\"color: #000000;\">02<\/span><\/td>\n<td width=\"104\"><\/td>\n<td width=\"132\"><span style=\"color: #000000;\">01<\/span><\/td>\n<\/tr>\n<tr>\n<td width=\"147\"><span style=\"color: #000000;\"><strong>Contr\u00f4leurs<\/strong><\/span><\/td>\n<td colspan=\"2\" width=\"208\"><span style=\"color: #000000;\">06<\/span><\/td>\n<td width=\"104\"><\/td>\n<td width=\"132\"><span style=\"color: #000000;\">04<\/span><\/td>\n<\/tr>\n<tr>\n<td width=\"147\"><span style=\"color: #000000;\"><strong>Agents Administratifs<\/strong><\/span><\/td>\n<td width=\"104\"><span style=\"color: #000000;\">07<\/span><\/td>\n<td width=\"104\"><span style=\"color: #000000;\">03<\/span><\/td>\n<td width=\"104\"><\/td>\n<td width=\"132\"><span style=\"color: #000000;\">15<\/span><\/td>\n<\/tr>\n<tr>\n<td width=\"147\"><span style=\"color: #000000;\"><strong>Surveillants de prison<\/strong><\/span><\/td>\n<td width=\"104\"><span style=\"color: #000000;\">260<\/span><\/td>\n<td width=\"104\"><span style=\"color: #000000;\">15<\/span><\/td>\n<td width=\"104\"><span style=\"color: #000000;\">07<\/span><\/td>\n<\/tr>\n<\/tbody>\n<\/table>\n<p><span style=\"color: #000000;\"><strong>Article 3<\/strong> : Les programmes desdits concours se pr\u00e9sentent ainsi qu\u2019il suit :<\/span><\/p>\n<h3><span class=\"ez-toc-section\" id=\"i-concours-enap-direct-des-inspecteurs\"><\/span><span style=\"color: #3366ff;\"><strong>I. Concours ENAP direct des Inspecteurs<\/strong><\/span><span class=\"ez-toc-section-end\"><\/span><\/h3>\n<p><span style=\"color: #000000;\">Epreuves physiques obligatoires et \u00e9liminatoires :<\/span><\/p>\n<ul>\n<li><span style=\"color: #000000;\">Course \u00e0 pied de 100 m\u00e8tres pour le personnel masculin et 60 m\u00e8tres pour le personnel f\u00e9minin (coefficient 1).<\/span><\/li>\n<li><span style=\"color: #000000;\">Course \u00e0 pied de 1000 m\u00e8tres pour le personnel masculin et 600 m\u00e8tres pour le personnel f\u00e9minin (coefficient 1).<\/span><\/li>\n<\/ul>\n<p><span style=\"color: #000000;\">Epreuves \u00e9crites obligatoires (niveau ma\u00eetrise) :<\/span><\/p>\n<ul>\n<li><span style=\"color: #000000;\">Composition sur un sujet d\u2019ordre g\u00e9n\u00e9ral se rapportant aux probl\u00e8mes politiques, \u00e9conomiques et sociaux depuis le milieu du XVIII\u00e8me si\u00e8cle (dur\u00e9e 4 heures, coefficient 4).<\/span><\/li>\n<li><span style=\"color: #000000;\">Composition sur un sujet de Droit p\u00e9nal ou de Proc\u00e9dure p\u00e9nale (dur\u00e9e 3 heures coefficient 3).<\/span><\/li>\n<li><span style=\"color: #000000;\">Composition sur un sujet de Droit Public (dur\u00e9e 3 heures, coefficient 3).<\/span><\/li>\n<\/ul>\n<p><span style=\"color: #000000;\">Epreuve \u00e9crite facultative (niveau ma\u00eetrise) :<\/span><\/p>\n<ul>\n<li><span style=\"color: #000000;\">Version sans dictionnaire (sauf pour l\u2019arabe) dans l\u2019une des langues vivantes suivantes :<\/span><\/li>\n<li><span style=\"color: #000000;\">Anglais, allemand, arabe espagnol, italien et Russe (dur\u00e9e 1 heure, coefficient 1)<\/span><\/li>\n<li><span style=\"color: #000000;\">Entretien avec le Jury (niveau ma\u00eetrise) :<\/span><\/li>\n<li><span style=\"color: #000000;\">Entretien avec la commission d\u2019examen sur un sujet relatif aux probl\u00e8mes politiques \u00e9conomiques et sociaux actuels (dur\u00e9e 15 minutes \u2013 coefficient 3).<\/span><\/li>\n<\/ul>\n<h3><span class=\"ez-toc-section\" id=\"ii-concours-enap-direct-des-controleurs\"><\/span><span style=\"color: #000000;\"><strong>II. Concours ENAP direct des Contr\u00f4leurs<\/strong><\/span><span class=\"ez-toc-section-end\"><\/span><\/h3>\n<p><span style=\"color: #000000;\">Epreuves physiques obligatoires et \u00e9liminatoires :<\/span><\/p>\n<ul>\n<li><span style=\"color: #000000;\">Course \u00e0 pied de 100 m\u00e8tres pour le personnel masculin et 60 m\u00e8tres pour le personnel f\u00e9minin (coefficient 1).<\/span><\/li>\n<li><span style=\"color: #000000;\">Course \u00e0 pied de 1000 m\u00e8tres pour le personnel masculin et 600 m\u00e8tres pour le personnel f\u00e9minin (coefficient 1).<\/span><\/li>\n<\/ul>\n<p><span style=\"color: #000000;\"><strong>Epreuves \u00e9crites obligatoires (niveau baccalaur\u00e9at) :<\/strong><\/span><\/p>\n<ul>\n<li><span style=\"color: #000000;\">r\u00e9daction sur un sujet d\u2019ordre g\u00e9n\u00e9ral (dur\u00e9e 3 heures \u2013 coefficient 4).<\/span><\/li>\n<li><span style=\"color: #000000;\">r\u00e9daction d\u2019une synth\u00e8se ou d\u2019un r\u00e9sum\u00e9 de texte (dur\u00e9e 2 heures \u2013 coefficient 2) .<\/span><\/li>\n<li><span style=\"color: #000000;\">note sur une question de Droit P\u00e9nal ou de Proc\u00e9dure P\u00e9nale (dur\u00e9e 2 heures \u2013 coefficient 2).<\/span><\/li>\n<li style=\"list-style-type: none;\"><\/li>\n<\/ul>\n<p><span style=\"color: #000000;\"><strong><span style=\"font-size: inherit;\">Epreuves \u00e9crites facultatives :<\/span><\/strong><\/span><\/p>\n<ul>\n<li><span style=\"color: #000000;\">Version sans dictionnaire (sauf pour l\u2019Arabe) dans l\u2019une des langues vivantes : Anglais, Allemand, Arabe et Espagnol (dur\u00e9e 1 heure \u2013 coefficient 1).<\/span><\/li>\n<\/ul>\n<p><span style=\"color: #000000;\"><strong>Entretien avec le Jury :<\/strong><\/span><\/p>\n<ul>\n<li><span style=\"color: #000000;\">Entretien avec la commission d\u2019examen sur un sujet relatif aux probl\u00e8mes politiques \u00e9conomiques et sociaux actuels (dur\u00e9e 15 minutes \u2013 coefficient 3). Kamerpower.com<\/span><\/li>\n<\/ul>\n<h3><span class=\"ez-toc-section\" id=\"iii-concours-direct-des-agents-administratifs\"><\/span><span style=\"color: #3366ff;\"><strong>III. Concours direct des Agents Administratifs<\/strong><\/span><span class=\"ez-toc-section-end\"><\/span><\/h3>\n<p><span style=\"color: #000000;\">Epreuves physiques obligatoires et \u00e9liminatoires :<\/span><\/p>\n<ul>\n<li><span style=\"color: #000000;\">Course \u00e0 pied de 100 m\u00e8tres pour le personnel masculin et 60 m\u00e8tres pour le personnel f\u00e9minin (coefficient 1).<\/span><\/li>\n<li><span style=\"color: #000000;\">Course \u00e0 pied de 1000 m\u00e8tres pour le personnel masculin et 600 m\u00e8tres pour le personnel f\u00e9minin (coefficient 1).<\/span><\/li>\n<\/ul>\n<p><span style=\"color: #000000;\">Epreuves \u00e9crites obligatoires (niveau brevet de fin d\u2019\u00e9tudes moyennes-BFEM) :<\/span><\/p>\n<ul>\n<li><span style=\"color: #000000;\">r\u00e9daction sur un sujet d\u2019ordre g\u00e9n\u00e9ral (dur\u00e9e 3 heures \u2013 coefficient 3).<\/span><\/li>\n<li><span style=\"color: #000000;\">une dict\u00e9e (dur\u00e9e 1 heure \u2013 coefficient 2).<\/span><\/li>\n<li><span style=\"color: #000000;\">deux \u00e9preuves de math\u00e9matiques (dur\u00e9e 2 heures \u2013 coefficient 2)<\/span><\/li>\n<li><span style=\"color: #000000;\">r\u00e9daction d\u2019un r\u00e9sum\u00e9 de texte (dur\u00e9e 2 heures \u2013 coefficient 2).<\/span><\/li>\n<li><\/li>\n<\/ul>\n<p><span style=\"color: #000000;\">Entretien avec le Jury :<\/span><\/p>\n<ul>\n<li style=\"text-align: justify;\"><span style=\"color: #000000;\">Entretien avec la commission d\u2019examen sur un sujet relatif aux probl\u00e8mes politiques \u00e9conomiques et sociaux actuels (dur\u00e9e 15 minutes \u2013 coefficient 3).<\/span><\/li>\n<\/ul>\n<h3><span class=\"ez-toc-section\" id=\"iv-enap-concours-direct-des-surveillants-et-surveillantes-de-prison-et-au-titre-des-emplois-reserves\"><\/span><span style=\"color: #3366ff;\"><strong>IV. ENAP Concours direct des Surveillants et Surveillantes de prison et au titre des emplois r\u00e9serv\u00e9s<\/strong><\/span><span class=\"ez-toc-section-end\"><\/span><\/h3>\n<p><span style=\"color: #000000;\">Epreuves physiques obligatoires et \u00e9liminatoires :<\/span><\/p>\n<ul>\n<li><span style=\"color: #000000;\">Course \u00e0 pied de 100 m\u00e8tres pour le personnel masculin et 60 m\u00e8tres pour le personnel f\u00e9minin (coefficient 1 ).<\/span><\/li>\n<li><span style=\"color: #000000;\">Course \u00e0 pied de 1000 m\u00e8tres pour le personnel masculin et 600 m\u00e8tres pour le personnel f\u00e9minin (coefficient 1).<\/span><\/li>\n<\/ul>\n<p><span style=\"color: #000000;\">Epreuves \u00e9crites obligatoires (niveau certificat de fin d\u2019\u00e9tudes \u00e9l\u00e9mentaires \u2013 CFEE) :<\/span><\/p>\n<ul>\n<li><span style=\"color: #000000;\">Dict\u00e9e et questions : dur\u00e9e 1 heure, coefficient 3.<\/span><\/li>\n<li><span style=\"color: #000000;\">Composition fran\u00e7aise : dur\u00e9e 2 heures, coefficient 2.<\/span><\/li>\n<li><span style=\"color: #000000;\">Epreuve de Math\u00e9matiques : dur\u00e9e 2 heures, coefficient 2.<\/span><\/li>\n<\/ul>\n<h3><span class=\"ez-toc-section\" id=\"v-concours-enap-directs-et-professionnels\"><\/span><span style=\"color: #3366ff;\"><strong>V. Concours ENAP directs et professionnels<\/strong><\/span><span class=\"ez-toc-section-end\"><\/span><\/h3>\n<p><span style=\"color: #000000;\">Programmes pr\u00e9vus \u00e0 l\u2019annexe II du d\u00e9cret n\u00b02007-951 du 07 ao\u00fbt 2007.<\/span><\/p>\n<p><span style=\"color: #000000;\"><strong>Article 4<\/strong> : Chaque \u00e9preuve est not\u00e9e de 0 \u00e0 20. Toute note inf\u00e9rieure \u00e0 07 avant l\u2019application des coefficients est \u00e9liminatoire.<\/span><\/p>\n<p><span style=\"color: #000000;\"><strong>Article 5<\/strong> : Les lieux et les dates des \u00e9preuves physiques et \u00e9crites seront* communiqu\u00e9s par voie de presse.<\/span><\/p>\n<p><span style=\"color: #000000;\"><strong>Article 6<\/strong> : Les candidats au concours direct et au titre des emplois r\u00e9serv\u00e9s doivent remplir les conditions ci- apr\u00e8s :<\/span><\/p>\n<ul>\n<li style=\"text-align: justify;\"><span style=\"color: #000000;\">\u00eatre de nationalit\u00e9 s\u00e9n\u00e9galaise.<\/span><\/li>\n<li style=\"text-align: justify;\"><span style=\"color: #000000;\">\u00eatre \u00e2g\u00e9 de 20 ans au moins et de 30 ans au plus au premier janvier de l\u2019ann\u00e9e en cours.<\/span><\/li>\n<li style=\"text-align: justify;\"><span style=\"color: #000000;\">jouir de ses droits civiques et \u00eatre de bonne moralit\u00e9 .<\/span><\/li>\n<li style=\"text-align: justify;\"><span style=\"color: #000000;\">\u00eatre de constitution robuste et reconnu apte \u00e0 un service actif de jour et de nuit.<\/span><\/li>\n<li style=\"text-align: justify;\"><span style=\"color: #000000;\">avoir la taille de 1 m\u00e8tre 70 au moins pour les candidats de sexe masculin et 1 m\u00e9tre 60 au moins pour les candidates de sexe f\u00e9minin.<\/span><\/li>\n<li style=\"text-align: justify;\"><span style=\"color: #000000;\">poss\u00e9der une acuit\u00e9 visuelle au moins \u00e9gale \u00e0 15\/10\u00e8me. La correction par verre de l\u2019acuit\u00e9 visuelle n\u2019est pas admise.<\/span><\/li>\n<li style=\"text-align: justify;\"><span style=\"color: #000000;\">avoir accompli le service militaire actif pour les candidats de sexe masculin au concours direct des surveillants de prison.<\/span><\/li>\n<li style=\"text-align: justify;\"><span style=\"color: #000000;\">r\u00e9unir cinq ann\u00e9es de service pour les militaires li\u00e9s par contrat (au titre des emplois r\u00e9serv\u00e9s).<\/span><\/li>\n<\/ul>\n<h3 style=\"text-align: justify;\"><span class=\"ez-toc-section\" id=\"article-7-les-pieces-ci-jointes-sont-obligatoires-pour-la-constitution-du-dossier-de-candidature-au-concours-direct\"><\/span><span style=\"font-size: inherit;\"><span style=\"color: #3366ff;\"><strong>Article 7:<\/strong><\/span> <\/span><span style=\"font-size: inherit;\"><span style=\"color: #000000;\">Les pi\u00e8ces ci-jointes sont obligatoires pour la constitution du dossier de candidature au concours direct :<\/span><\/span><span class=\"ez-toc-section-end\"><\/span><\/h3>\n<ul>\n<li style=\"text-align: justify;\"><span style=\"color: #000000;\">une demande manuscrite adress\u00e9e au Garde des sceaux, Ministre de la Justice.<\/span><\/li>\n<li style=\"text-align: justify;\"><span style=\"color: #000000;\">trois enveloppes timbr\u00e9es portant l\u2019adresse compl\u00e8te du candidat (deux enveloppes petit mod\u00e8le portant chacun un timbre de 200 francs et une enveloppe grand format 28X36 portant un timbre de 400 francs).<\/span><\/li>\n<li style=\"text-align: justify;\"><span style=\"color: #000000;\">une photocopie l\u00e9galis\u00e9e de la Carte Nationale d\u2019identit\u00e9 num\u00e9ris\u00e9e ne datant pas plus de 10 ans.<\/span><\/li>\n<li style=\"text-align: justify;\"><span style=\"color: #000000;\">un extrait de naissance ou du jugement suppl\u00e9tif datant de moins de six(6) mois.<\/span><\/li>\n<li style=\"text-align: justify;\"><span style=\"color: #000000;\">un extrait du casier judiciaire datant de moins de trois (3) mois.<\/span><\/li>\n<li style=\"text-align: justify;\"><span style=\"color: #000000;\">une photocopie l\u00e9galis\u00e9e du certificat de nationalit\u00e9.<\/span><\/li>\n<li style=\"text-align: justify;\"><span style=\"color: #000000;\">un certificat de bonne vie et m\u0153urs datant de moins de trois (03) mois.<\/span><\/li>\n<li style=\"text-align: justify;\"><span style=\"color: #000000;\">une photocopie l\u00e9galis\u00e9e ou une copie certifi\u00e9e conforme \u00e0 l\u2019original de la Ma\u00eetrise ou de tout autre dipl\u00f4me admis en \u00e9quivalence (pour les candidats au concours direct des Inspecteurs).<\/span><\/li>\n<li style=\"text-align: justify;\"><span style=\"color: #000000;\">une photocopie l\u00e9galis\u00e9e ou une copie certifi\u00e9e conforme \u00e0 l\u2019original du Baccalaur\u00e9at ou de tout autre dipl\u00f4me admis en \u00e9quivalence (pour les candidats au concours direct des Contr\u00f4leurs).<\/span><\/li>\n<li style=\"text-align: justify;\"><span style=\"color: #000000;\">une photocopie l\u00e9galis\u00e9e ou une copie certifi\u00e9e conforme \u00e0 l\u2019original du Brevet de Fin d\u2019Etudes Moyennes (B.F.E.M.) ou de tout autre dipl\u00f4me admis en \u00e9quivalence (pour les candidats au concours direct des Agents Administratifs.<\/span><\/li>\n<li style=\"text-align: justify;\"><span style=\"color: #000000;\">une photocopie l\u00e9galis\u00e9e ou une copie certifi\u00e9e conforme \u00e0 l\u2019origine du Certificat d\u2019Etudes Primaires El\u00e9mentaires (<strong>C.E.P.E.<\/strong>) ou de tout autre dipl\u00f4me admis en \u00e9quivalence (pour les candidats au concours direct des Surveillants et Surveillantes de prison et au titre des emplois r\u00e9serv\u00e9s).<\/span><\/li>\n<li style=\"text-align: justify;\"><span style=\"color: #000000;\">un certificat de visite et de contre visite mentionnant la taille et l\u2019acuit\u00e9 visuelle, d\u00e9livr\u00e9 par un m\u00e9decin militaire, datant de moins de trois (3) mois.<\/span><\/li>\n<li style=\"text-align: justify;\"><span style=\"color: #000000;\">un \u00e9tat signal\u00e9tique et des services militaires ainsi qu\u2019un certificat de bonne conduite pour les candidats de sexe masculin au concours direct des Surveillants de prison ainsi qu\u2019au titre des emplois r\u00e9serv\u00e9s.<\/span><\/li>\n<li style=\"text-align: justify;\"><span style=\"color: #000000;\">une autorisation du Chef de Corps ou du Commandant d\u2019Escadron pour les candidats en activit\u00e9.<\/span><\/li>\n<li style=\"text-align: justify;\"><span style=\"color: #000000;\">au concours professionnel : une demande manuscrite adress\u00e9e \u00e0 Monsieur le Garde des Sceaux, Ministre de la Justice sous couvert de la voie hi\u00e9rarchique.<\/span><\/li>\n<li><\/li>\n<\/ul>\n<p style=\"text-align: justify;\"><span style=\"color: #000000;\"><strong>Article 8<\/strong> : Les dossiers de candidature peuvent \u00eatre d\u00e9pos\u00e9s aux lieux ci-apr\u00e8s, selon le lieu de r\u00e9sidence des candidats :<\/span><\/p>\n<p style=\"text-align: justify;\"><span style=\"color: #000000;\">Direction de l\u2019Administration P\u00e9nitentiaire (Division des Ressources Humaines).<\/span><\/p>\n<p style=\"text-align: justify;\"><strong><em><span style=\"color: #000000;\">Aux Inspections R\u00e9gionales de l\u2019Administration P\u00e9nitentiaire de Thi\u00e8s, Saint-Louis, Kaolack, Tambacounda, Ziguinchor.<\/span><\/em><\/strong><\/p>\n<p style=\"text-align: justify;\"><span style=\"color: #000000;\"><strong>Article 9<\/strong> : Le pr\u00e9sent arr\u00eat\u00e9 sera enregistr\u00e9, communiqu\u00e9 et publi\u00e9 partout o\u00f9 besoin sera.<\/span><\/p>\n<p><strong>Recommandation<\/strong><\/p>\n<ul>\n<li><a href=\"https:\/\/kamerpower.com\/fr\/cesti-concours-dentree-concours-cesti-senegal\/\"><strong>CESTI concours d\u2019entr\u00e9e Concours CESTI s\u00e9n\u00e9gal<\/strong><\/a><\/li>\n<li><a href=\"https:\/\/kamerpower.com\/fr\/concours-enfht-ecole-de-formation-senegal-enfht\/\"><strong>Concours ENFHT Ecole de Formation Senegal ENFHT<\/strong><\/a><\/li>\n<li><a href=\"https:\/\/kamerpower.com\/fr\/ipsl-concours-ucad-saint-louis-senegal-ipsl-ugb\/\"><strong>IPSL Concours : ucad Saint Louis Senegal IPSL ugb<\/strong><\/a><\/li>\n<li><a href=\"https:\/\/kamerpower.com\/fr\/ept-thies-concours-ecole-polytechnique-thies-senegal\/\"><strong>EPT Thies Concours Ecole polytechnique thies s\u00e9n\u00e9gal<\/strong><\/a><\/li>\n<\/ul>\n<h2 style=\"text-align: center;\"><span class=\"ez-toc-section\" id=\"concours-penitentiaire-2026-2027-au-senegal-%e2%80%93-concours-enap-senegal\"><\/span><span style=\"color: #3366ff;\"><strong>Concours penitentiaire 2026-2027 au Senegal &#8211; Concours ENAP Senegal<\/strong><\/span><span class=\"ez-toc-section-end\"><\/span><\/h2>\n","protected":false},"excerpt":{"rendered":"<p>&#46;&#46;&#46;<\/p>\n","protected":false},"author":1,"featured_media":33690,"comment_status":"open","ping_status":"closed","sticky":false,"template":"","format":"standard","meta":{"_themeisle_gutenberg_block_has_review":false,"footnotes":""},"categories":[58662],"tags":[2003],"class_list":["post-33689","post","type-post","status-publish","format-standard","has-post-thumbnail","hentry","category-concours-senegal","tag-concours-et-examens-au-senegal-senegal"],"_links":{"self":[{"href":"https:\/\/kamerpower.com\/fr\/wp-json\/wp\/v2\/posts\/33689","targetHints":{"allow":["GET"]}}],"collection":[{"href":"https:\/\/kamerpower.com\/fr\/wp-json\/wp\/v2\/posts"}],"about":[{"href":"https:\/\/kamerpower.com\/fr\/wp-json\/wp\/v2\/types\/post"}],"author":[{"embeddable":true,"href":"https:\/\/kamerpower.com\/fr\/wp-json\/wp\/v2\/users\/1"}],"replies":[{"embeddable":true,"href":"https:\/\/kamerpower.com\/fr\/wp-json\/wp\/v2\/comments?post=33689"}],"version-history":[{"count":2,"href":"https:\/\/kamerpower.com\/fr\/wp-json\/wp\/v2\/posts\/33689\/revisions"}],"predecessor-version":[{"id":73678,"href":"https:\/\/kamerpower.com\/fr\/wp-json\/wp\/v2\/posts\/33689\/revisions\/73678"}],"wp:featuredmedia":[{"embeddable":true,"href":"https:\/\/kamerpower.com\/fr\/wp-json\/wp\/v2\/media\/33690"}],"wp:attachment":[{"href":"https:\/\/kamerpower.com\/fr\/wp-json\/wp\/v2\/media?parent=33689"}],"wp:term":[{"taxonomy":"category","embeddable":true,"href":"https:\/\/kamerpower.com\/fr\/wp-json\/wp\/v2\/categories?post=33689"},{"taxonomy":"post_tag","embeddable":true,"href":"https:\/\/kamerpower.com\/fr\/wp-json\/wp\/v2\/tags?post=33689"}],"curies":[{"name":"wp","href":"https:\/\/api.w.org\/{rel}","templated":true}]}}