{"id":36341,"date":"2021-03-03T23:39:56","date_gmt":"2021-03-03T22:39:56","guid":{"rendered":"https:\/\/kamerpower.com\/?p=36341"},"modified":"2024-11-11T11:09:41","modified_gmt":"2024-11-11T10:09:41","slug":"avis-de-recrutement-chez-intel-hrci-responsables-des-ventes-sous-regional","status":"publish","type":"post","link":"https:\/\/kamerpower.com\/fr\/avis-de-recrutement-chez-intel-hrci-responsables-des-ventes-sous-regional\/","title":{"rendered":"Avis de recrutement chez Intel HRCI: Responsables des Ventes Sous \u2013 R\u00e9gional"},"content":{"rendered":"<div id=\"ez-toc-container\" class=\"ez-toc-v2_0_82_2 counter-hierarchy ez-toc-counter ez-toc-custom ez-toc-container-direction\">\n<p class=\"ez-toc-title\" style=\"cursor:inherit\">Contents<\/p>\n<label for=\"ez-toc-cssicon-toggle-item-69f230a002c97\" class=\"ez-toc-cssicon-toggle-label\"><span class=\"ez-toc-cssicon\"><span class=\"eztoc-hide\" style=\"display:none;\">Toggle<\/span><span class=\"ez-toc-icon-toggle-span\"><svg style=\"fill: #000000;color:#000000\" xmlns=\"http:\/\/www.w3.org\/2000\/svg\" class=\"list-377408\" width=\"20px\" height=\"20px\" viewBox=\"0 0 24 24\" fill=\"none\"><path d=\"M6 6H4v2h2V6zm14 0H8v2h12V6zM4 11h2v2H4v-2zm16 0H8v2h12v-2zM4 16h2v2H4v-2zm16 0H8v2h12v-2z\" fill=\"currentColor\"><\/path><\/svg><svg style=\"fill: #000000;color:#000000\" class=\"arrow-unsorted-368013\" xmlns=\"http:\/\/www.w3.org\/2000\/svg\" width=\"10px\" height=\"10px\" viewBox=\"0 0 24 24\" version=\"1.2\" baseProfile=\"tiny\"><path d=\"M18.2 9.3l-6.2-6.3-6.2 6.3c-.2.2-.3.4-.3.7s.1.5.3.7c.2.2.4.3.7.3h11c.3 0 .5-.1.7-.3.2-.2.3-.5.3-.7s-.1-.5-.3-.7zM5.8 14.7l6.2 6.3 6.2-6.3c.2-.2.3-.5.3-.7s-.1-.5-.3-.7c-.2-.2-.4-.3-.7-.3h-11c-.3 0-.5.1-.7.3-.2.2-.3.5-.3.7s.1.5.3.7z\"\/><\/svg><\/span><\/span><\/label><input type=\"checkbox\"  id=\"ez-toc-cssicon-toggle-item-69f230a002c97\"  aria-label=\"Toggle\" \/><nav><ul class='ez-toc-list ez-toc-list-level-1 ' ><ul class='ez-toc-list-level-3' ><li class='ez-toc-heading-level-3'><a class=\"ez-toc-link ez-toc-heading-1\" href=\"https:\/\/kamerpower.com\/fr\/avis-de-recrutement-chez-intel-hrci-responsables-des-ventes-sous-regional\/#avis-de-recrutement-chez-intel-hrci-responsables-des-ventes-sous-%e2%80%93-regional\" >Avis de recrutement chez Intel HRCI: Responsables des Ventes Sous \u2013 R\u00e9gional.<\/a><\/li><li class='ez-toc-page-1 ez-toc-heading-level-3'><a class=\"ez-toc-link ez-toc-heading-2\" href=\"https:\/\/kamerpower.com\/fr\/avis-de-recrutement-chez-intel-hrci-responsables-des-ventes-sous-regional\/#profil\" >Profil<\/a><\/li><li class='ez-toc-page-1 ez-toc-heading-level-3'><a class=\"ez-toc-link ez-toc-heading-3\" href=\"https:\/\/kamerpower.com\/fr\/avis-de-recrutement-chez-intel-hrci-responsables-des-ventes-sous-regional\/#competence-requise\" >Comp\u00e9tence requise<\/a><\/li><\/ul><\/li><li class='ez-toc-page-1 ez-toc-heading-level-2'><a class=\"ez-toc-link ez-toc-heading-4\" href=\"https:\/\/kamerpower.com\/fr\/avis-de-recrutement-chez-intel-hrci-responsables-des-ventes-sous-regional\/#avis-de-recrutement-chez-intel-hrci-responsables-des-ventes-sous-%e2%80%93-regional-2\" >Avis de recrutement chez Intel HRCI: Responsables des Ventes Sous \u2013 R\u00e9gional<\/a><\/li><\/ul><\/nav><\/div>\n<h3 style=\"text-align: center;\"><span class=\"ez-toc-section\" id=\"avis-de-recrutement-chez-intel-hrci-responsables-des-ventes-sous-%e2%80%93-regional\"><\/span><span style=\"color: #000000;\"><strong>Avis de recrutement chez Intel HRCI: Responsables des Ventes Sous \u2013 R\u00e9gional.<\/strong><\/span><span class=\"ez-toc-section-end\"><\/span><\/h3>\n<p style=\"text-align: justify;\"><span style=\"color: #000000;\"><a href=\"https:\/\/kamerpower.com\/fr\/recrutement-intel-hr-consulting-ltd-assistant-administratif-des-ventes\/\"><strong>Avis de recrutement chez Intel HRCI<\/strong><\/a>: Responsables des Ventes Sous \u2013 R\u00e9gional. Agir en tant que point d\u2019escalade pour que les clients suppriment tous les obstacles au d\u00e9veloppement des affaires dans les march\u00e9s de la r\u00e9gion cible.\u00a0<\/span><\/p>\n<p><img decoding=\"async\" class=\"aligncenter size-full wp-image-18504\" src=\"https:\/\/kamerpower.com\/wp-content\/uploads\/2017\/04\/Recrutement-Intel-HR-consulting-Ltd-Assistant-Administratif-des-Ventes.png\" alt=\"Recrutement Intel HR consulting Ltd Assistant Administratif des Ventes\" width=\"356\" height=\"213\" srcset=\"https:\/\/kamerpower.com\/wp-content\/uploads\/2017\/04\/Recrutement-Intel-HR-consulting-Ltd-Assistant-Administratif-des-Ventes.png 356w, https:\/\/kamerpower.com\/wp-content\/uploads\/2017\/04\/Recrutement-Intel-HR-consulting-Ltd-Assistant-Administratif-des-Ventes-300x179.png 300w\" sizes=\"(max-width: 356px) 100vw, 356px\" \/><\/p>\n<h3><span class=\"ez-toc-section\" id=\"profil\"><\/span><span style=\"color: #000000;\"><strong>Profil<\/strong><\/span><span class=\"ez-toc-section-end\"><\/span><\/h3>\n<ul>\n<li style=\"text-align: justify;\"><span style=\"color: #000000;\">Dipl\u00f4me commercial et \/ ou dipl\u00f4me technique dans le domaine connexe.<\/span><\/li>\n<li style=\"text-align: justify;\"><span style=\"color: #000000;\">Exp\u00e9rience dans le domaine connexe est un atout.<\/span><\/li>\n<li style=\"text-align: justify;\"><span style=\"color: #000000;\">Au moins 7 ans et plus d \u2018exp\u00e9rience dans le domaine de la vente de services, avec une exp\u00e9rience r\u00e9ussie.<\/span><\/li>\n<li>\n<p style=\"text-align: justify;\"><span style=\"color: #000000;\">Ma\u00eetrise de l\u2019 anglais et autres.<\/span><\/p>\n<ul>\n<li style=\"text-align: justify;\"><span style=\"color: #000000;\">Les langues sont un avantage.<\/span><\/li>\n<\/ul>\n<\/li>\n<li style=\"text-align: justify;\"><span style=\"color: #000000;\">\u00catre un penseur \u00abpr\u00eat \u00e0 l\u2019emploi\u00bb capable de voir d\u2019autres opportunit\u00e9s de croissance d\u2019entreprise<\/span><\/li>\n<li style=\"text-align: justify;\"><span style=\"color: #000000;\">Efficace dans la gestion des priorit\u00e9s.<\/span><\/li>\n<li style=\"text-align: justify;\"><span style=\"color: #000000;\">Doit \u00eatre bien organis\u00e9, responsable et imputable.<\/span><\/li>\n<li style=\"text-align: justify;\"><span style=\"color: #000000;\">Excellentes comp\u00e9tences en communication \u00e9crite et verbale Passion pour la vente et la victoire et r\u00e9silience pour surmonter rejet.<\/span><\/li>\n<li style=\"text-align: justify;\"><span style=\"color: #000000;\">Solide r\u00e9seau individuel avec portefeuille de produits de l \u2018entreprise et \/ ou communaut\u00e9 d\u2019 entreprise dans la sous \u2013 r\u00e9gion a plus.<\/span><\/li>\n<\/ul>\n<h3><span class=\"ez-toc-section\" id=\"competence-requise\"><\/span><span style=\"color: #000000;\"><strong>Comp\u00e9tence requise<\/strong><\/span><span class=\"ez-toc-section-end\"><\/span><\/h3>\n<p style=\"text-align: justify;\"><span style=\"color: #000000;\">Capacit\u00e9 \u00e0 produire des r\u00e9sultats de mani\u00e8re ind\u00e9pendante tout en maintenant un environnement d\u2019\u00e9quipe positif.<\/span><\/p>\n<ul>\n<li><span style=\"color: #000000;\">Capacit\u00e9 \u00e0 persuader et influencer les autres.<\/span><\/li>\n<li><span style=\"color: #000000;\">Capacit\u00e9 \u00e0 pr\u00e9senter des concepts d\u00e9taill\u00e9s \u00e0 un public dans un environnement de pr\u00e9sentation.<\/span><\/li>\n<li><span style=\"color: #000000;\">Capacit\u00e9 \u00e0 adopter une approche flexible du travail et \u00e0 r\u00e9agir efficacement \u00e0 une \u00e9volution rapide.<\/span><\/li>\n<li><span style=\"color: #000000;\">Environnement Capacit\u00e9 \u00e0 travailler de sa propre initiative et avec un haut degr\u00e9 d \u2018autonomie.<\/span><\/li>\n<li><span style=\"color: #000000;\">Excellentes comp\u00e9tences interpersonnelles et de communication, verbales, \u00e9crites, en face \u00e0 face et au t\u00e9l\u00e9phone avec les clients et coll\u00e8gues.<\/span><\/li>\n<li><span style=\"color: #000000;\">Excellent Esprit d\u2019 \u00e9quipe.<\/span><\/li>\n<li><span style=\"color: #000000;\">Capacit\u00e9 \u00e0 \u00e9couter et identifier les besoins des clients et Exigences \u00c9tat d\u2019esprit ax\u00e9 sur le service.<\/span><\/li>\n<li><span style=\"color: #000000;\">Comp\u00e9tences organisationnelles avec l\u2019esprit de regroupement du portefeuille pour optimiser.<\/span><\/li>\n<li><span style=\"color: #000000;\">Responsabilit\u00e9, r\u00e9sultats motiv\u00e9s.<\/span><\/li>\n<li><span style=\"color: #000000;\">Enthousiasmes et pers\u00e9v\u00e9rance.<\/span><\/li>\n<\/ul>\n<p><strong>NB<\/strong>.\u00a0Le poste n\u00e9cessite des voyages fr\u00e9quents en Afrique centrale<\/p>\n<p><strong>INFORMATIONS COMPL\u00c9MENTAIRES<\/strong><\/p>\n<p style=\"text-align: justify;\"><span style=\"color: #000000;\">Si le poste ci-dessus vous int\u00e9resse, vous envoyez des CV uniquement \u00e0\u00a0recrutement@intelhra.com\u00a0en pr\u00e9cisant le poste : Responsable des ventes sous-r\u00e9gional\u00a0<\/span><\/p>\n<p><span style=\"color: #000000;\">Date de cl\u00f4ture: 15 mars 2023.<\/span><\/p>\n<p style=\"text-align: justify;\"><span style=\"color: #000000;\"><strong>NB<\/strong>:\u00a0Seuls les candidats pr\u00e9s\u00e9lectionn\u00e9s seront contact\u00e9s Merci.<\/span><\/p>\n<h2 style=\"text-align: center;\"><span class=\"ez-toc-section\" id=\"avis-de-recrutement-chez-intel-hrci-responsables-des-ventes-sous-%e2%80%93-regional-2\"><\/span><span style=\"color: #000000;\"><strong>Avis de recrutement chez Intel HRCI: Responsables des Ventes Sous \u2013 R\u00e9gional<\/strong><\/span><span class=\"ez-toc-section-end\"><\/span><\/h2>\n","protected":false},"excerpt":{"rendered":"<p>&#46;&#46;&#46;<\/p>\n","protected":false},"author":1,"featured_media":18504,"comment_status":"open","ping_status":"closed","sticky":false,"template":"","format":"standard","meta":{"_themeisle_gutenberg_block_has_review":false,"footnotes":""},"categories":[1845],"tags":[1973,2493],"class_list":["post-36341","post","type-post","status-publish","format-standard","has-post-thumbnail","hentry","category-emplois","tag-offre-demploi-au-cameroun-2016-2017","tag-recrutement-intel-hr-consulting-ltd-recr2"],"_links":{"self":[{"href":"https:\/\/kamerpower.com\/fr\/wp-json\/wp\/v2\/posts\/36341","targetHints":{"allow":["GET"]}}],"collection":[{"href":"https:\/\/kamerpower.com\/fr\/wp-json\/wp\/v2\/posts"}],"about":[{"href":"https:\/\/kamerpower.com\/fr\/wp-json\/wp\/v2\/types\/post"}],"author":[{"embeddable":true,"href":"https:\/\/kamerpower.com\/fr\/wp-json\/wp\/v2\/users\/1"}],"replies":[{"embeddable":true,"href":"https:\/\/kamerpower.com\/fr\/wp-json\/wp\/v2\/comments?post=36341"}],"version-history":[{"count":0,"href":"https:\/\/kamerpower.com\/fr\/wp-json\/wp\/v2\/posts\/36341\/revisions"}],"wp:featuredmedia":[{"embeddable":true,"href":"https:\/\/kamerpower.com\/fr\/wp-json\/wp\/v2\/media\/18504"}],"wp:attachment":[{"href":"https:\/\/kamerpower.com\/fr\/wp-json\/wp\/v2\/media?parent=36341"}],"wp:term":[{"taxonomy":"category","embeddable":true,"href":"https:\/\/kamerpower.com\/fr\/wp-json\/wp\/v2\/categories?post=36341"},{"taxonomy":"post_tag","embeddable":true,"href":"https:\/\/kamerpower.com\/fr\/wp-json\/wp\/v2\/tags?post=36341"}],"curies":[{"name":"wp","href":"https:\/\/api.w.org\/{rel}","templated":true}]}}