{"id":36810,"date":"2021-03-14T16:26:30","date_gmt":"2021-03-14T15:26:30","guid":{"rendered":"https:\/\/kamerpower.com\/?p=36810"},"modified":"2021-03-14T16:32:39","modified_gmt":"2021-03-14T15:32:39","slug":"recrutement-webmaster-ucac-appel-a-candidature-universite-catholique-dafrique-centrale","status":"publish","type":"post","link":"https:\/\/kamerpower.com\/fr\/recrutement-webmaster-ucac-appel-a-candidature-universite-catholique-dafrique-centrale\/","title":{"rendered":"Recrutement Webmaster \u2013 UCAC Appel a candidature Universit\u00e9 Catholique d\u2019Afrique Centrale"},"content":{"rendered":"<div id=\"ez-toc-container\" class=\"ez-toc-v2_0_82_2 counter-hierarchy ez-toc-counter ez-toc-custom ez-toc-container-direction\">\n<p class=\"ez-toc-title\" style=\"cursor:inherit\">Contents<\/p>\n<label for=\"ez-toc-cssicon-toggle-item-69f1e497d5637\" class=\"ez-toc-cssicon-toggle-label\"><span class=\"ez-toc-cssicon\"><span class=\"eztoc-hide\" style=\"display:none;\">Toggle<\/span><span class=\"ez-toc-icon-toggle-span\"><svg style=\"fill: #000000;color:#000000\" xmlns=\"http:\/\/www.w3.org\/2000\/svg\" class=\"list-377408\" width=\"20px\" height=\"20px\" viewBox=\"0 0 24 24\" fill=\"none\"><path d=\"M6 6H4v2h2V6zm14 0H8v2h12V6zM4 11h2v2H4v-2zm16 0H8v2h12v-2zM4 16h2v2H4v-2zm16 0H8v2h12v-2z\" fill=\"currentColor\"><\/path><\/svg><svg style=\"fill: #000000;color:#000000\" class=\"arrow-unsorted-368013\" xmlns=\"http:\/\/www.w3.org\/2000\/svg\" width=\"10px\" height=\"10px\" viewBox=\"0 0 24 24\" version=\"1.2\" baseProfile=\"tiny\"><path d=\"M18.2 9.3l-6.2-6.3-6.2 6.3c-.2.2-.3.4-.3.7s.1.5.3.7c.2.2.4.3.7.3h11c.3 0 .5-.1.7-.3.2-.2.3-.5.3-.7s-.1-.5-.3-.7zM5.8 14.7l6.2 6.3 6.2-6.3c.2-.2.3-.5.3-.7s-.1-.5-.3-.7c-.2-.2-.4-.3-.7-.3h-11c-.3 0-.5.1-.7.3-.2.2-.3.5-.3.7s.1.5.3.7z\"\/><\/svg><\/span><\/span><\/label><input type=\"checkbox\"  id=\"ez-toc-cssicon-toggle-item-69f1e497d5637\"  aria-label=\"Toggle\" \/><nav><ul class='ez-toc-list ez-toc-list-level-1 ' ><ul class='ez-toc-list-level-3' ><li class='ez-toc-heading-level-3'><a class=\"ez-toc-link ez-toc-heading-1\" href=\"https:\/\/kamerpower.com\/fr\/recrutement-webmaster-ucac-appel-a-candidature-universite-catholique-dafrique-centrale\/#recrutement-webmaster-%e2%80%93-ucac-appel-a-candidature-universite-catholique-dafrique-centrale\" >Recrutement Webmaster \u2013 UCAC Appel a candidature Universit\u00e9 Catholique d\u2019Afrique Centrale.<\/a><\/li><li class='ez-toc-page-1 ez-toc-heading-level-3'><a class=\"ez-toc-link ez-toc-heading-2\" href=\"https:\/\/kamerpower.com\/fr\/recrutement-webmaster-ucac-appel-a-candidature-universite-catholique-dafrique-centrale\/#webmaster\" >Webmaster<\/a><\/li><li class='ez-toc-page-1 ez-toc-heading-level-3'><a class=\"ez-toc-link ez-toc-heading-3\" href=\"https:\/\/kamerpower.com\/fr\/recrutement-webmaster-ucac-appel-a-candidature-universite-catholique-dafrique-centrale\/#profil\" >PROFIL<\/a><\/li><li class='ez-toc-page-1 ez-toc-heading-level-3'><a class=\"ez-toc-link ez-toc-heading-4\" href=\"https:\/\/kamerpower.com\/fr\/recrutement-webmaster-ucac-appel-a-candidature-universite-catholique-dafrique-centrale\/#competences-requises\" >COMP\u00c9TENCES REQUISES<\/a><\/li><\/ul><\/li><li class='ez-toc-page-1 ez-toc-heading-level-2'><a class=\"ez-toc-link ez-toc-heading-5\" href=\"https:\/\/kamerpower.com\/fr\/recrutement-webmaster-ucac-appel-a-candidature-universite-catholique-dafrique-centrale\/#recrutement-webmaster-%e2%80%93-ucac-appel-a-candidature-universite-catholique-dafrique-centrale-2\" >Recrutement Webmaster \u2013 UCAC Appel a candidature Universit\u00e9 Catholique d\u2019Afrique Centrale<\/a><\/li><\/ul><\/nav><\/div>\n<h3 style=\"text-align: center;\"><span class=\"ez-toc-section\" id=\"recrutement-webmaster-%e2%80%93-ucac-appel-a-candidature-universite-catholique-dafrique-centrale\"><\/span><span style=\"color: #000000;\"><strong>Recrutement Webmaster \u2013 UCAC Appel a candidature Universit\u00e9 Catholique d\u2019Afrique Centrale.<\/strong><\/span><span class=\"ez-toc-section-end\"><\/span><\/h3>\n<p style=\"text-align: justify;\"><span style=\"color: #000000;\">Recrutement Webmaster \u2013 UCAC Appel a candidature. Recrutement et emplois chez UCAC<\/a> Universit\u00e9 Catholique d&#8217;Afrique Centrale. Kamerpower.com<\/span><\/p>\n<p style=\"text-align: justify;\"><span style=\"color: #000000;\">Le Recteur de l\u2019Universit\u00e9 Catholique d\u2019Afrique Centrale publie le pr\u00e9sent appel \u00e0 candidatures en vue du recrutement d\u2019un Webmaster et d\u2019un Technicien de Maintenance.<\/span><\/p>\n<p><img decoding=\"async\" class=\"aligncenter size-full wp-image-36811\" src=\"https:\/\/kamerpower.com\/wp-content\/uploads\/2021\/03\/Recrutement-et-emplois-chez-UCAC-Universite-Catholique-dAfrique-Centrale.jpg\" alt=\"Recrutement et emplois chez UCAC Universit\u00e9 Catholique d'Afrique Centrale\" width=\"1280\" height=\"720\" srcset=\"https:\/\/kamerpower.com\/wp-content\/uploads\/2021\/03\/Recrutement-et-emplois-chez-UCAC-Universite-Catholique-dAfrique-Centrale.jpg 1280w, https:\/\/kamerpower.com\/wp-content\/uploads\/2021\/03\/Recrutement-et-emplois-chez-UCAC-Universite-Catholique-dAfrique-Centrale-600x338.jpg 600w, https:\/\/kamerpower.com\/wp-content\/uploads\/2021\/03\/Recrutement-et-emplois-chez-UCAC-Universite-Catholique-dAfrique-Centrale-300x169.jpg 300w, https:\/\/kamerpower.com\/wp-content\/uploads\/2021\/03\/Recrutement-et-emplois-chez-UCAC-Universite-Catholique-dAfrique-Centrale-768x432.jpg 768w, https:\/\/kamerpower.com\/wp-content\/uploads\/2021\/03\/Recrutement-et-emplois-chez-UCAC-Universite-Catholique-dAfrique-Centrale-150x84.jpg 150w\" sizes=\"(max-width: 1280px) 100vw, 1280px\" \/><\/p>\n<h3><span class=\"ez-toc-section\" id=\"webmaster\"><\/span><span style=\"color: #000000;\"><strong>Webmaster<\/strong><\/span><span class=\"ez-toc-section-end\"><\/span><\/h3>\n<p><span style=\"color: #000000;\"><strong>ACTIVIT\u00c9S PRINCIPALES<\/strong><\/span><\/p>\n<p><span style=\"color: #000000;\">Gestion technique du site<\/span><\/p>\n<ul>\n<li style=\"text-align: justify;\"><span style=\"color: #000000;\">Assurer les relations avec l\u2019h\u00e9bergeur du site.<\/span><\/li>\n<li style=\"text-align: justify;\"><span style=\"color: #000000;\">Concevoir les pages web ou participer \u00e0 la r\u00e9daction du cahier des charges pour faire r\u00e9aliser le site par un sous-traitant.<\/span><\/li>\n<li style=\"text-align: justify;\"><span style=\"color: #000000;\">G\u00e9rer les incidents techniques de premier niveau dans l\u2019exploitation du site web.<\/span><\/li>\n<li style=\"text-align: justify;\"><span style=\"color: #000000;\">Participer au choix des sous-traitants \u00e9ventuels.<\/span><\/li>\n<\/ul>\n<p><span style=\"color: #000000;\"><strong>D\u00e9veloppement et\/ou supervision des applications:<\/strong><\/span><\/p>\n<ul>\n<li style=\"text-align: justify;\"><span style=\"color: #000000;\">R\u00e9diger les lignes de codes n\u00e9cessaires \u00e0 la cr\u00e9ation d\u2019un produit web, pouvant contenir du texte, des images, de la vid\u00e9o et\/ou du son.<\/span><\/li>\n<li style=\"text-align: justify;\"><span style=\"color: #000000;\">Appliquer les r\u00e8gles de navigation, cr\u00e9er des liens entre les pages.<\/span><\/li>\n<li style=\"text-align: justify;\"><span style=\"color: #000000;\">Corriger et optimiser les fonctionnalit\u00e9s (design du site, charte graphique, ergonomie\u2026).<\/span><\/li>\n<li style=\"text-align: justify;\"><span style=\"color: #000000;\">Assurer les tests et recettes des applicatifs (d\u00e9velopp\u00e9s par lui ou par des prestataires).<\/span><\/li>\n<li style=\"text-align: justify;\"><span style=\"color: #000000;\">Suivre les prestataires.<\/span><\/li>\n<li style=\"text-align: justify;\"><span style=\"color: #000000;\">Assurer ou superviser la maintenance du site.<\/span><\/li>\n<\/ul>\n<p><span style=\"color: #000000;\">Gestion de contenu \u00e9ditorial et animation du site<\/span><\/p>\n<ul>\n<li><span style=\"color: #000000;\">R\u00e9aliser l\u2019int\u00e9gration technique et graphique des contenus \u00e9ditoriaux.<\/span><\/li>\n<li><span style=\"color: #000000;\">R\u00e9daction de newsletters.<\/span><\/li>\n<li><span style=\"color: #000000;\">Gestion de la FAQ (foire aux questions).<\/span><\/li>\n<li><span style=\"color: #000000;\">Animation de communaut\u00e9s (pages Facebook, compte Twitter\u2026).<\/span><\/li>\n<\/ul>\n<p><span style=\"color: #000000;\"><strong>RATTACHEMENT HI\u00c9RARCHIQUE<\/strong><\/span><\/p>\n<ul>\n<li><span style=\"color: #000000;\">Chef service informatique.<\/span><\/li>\n<li><span style=\"color: #000000;\">D\u00e9l\u00e9gu\u00e9 du Recteur charg\u00e9 de la communication.<\/span><\/li>\n<\/ul>\n<p><img decoding=\"async\" class=\"aligncenter size-full wp-image-4801\" src=\"https:\/\/kamerpower.com\/wp-content\/uploads\/2015\/04\/UCAC-Catholic-University-of-Central-Africa.jpg\" alt=\"Universit\u00e9 catholique d'afrique centrale Yaound\u00e9 UCAC\" width=\"123\" height=\"138\" \/><\/p>\n<h3><span class=\"ez-toc-section\" id=\"profil\"><\/span><strong>PROFIL<\/strong><span class=\"ez-toc-section-end\"><\/span><\/h3>\n<p><strong>Dipl\u00f4mes requis<\/strong><\/p>\n<ul>\n<li style=\"text-align: justify;\"><span style=\"color: #000000;\">Dipl\u00f4mes universitaires Bac + 2 \u00e0 Bac + 5 en informatique ou avec une sp\u00e9cialisation de webmaster.<\/span><\/li>\n<li style=\"text-align: justify;\"><span style=\"color: #000000;\">Formation professionnelle niveau 3 ou certifications professionnelles au m\u00e9tier de webmaster\u2026<\/span><\/li>\n<\/ul>\n<p><span style=\"color: #000000;\"><strong>Dur\u00e9e d\u2019exp\u00e9rience<\/strong><\/span><\/p>\n<ul>\n<li><span style=\"color: #000000;\">Une exp\u00e9rience minimum de 2 ans dans le d\u00e9veloppement de sites web est requise.<\/span><\/li>\n<\/ul>\n<h3><span class=\"ez-toc-section\" id=\"competences-requises\"><\/span><span style=\"color: #000000;\"><strong>COMP\u00c9TENCES REQUISES<\/strong><\/span><span class=\"ez-toc-section-end\"><\/span><\/h3>\n<p><span style=\"color: #000000;\"><strong>Comp\u00e9tences techniques<\/strong><\/span><\/p>\n<ul>\n<li style=\"text-align: justify;\"><span style=\"color: #000000;\">Ma\u00eetrise des architectures web et des probl\u00e9matiques d\u2019accessibilit\u00e9.<\/span><\/li>\n<li style=\"text-align: justify;\"><span style=\"color: #000000;\">Notions de s\u00e9curisation des contenus.<\/span><\/li>\n<li style=\"text-align: justify;\"><span style=\"color: #000000;\">Bonne ma\u00eetrise de langages et d\u2019outils de d\u00e9veloppement (PHP, SQL, LARAVEL\u2026)<\/span><\/li>\n<li style=\"text-align: justify;\"><span style=\"color: #000000;\">Ma\u00eetrise des outils bureautiques et d\u2019\u00e9dition web (HTML, JavaScript, PHP, Photoshop, Illustrator, Word, Excel\u2026)<\/span><\/li>\n<li style=\"text-align: justify;\"><span style=\"color: #000000;\">Connaissance des r\u00e9seaux sociaux, des techniques d\u2019\u00e9criture sur le Web et du Community management.<\/span><\/li>\n<li style=\"text-align: justify;\"><span style=\"color: #000000;\">Connaissance des r\u00e8gles \u00e9ditoriales des sites web.<\/span><\/li>\n<li style=\"text-align: justify;\"><span style=\"color: #000000;\">Notions des techniques du webmarketing (r\u00e9f\u00e9rencement, e-mailing\u2026), d\u2019acquisition et d\u2019outils de mesure d\u2019audience.<\/span><\/li>\n<\/ul>\n<p><span style=\"color: #000000;\"><strong>Aptitudes professionnelles<\/strong><\/span><\/p>\n<ul>\n<li style=\"text-align: justify;\"><span style=\"color: #000000;\">Polyvalence, cr\u00e9ativit\u00e9 pour identifier les solutions techniques appropri\u00e9es et g\u00e9rer \u00e0 la fois les probl\u00e9matiques techniques et \u00e9ditoriales\u2026<\/span><\/li>\n<li style=\"text-align: justify;\"><span style=\"color: #000000;\">Forte motivation pour l\u2019informatique et pour l\u2019apprentissage de nouveaux langages et syst\u00e8mes.<\/span><\/li>\n<li style=\"text-align: justify;\"><span style=\"color: #000000;\">Adaptabilit\u00e9 et force de proposition pour r\u00e9pondre aux demandes des diff\u00e9rents interlocuteurs tout en assurant la coh\u00e9rence du site.<\/span><\/li>\n<li style=\"text-align: justify;\"><span style=\"color: #000000;\">Capacit\u00e9 d\u2019adaptation et bonne expression orale car le webmaster est en contact avec des interlocuteurs vari\u00e9s au sein de l\u2019UCAC : Rectorat, Facult\u00e9s, prestataires (h\u00e9bergeurs, agences web\u2026)<\/span><\/li>\n<li style=\"text-align: justify;\"><span style=\"color: #000000;\">Cr\u00e9ativit\u00e9 et r\u00e9activit\u00e9, car le webmaster doit savoir r\u00e9agir vite en fonction des besoins.<\/span><\/li>\n<li style=\"text-align: justify;\"><span style=\"color: #000000;\">Rigueur et organisation car il occupe une fonction o\u00f9 il est amen\u00e9 \u00e0 \u00eatre polyvalent et il doit \u00e9viter de se disperser pour rester efficace.<\/span><\/li>\n<\/ul>\n<p style=\"text-align: justify;\"><span style=\"color: #000000;\">Les dossiers complets comprenant les pi\u00e8ces suivantes seront d\u00e9pos\u00e9s au Secr\u00e9tariat du Recteur, Campus de Nkolbisson, au plus tard le 15 Mars 2021 \u00e0 12 H 00\u00a0:<\/span><\/p>\n<ul>\n<li><span style=\"color: #000000;\">Lettre de motivation manuscrite.<\/span><\/li>\n<li><span style=\"color: #000000;\">Curriculum vitae sign\u00e9 et dat\u00e9.<\/span><\/li>\n<li><span style=\"color: #000000;\">Photocopie l\u00e9galis\u00e9e de l\u2019acte de naissance.<\/span><\/li>\n<li><span style=\"color: #000000;\">Photocopie l\u00e9galis\u00e9e de la CNI.<\/span><\/li>\n<li><span style=\"color: #000000;\">Photocopie certifi\u00e9e du dipl\u00f4me de r\u00e9f\u00e9rence.<\/span><\/li>\n<li><span style=\"color: #000000;\">Tout document justifiant l\u2019exp\u00e9rience requise.<\/span><\/li>\n<li><span style=\"color: #000000;\">Extrait de casier judiciaire datant de moins de trois mois.<\/span><\/li>\n<\/ul>\n<h2 style=\"text-align: center;\"><span class=\"ez-toc-section\" id=\"recrutement-webmaster-%e2%80%93-ucac-appel-a-candidature-universite-catholique-dafrique-centrale-2\"><\/span><span style=\"color: #000000;\"><strong>Recrutement Webmaster \u2013 UCAC Appel a candidature Universit\u00e9 Catholique d\u2019Afrique Centrale<\/strong><\/span><span class=\"ez-toc-section-end\"><\/span><\/h2>\n","protected":false},"excerpt":{"rendered":"<p>&#46;&#46;&#46;<\/p>\n","protected":false},"author":1,"featured_media":36811,"comment_status":"open","ping_status":"closed","sticky":false,"template":"","format":"standard","meta":{"_themeisle_gutenberg_block_has_review":false,"footnotes":""},"categories":[1845],"tags":[1968,1973],"class_list":["post-36810","post","type-post","status-publish","format-standard","has-post-thumbnail","hentry","category-emplois","tag-les-offre-demploi-au-cameroun","tag-offre-demploi-au-cameroun-2016-2017"],"_links":{"self":[{"href":"https:\/\/kamerpower.com\/fr\/wp-json\/wp\/v2\/posts\/36810","targetHints":{"allow":["GET"]}}],"collection":[{"href":"https:\/\/kamerpower.com\/fr\/wp-json\/wp\/v2\/posts"}],"about":[{"href":"https:\/\/kamerpower.com\/fr\/wp-json\/wp\/v2\/types\/post"}],"author":[{"embeddable":true,"href":"https:\/\/kamerpower.com\/fr\/wp-json\/wp\/v2\/users\/1"}],"replies":[{"embeddable":true,"href":"https:\/\/kamerpower.com\/fr\/wp-json\/wp\/v2\/comments?post=36810"}],"version-history":[{"count":0,"href":"https:\/\/kamerpower.com\/fr\/wp-json\/wp\/v2\/posts\/36810\/revisions"}],"wp:featuredmedia":[{"embeddable":true,"href":"https:\/\/kamerpower.com\/fr\/wp-json\/wp\/v2\/media\/36811"}],"wp:attachment":[{"href":"https:\/\/kamerpower.com\/fr\/wp-json\/wp\/v2\/media?parent=36810"}],"wp:term":[{"taxonomy":"category","embeddable":true,"href":"https:\/\/kamerpower.com\/fr\/wp-json\/wp\/v2\/categories?post=36810"},{"taxonomy":"post_tag","embeddable":true,"href":"https:\/\/kamerpower.com\/fr\/wp-json\/wp\/v2\/tags?post=36810"}],"curies":[{"name":"wp","href":"https:\/\/api.w.org\/{rel}","templated":true}]}}