{"id":5012,"date":"2023-03-16T00:15:00","date_gmt":"2023-03-15T23:15:00","guid":{"rendered":"https:\/\/kamerpower.com\/?p=5012"},"modified":"2025-01-08T23:20:49","modified_gmt":"2025-01-08T22:20:49","slug":"concours-ecole-nationale-des-eaux-forets-mbalmayo-2015-180-places-techniciens-des-eaux-et-forets-disponibles","status":"publish","type":"post","link":"https:\/\/kamerpower.com\/fr\/concours-ecole-nationale-des-eaux-forets-mbalmayo-2015-180-places-techniciens-des-eaux-et-forets-disponibles\/","title":{"rendered":"Concours Eaux et forets 2025-2026 Cameroun: ENEF de Mbalmayo"},"content":{"rendered":"<p style=\"text-align: center;\"><span style=\"color: #000000;\">REPUBLIQUE DU CAMEROUN<\/span><br \/>\n<span style=\"color: #000000;\"> Paix \u2013 Travail \u2013 Patrie<br \/>\nConcours Eaux et forets 2025-2026 Cameroun:\u00a0<\/span><br \/>\n<span style=\"color: #000000;\"> MINISTERE DES FORETS ET DE LA FAUNE<\/span><br \/>\n<span style=\"color: #000000;\">SECRETARIAT GENERAL<\/span><\/p>\n<div id=\"ez-toc-container\" class=\"ez-toc-v2_0_82_2 counter-hierarchy ez-toc-counter ez-toc-custom ez-toc-container-direction\">\n<p class=\"ez-toc-title\" style=\"cursor:inherit\">Contents<\/p>\n<label for=\"ez-toc-cssicon-toggle-item-69eeca0cabb39\" class=\"ez-toc-cssicon-toggle-label\"><span class=\"ez-toc-cssicon\"><span class=\"eztoc-hide\" style=\"display:none;\">Toggle<\/span><span class=\"ez-toc-icon-toggle-span\"><svg style=\"fill: #000000;color:#000000\" xmlns=\"http:\/\/www.w3.org\/2000\/svg\" class=\"list-377408\" width=\"20px\" height=\"20px\" viewBox=\"0 0 24 24\" fill=\"none\"><path d=\"M6 6H4v2h2V6zm14 0H8v2h12V6zM4 11h2v2H4v-2zm16 0H8v2h12v-2zM4 16h2v2H4v-2zm16 0H8v2h12v-2z\" fill=\"currentColor\"><\/path><\/svg><svg style=\"fill: #000000;color:#000000\" class=\"arrow-unsorted-368013\" xmlns=\"http:\/\/www.w3.org\/2000\/svg\" width=\"10px\" height=\"10px\" viewBox=\"0 0 24 24\" version=\"1.2\" baseProfile=\"tiny\"><path d=\"M18.2 9.3l-6.2-6.3-6.2 6.3c-.2.2-.3.4-.3.7s.1.5.3.7c.2.2.4.3.7.3h11c.3 0 .5-.1.7-.3.2-.2.3-.5.3-.7s-.1-.5-.3-.7zM5.8 14.7l6.2 6.3 6.2-6.3c.2-.2.3-.5.3-.7s-.1-.5-.3-.7c-.2-.2-.4-.3-.7-.3h-11c-.3 0-.5.1-.7.3-.2.2-.3.5-.3.7s.1.5.3.7z\"\/><\/svg><\/span><\/span><\/label><input type=\"checkbox\"  id=\"ez-toc-cssicon-toggle-item-69eeca0cabb39\"  aria-label=\"Toggle\" \/><nav><ul class='ez-toc-list ez-toc-list-level-1 ' ><ul class='ez-toc-list-level-4' ><li class='ez-toc-heading-level-4'><ul class='ez-toc-list-level-4' ><li class='ez-toc-heading-level-4'><a class=\"ez-toc-link ez-toc-heading-1\" href=\"https:\/\/kamerpower.com\/fr\/concours-ecole-nationale-des-eaux-forets-mbalmayo-2015-180-places-techniciens-des-eaux-et-forets-disponibles\/#concours-eaux-et-forets-2025-2026-cameroun-enef-de-mbalmayo\" >Concours Eaux et forets 2025-2026\u00a0Cameroun: ENEF de Mbalmayo<\/a><\/li><li class='ez-toc-page-1 ez-toc-heading-level-4'><a class=\"ez-toc-link ez-toc-heading-2\" href=\"https:\/\/kamerpower.com\/fr\/concours-ecole-nationale-des-eaux-forets-mbalmayo-2015-180-places-techniciens-des-eaux-et-forets-disponibles\/#n%c2%b0-0069-pr-minfof-sgce-09-mai-2024\" >N\u00b0. 0069 \/PR\/ MINFOF \/SG\/CE 09 Mai 2024<\/a><\/li><\/ul><\/li><li class='ez-toc-page-1 ez-toc-heading-level-3'><a class=\"ez-toc-link ez-toc-heading-3\" href=\"https:\/\/kamerpower.com\/fr\/concours-ecole-nationale-des-eaux-forets-mbalmayo-2015-180-places-techniciens-des-eaux-et-forets-disponibles\/#communique-radio-presse\" >COMMUNIQUE RADIO-PRESSE<\/a><\/li><li class='ez-toc-page-1 ez-toc-heading-level-3'><a class=\"ez-toc-link ez-toc-heading-4\" href=\"https:\/\/kamerpower.com\/fr\/concours-ecole-nationale-des-eaux-forets-mbalmayo-2015-180-places-techniciens-des-eaux-et-forets-disponibles\/#concours-eaux-et-forets-2025-2026-cameroun-enef-de-mbalmayo-2\" >Concours Eaux et forets 2025-2026 Cameroun: ENEF de Mbalmayo<\/a><\/li><li class='ez-toc-page-1 ez-toc-heading-level-3'><a class=\"ez-toc-link ez-toc-heading-5\" href=\"https:\/\/kamerpower.com\/fr\/concours-ecole-nationale-des-eaux-forets-mbalmayo-2015-180-places-techniciens-des-eaux-et-forets-disponibles\/#i-conditions-exigees\" >I-CONDITIONS EXIG\u00c9ES :<\/a><\/li><li class='ez-toc-page-1 ez-toc-heading-level-3'><a class=\"ez-toc-link ez-toc-heading-6\" href=\"https:\/\/kamerpower.com\/fr\/concours-ecole-nationale-des-eaux-forets-mbalmayo-2015-180-places-techniciens-des-eaux-et-forets-disponibles\/#11-candidats-externes\" >1.1-CANDIDATS EXTERNES :<\/a><\/li><\/ul><\/li><li class='ez-toc-page-1 ez-toc-heading-level-2'><a class=\"ez-toc-link ez-toc-heading-7\" href=\"https:\/\/kamerpower.com\/fr\/concours-ecole-nationale-des-eaux-forets-mbalmayo-2015-180-places-techniciens-des-eaux-et-forets-disponibles\/#faqs-%e2%80%93-enef-de-mbalmayo-2025\" >FAQs &#8211; ENEF de Mbalmayo 2025<\/a><ul class='ez-toc-list-level-3' ><li class='ez-toc-heading-level-3'><a class=\"ez-toc-link ez-toc-heading-8\" href=\"https:\/\/kamerpower.com\/fr\/concours-ecole-nationale-des-eaux-forets-mbalmayo-2015-180-places-techniciens-des-eaux-et-forets-disponibles\/#12-candidats-internes-agents-publics-et-personnels-de-la-profession\" >1.2- CANDIDATS INTERNES \n(Agents publics et personnels de la profession):<\/a><\/li><li class='ez-toc-page-1 ez-toc-heading-level-3'><a class=\"ez-toc-link ez-toc-heading-9\" href=\"https:\/\/kamerpower.com\/fr\/concours-ecole-nationale-des-eaux-forets-mbalmayo-2015-180-places-techniciens-des-eaux-et-forets-disponibles\/#2-dossier-de-candidature\" >2-DOSSIER DE CANDIDATURE<\/a><\/li><li class='ez-toc-page-1 ez-toc-heading-level-3'><a class=\"ez-toc-link ez-toc-heading-10\" href=\"https:\/\/kamerpower.com\/fr\/concours-ecole-nationale-des-eaux-forets-mbalmayo-2015-180-places-techniciens-des-eaux-et-forets-disponibles\/#3-programme-et-calendrier-des-tests\" >3- PROGRAMME ET CALENDRIER DES TESTS<\/a><\/li><li class='ez-toc-page-1 ez-toc-heading-level-3'><a class=\"ez-toc-link ez-toc-heading-11\" href=\"https:\/\/kamerpower.com\/fr\/concours-ecole-nationale-des-eaux-forets-mbalmayo-2015-180-places-techniciens-des-eaux-et-forets-disponibles\/#311-cycle-c-des-agents-techniques-des-eaux-et-forets-atef\" >3.1.1 Cycle C des Agents Techniques des Eaux et For\u00eats (ATEF)<\/a><\/li><li class='ez-toc-page-1 ez-toc-heading-level-3'><a class=\"ez-toc-link ez-toc-heading-12\" href=\"https:\/\/kamerpower.com\/fr\/concours-ecole-nationale-des-eaux-forets-mbalmayo-2015-180-places-techniciens-des-eaux-et-forets-disponibles\/#312-cycle-b1-des-techniques-des-eaux-et-forets-tef\" >3.1.2 Cycle B1\u00a0des Techniques des Eaux et For\u00eats (TEF)<\/a><\/li><li class='ez-toc-page-1 ez-toc-heading-level-3'><a class=\"ez-toc-link ez-toc-heading-13\" href=\"https:\/\/kamerpower.com\/fr\/concours-ecole-nationale-des-eaux-forets-mbalmayo-2015-180-places-techniciens-des-eaux-et-forets-disponibles\/#313-cycle-b2-des-techniques-superieurs-des-eaux-et-forets-tsef\" >3.1.3 Cycle B2 des Techniques Sup\u00e9rieurs\u00a0des Eaux et For\u00eats (TSEF)<\/a><\/li><\/ul><\/li><li class='ez-toc-page-1 ez-toc-heading-level-2'><a class=\"ez-toc-link ez-toc-heading-14\" href=\"https:\/\/kamerpower.com\/fr\/concours-ecole-nationale-des-eaux-forets-mbalmayo-2015-180-places-techniciens-des-eaux-et-forets-disponibles\/#concours-eaux-et-forets-2025-2026-cameroun-enef-de-mbalmayo-3\" >Concours Eaux et forets 2025-2026 Cameroun: ENEF de Mbalmayo<\/a><\/li><\/ul><\/nav><\/div>\n<h4 style=\"text-align: center;\"><span class=\"ez-toc-section\" id=\"concours-eaux-et-forets-2025-2026-cameroun-enef-de-mbalmayo\"><\/span><span style=\"color: #3366ff;\"><strong>Concours Eaux et forets 2025-2026\u00a0Cameroun: ENEF de Mbalmayo<\/strong><\/span><span class=\"ez-toc-section-end\"><\/span><\/h4>\n<hr \/>\n<blockquote><p><span style=\"color: #008000;\"><strong><a style=\"color: #008000;\" href=\"https:\/\/kamerpower.com\/fr\/resultats-concours-enef-de-mbalmayo-2015-2016-eaux-et-forets-admissibilite-minfof-cameroun\/\">Resultats Concours ENEF de Mbalmayo\u00a0Eaux et for\u00eats (admissibilit\u00e9) MINFOF Cameroun session ao\u00fbt\u00a0<\/a><\/strong><\/span><\/p><\/blockquote>\n<hr \/>\n<h4 style=\"text-align: center;\"><span class=\"ez-toc-section\" id=\"n%c2%b0-0069-pr-minfof-sgce-09-mai-2024\"><\/span><strong><span style=\"color: #ff0000;\">N\u00b0. 0069 \/PR\/ <span style=\"color: #3366ff;\">MINFOF<\/span> \/SG\/CE 09 Mai 2024<\/span><\/strong><span class=\"ez-toc-section-end\"><\/span><\/h4>\n<h3 style=\"text-align: center;\"><span class=\"ez-toc-section\" id=\"communique-radio-presse\"><\/span><strong><span style=\"color: #000000;\">COMMUNIQUE RADIO-PRESSE<\/span><\/strong><span class=\"ez-toc-section-end\"><\/span><\/h3>\n<h3 style=\"text-align: center;\"><span class=\"ez-toc-section\" id=\"concours-eaux-et-forets-2025-2026-cameroun-enef-de-mbalmayo-2\"><\/span><a href=\"https:\/\/kamerpower.com\/fr\/enef-de-mbalmayo-ecole-nationale-des-eaux-et-forets-de-mbalmayo\/\"><strong><span style=\"color: #ff0000;\">Concours Eaux et forets 2025-2026 Cameroun: ENEF de Mbalmayo<\/span><\/strong><\/a><span class=\"ez-toc-section-end\"><\/span><\/h3>\n<p style=\"text-align: justify;\"><span style=\"color: #000000;\">Le Ministre des For\u00eats et de la Faune (<strong><span style=\"color: #3366ff;\">MINFOF<\/span><\/strong>) porte \u00e0 la connaissance des agents publics de son d\u00e9partement minist\u00e9riel, des organismes publics et parapublics, des soci\u00e9t\u00e9s et entreprises foresti\u00e8res, des <strong>ONG<\/strong> install\u00e9es au Cameroun et op\u00e9rant dans les projets \u00e0 composantes foresti\u00e8res, et des particuliers d\u00e9sireux de se former ou de se perfectionner en Foresterie, que les tests de s\u00e9lection pour l&#8217;admission \u00e0 l\u2019\u00c9cole Nationale des Eaux et For\u00eats de Mbalmayo, session 2024 seront organis\u00e9s les<span style=\"color: #ff0000;\"><strong>\u00a023, 24 et 25 Ao\u00fbt 2024<\/strong><\/span>\u00a0au centre Lyc\u00e9e G\u00e9n\u00e9ral Leclerc de Yaound\u00e9 et l&#8217;<strong>\u00c9cole de Faune de Garoua<\/strong> pour les cycles et effectifs ci-apr\u00e8s:\u00a0<\/span><\/p>\n<ul>\n<li><span style=\"color: #000000;\"><strong><span style=\"color: #3366ff;\">Agents Techniques des Eaux et For\u00eats (ATEF)<\/span> <\/strong>: 100 places (05 \u00e9trangers, 05 internes, 70 externes).<\/span><\/li>\n<li><span style=\"color: #000000;\"><strong><span style=\"color: #3366ff;\">Techniciens des Eaux et For\u00eats (TEF)<\/span><\/strong> : 100 places (05 \u00e9trangers, 05 internes, 70 externes).<\/span><\/li>\n<li style=\"text-align: justify;\"><span style=\"color: #000000;\"><strong><span style=\"color: #3366ff;\">Techniciens Sup\u00e9rieurs des Eaux et For\u00eats (TSEF)<\/span><\/strong> : 100 places (05 \u00e9trangers, 05 internes, 70 externes).<\/span><\/li>\n<\/ul>\n<h3><span class=\"ez-toc-section\" id=\"i-conditions-exigees\"><\/span><span style=\"color: #ff0000;\">I-CONDITIONS EXIG\u00c9ES :<\/span><span class=\"ez-toc-section-end\"><\/span><\/h3>\n<p style=\"text-align: justify;\"><span style=\"color: #000000;\">Le concours est ouvert \u00e0 tout candidat camerounais ou \u00e9tranger des deux sexes\u00a0remplissant les conditions ci-apr\u00e8s:<\/span><\/p>\n<p><img decoding=\"async\" class=\"aligncenter size-full wp-image-67176\" src=\"https:\/\/kamerpower.com\/wp-content\/uploads\/2023\/03\/Eaux-et-forets-Concours-ENEF-de-Mbalmayo.jpg\" alt=\"Eaux et forets Concours ENEF de Mbalmayo\" width=\"1280\" height=\"720\" srcset=\"https:\/\/kamerpower.com\/wp-content\/uploads\/2023\/03\/Eaux-et-forets-Concours-ENEF-de-Mbalmayo.jpg 1280w, https:\/\/kamerpower.com\/wp-content\/uploads\/2023\/03\/Eaux-et-forets-Concours-ENEF-de-Mbalmayo-600x338.jpg 600w, https:\/\/kamerpower.com\/wp-content\/uploads\/2023\/03\/Eaux-et-forets-Concours-ENEF-de-Mbalmayo-300x169.jpg 300w, https:\/\/kamerpower.com\/wp-content\/uploads\/2023\/03\/Eaux-et-forets-Concours-ENEF-de-Mbalmayo-768x432.jpg 768w, https:\/\/kamerpower.com\/wp-content\/uploads\/2023\/03\/Eaux-et-forets-Concours-ENEF-de-Mbalmayo-720x405.jpg 720w, https:\/\/kamerpower.com\/wp-content\/uploads\/2023\/03\/Eaux-et-forets-Concours-ENEF-de-Mbalmayo-520x293.jpg 520w, https:\/\/kamerpower.com\/wp-content\/uploads\/2023\/03\/Eaux-et-forets-Concours-ENEF-de-Mbalmayo-320x180.jpg 320w\" sizes=\"(max-width: 1280px) 100vw, 1280px\" \/><\/p>\n<h3><span class=\"ez-toc-section\" id=\"11-candidats-externes\"><\/span><span style=\"color: #ff0000;\">1.1-CANDIDATS EXTERNES :<\/span><span class=\"ez-toc-section-end\"><\/span><\/h3>\n<p><strong><span style=\"color: #3366ff;\">1.1.1-Cycle des Agents Techniques des Eaux et For\u00eats (ATEF)<\/span><\/strong><\/p>\n<ul>\n<li style=\"text-align: justify;\"><span style=\"color: #000000;\">\u00catre titulaire du BEPC ou du GCE\/OL en trois mati\u00e8res ou d\u2019un dipl\u00f4me reconnu \u00e9quivalent. <span style=\"color: #ff0000;\">Age requis, 17 \u00e0 29 ans<\/span>.<\/span><\/li>\n<\/ul>\n<p><strong><span style=\"color: #3366ff;\">1.1.2 -Cycle des Techniciens des Eaux et For\u00eats (TEF) :<\/span><\/strong><\/p>\n<ul>\n<li style=\"text-align: justify;\"><span style=\"color: #000000;\">Etre titulaire d\u2019un Probatoire (C, D, E), ou d\u2019un GCE\/AL en une (1) mati\u00e8re scientifique au moins, du Probatoire Technique ou du Brevet des Techniciens en Industrie\u00a0<\/span><span style=\"color: #000000;\">du Bois ou en Exploitation Foresti\u00e8re (IB, EF) ou d\u2019un dipl\u00f4me reconnu \u00e9quivalent. <span style=\"color: #ff0000;\">Age\u00a0<\/span><\/span><span style=\"color: #ff0000;\">requis, 17 \u00e0 32 ans.\u00a0<span style=\"color: #000000;\">kamerpower.com<\/span><\/span><\/li>\n<\/ul>\n<p><strong><span style=\"color: #3366ff;\">1.1.3 Cycle des Techniciens Sup\u00e9rieurs des Eaux et For\u00eats (TSEF) :<\/span><\/strong><\/p>\n<ul>\n<li style=\"text-align: justify;\"><span style=\"color: #000000;\">Etre titulaire d\u2019un Baccalaur\u00e9at (C, D, E), ou d\u2019un GCE\/AL en deux (2) mati\u00e8res scientifique au moins, du Baccalaur\u00e9at Technique ou du Brevet des Techniciens en\u00a0<\/span><span style=\"color: #000000;\">Industrie du Bois ou en Exploitation Foresti\u00e8re (IB, EF) ou d\u2019un dipl\u00f4me reconnu \u00e9quivalent. <span style=\"color: #ff0000;\">Age requis, 17 \u00e0 32 ans<\/span><\/span><span style=\"color: #ff0000;\">.<\/span><\/li>\n<\/ul>\n<h2><span class=\"ez-toc-section\" id=\"faqs-%e2%80%93-enef-de-mbalmayo-2025\"><\/span><strong>FAQs &#8211; ENEF de Mbalmayo 2025<\/strong><span class=\"ez-toc-section-end\"><\/span><\/h2>\n<p><span style=\"color: #000000;\"><strong>Quell est les droits d\u2019inscription au Concours ENEF de Mbalmayo Yaounde ?<\/strong><\/span><\/p>\n<p><span style=\"color: #000000;\">Les droits d\u2019inscription, un re\u00e7u justifiant du paiement des frais d\u2019inscription qui s\u2019\u00e9l\u00e8vent \u00e0 10 000 F CFA\u00a0(dix mille francs CFA) pour les candidats externes et \u00e0 15 000 F CFA (quinze mille francs CFA) pour les agents publics.<\/span><\/p>\n<p><strong><span style=\"color: #000000;\">Quel dipl\u00f4me pour le Concours ENEF de Mbalmayo ?<\/span><\/strong><\/p>\n<p><span style=\"color: #000000;\">\u00catre titulaire du BEPC ou du GCE\/OL en trois mati\u00e8res ou d\u2019un dipl\u00f4me reconnu \u00e9quivalent Pour ATEF.<\/span><\/p>\n<p><span style=\"color: #000000;\"><strong>Comment faire pour s&#8217;inscrire au Concours Concours Eaux et forets ?<\/strong><\/span><\/p>\n<p><span style=\"color: #000000;\">Une fiche d\u2019inscription t\u00e9l\u00e9chargeable dans le site du MINFOF ou \u00e0 retirer au moment du d\u00e9p\u00f4t du dossier.\u00a0Les fiches d&#8217;inscription au concours seront retir\u00e9es et les dossiers complets de candidature d\u00e9pos\u00e9s au plus tard le Mercredi 31 juillet, d\u00e9lai de rigueur.\u00a0Une demande manuscrite timbr\u00e9e adress\u00e9e \u00e0 Monsieur le Ministre des For\u00eats et de la Faune et pr\u00e9cisant le cycle de formation sollicit\u00e9.<\/span><\/p>\n<h3><span class=\"ez-toc-section\" id=\"12-candidats-internes-agents-publics-et-personnels-de-la-profession\"><\/span><span style=\"color: #ff0000;\">1.2- CANDIDATS INTERNES<br \/>\n<\/span><span style=\"color: #ff0000;\">(Agents publics et personnels de la profession):<\/span><span class=\"ez-toc-section-end\"><\/span><\/h3>\n<p><strong><span style=\"color: #3366ff;\">1.2.1- Cycle des Agents Techniques des Eaux et For\u00eats (ATEF) :<\/span><\/strong><\/p>\n<ul>\n<li style=\"text-align: justify;\"><span style=\"color: #000000;\">Etre Agent Technique Adjoint des Eaux et For\u00eats (<span style=\"color: #ff0000;\">ATAEF<\/span>) ou Agent Technique\u00a0<\/span><span style=\"color: #000000;\">Adjoint d\u2019Agriculture (ATAA) jouissant d\u2019une exp\u00e9rience professionnelle d\u2019au moins\u00a0<\/span><span style=\"color: #000000;\">deux (<span style=\"color: #ff0000;\">02<\/span>) ans. <\/span><\/li>\n<li><span style=\"color: #000000;\">Etre \u00e2g\u00e9 de 45\u00a0ans au plus \u00e0 la date du concours.\u00a0<\/span><\/li>\n<\/ul>\n<p><strong><span style=\"color: #3366ff;\">1.2.2-Cycle des Techniciens des Eaux et For\u00eats (TEF) :<\/span><\/strong><\/p>\n<ul>\n<li style=\"text-align: justify;\"><span style=\"color: #000000;\">Etre titulaire du dipl\u00f4me d\u2019Agent Technique des Eaux et For\u00eats (<span style=\"color: #ff0000;\">ATEF<\/span>) ou d\u2019Agent Technique d\u2019Agriculture (ATA) ou d\u2019un dipl\u00f4me \u00e9quivalent et jouir d\u2019une exp\u00e9rience\u00a0<\/span><span style=\"color: #000000;\">professionnelle d\u2019au moins deux (02) ans. <\/span><\/li>\n<li><span style=\"color: #000000;\"><span style=\"color: #ff0000;\">Etre \u00e2g\u00e9 de 50 ans<\/span> au plus \u00e0 la date du concours.<\/span><\/li>\n<\/ul>\n<p><strong><span style=\"color: #3366ff;\">1.2.3- Cycle des Techniciens Sup\u00e9rieurs des Eaux et For\u00eats (TSEF)<\/span><\/strong><\/p>\n<ul>\n<li style=\"text-align: justify;\"><span style=\"color: #000000;\">Etre titulaire du dipl\u00f4me de Technicien des Eaux et For\u00eats (<span style=\"color: #ff0000;\">TEF<\/span>) ou de Technicien\u00a0<\/span><span style=\"color: #000000;\">d\u2019Agriculture (TA) et jouir d\u2019une exp\u00e9rience professionnelle d\u2019au moins deux (<span style=\"color: #ff0000;\">02<\/span>) ans.\u00a0<\/span><\/li>\n<li><span style=\"color: #000000;\"><span style=\"color: #ff0000;\">Etre \u00e2g\u00e9 de 50 ans<\/span> au plus \u00e0 la date du concours.<\/span><\/li>\n<\/ul>\n<p style=\"padding-left: 60px;\"><strong><span style=\"color: #000000;\">NB: <\/span><\/strong><\/p>\n<p style=\"padding-left: 60px; text-align: justify;\"><span style=\"color: #000000;\"><strong><span style=\"color: #ff0000;\">(1)<\/span><\/strong> Pour les fonctionnaires Camerounais, conform\u00e9ment \u00e0 l\u2019article 13\u00a0alin\u00e9a 2 du\u00a0d\u00e9cret N\u00b0 2000\/696\/PM\u00a0du 13 september\u00a02000 fixant le r\u00e9gime g\u00e9n\u00e9ral des concours administratifs,\u00a0peuvent faire acte de candidature aux concours professionnels, les fonctionnaires\u00a0r\u00e9unissant au l&#8221; janvier de l&#8217;ann\u00e9e du concours au moins cinq ann\u00e9es de <strong>service effectif<\/strong> dans leur grade ou cadre pour leur reclassement \u00e0 la Fonction Publique. kamerpower.com\u00a0<\/span><\/p>\n<p style=\"padding-left: 60px; text-align: justify;\"><span style=\"color: #000000;\"><strong><span style=\"color: #ff0000;\">(2)<\/span> <\/strong>Les candidats \u00e9trangers non r\u00e9sidents au Cameroun et remplissant les conditions susvis\u00e9es (cursus et \u00e2ge) peuvent \u00eatre admis sur \u00e9tude de dossier qu\u2019ils devront faire parvenir au Ministre des For\u00eats et de la Faune par le canal de leurs Ambassades ou repr\u00e9sentations diplomatiques au Cameroun. Ils devront pr\u00e9ciser l\u2019origine des ressources de leur prise en charge au Cameroun (Etat, Organismes Publics ou Priv\u00e9s, ONG, Parents ou autres sources). Concours Eaux et forets Cameroun.<\/span><\/p>\n<h3><span class=\"ez-toc-section\" id=\"2-dossier-de-candidature\"><\/span><span style=\"color: #ff0000;\">2-DOSSIER DE CANDIDATURE<\/span><span class=\"ez-toc-section-end\"><\/span><\/h3>\n<p style=\"text-align: justify;\"><span style=\"color: #000000;\">Les dossiers complets de candidature qui devront parvenir au Bureau du Courrier Arriv\u00e9e du Minist\u00e8re des For\u00eats et de la Faune, rez de chauss\u00e9e de l\u2019immeuble minist\u00e9riel\u00a0N<\/span><span style=\"color: #000000;\">\u00b02, ou au Bureau du <span style=\"color: #3366ff;\">Chef SAF<\/span> de l\u2019\u00c9cole de Faune de Garoua <span style=\"color: #ff0000;\"><span style=\"color: #000000;\">au plus tard le<\/span> <strong>31 juillet 2024<\/strong>\u00a0<span style=\"color: #000000;\">\u00e0 15 h30 min<\/span><\/span> comprendront les pi\u00e8ces suivantes:\u00a0<\/span><\/p>\n<ul>\n<li><span style=\"color: #000000;\">Une fiche d\u2019inscription t\u00e9l\u00e9chargeable dans le site du <strong>MINFOF<\/strong> \u00e0 l\u2019adresse www.minfof.cm\/concours-enef-2024 ou \u00e0 retirer au moment du d\u00e9p\u00f4t du dossier.\u00a0<\/span><\/li>\n<li><span style=\"color: #000000;\">Une demande manuscrite timbr\u00e9e adress\u00e9e \u00e0 Monsieur le Ministre des For\u00eats et de la Faune et pr\u00e9cisant le cycle de formation sollicit\u00e9.<\/span><\/li>\n<li><span style=\"color: #000000;\">03 photos en couleur (r\u00e9centes) d\u2019identit\u00e9 4&#215;4.<\/span><\/li>\n<li><span style=\"color: #000000;\">Une copie certifi\u00e9e conforme du dipl\u00f4me exig\u00e9.<\/span><\/li>\n<li><span style=\"color: #000000;\">Une copie certifi\u00e9e conforme d\u2019acte de naissance datant de moins de trois (<\/span><span style=\"color: #ff0000;\">03<\/span><span style=\"color: #000000;\">)\u00a0mois et sign\u00e9e par une autorit\u00e9 administrative ou municipale ; kamerpower.com<\/span><\/li>\n<li><span style=\"color: #000000;\">Un certificat m\u00e9dical d\u2019aptitude aux travaux forestiers, datant de moins de trois (<\/span><span style=\"color: #ff0000;\">03<\/span><span style=\"color: #000000;\">) mois et sign\u00e9 par un m\u00e9decin de l&#8217;administration; Concours Eaux et forets Cameroun.<\/span><\/li>\n<li><span style=\"color: #000000;\">Un extrait du casier judiciaire (bulletin n\u00b03) datant de moins de trois (<\/span><span style=\"color: #ff0000;\">03<\/span><span style=\"color: #000000;\">) mois.<\/span><\/li>\n<li><span style=\"color: #000000;\">Une copie certifi\u00e9e conforme de l\u2019attestation<\/span> <span style=\"color: #ff0000;\">d\u2019ATAEF, d\u2019ATAA, d\u2019ATEF, d\u2019ATA, de TEF<\/span> <span style=\"color: #000000;\">ou de TA pour les candidats internes.<\/span><\/li>\n<li><span style=\"color: #000000;\">Une attestation de pr\u00e9sence effective sign\u00e9e du sup\u00e9rieur hi\u00e9rarchique pour les\u00a0candidats internes.<\/span><\/li>\n<li><span style=\"color: #000000;\">Une autorisation de concourir d\u00e9livr\u00e9e par le Ministre charg\u00e9 de la Fonction\u00a0Publique et de la Reforme Administrative (candidats internes).<\/span><\/li>\n<li><span style=\"color: #000000;\">L\u2019acte d&#8217;int\u00e9gration (candidats internes).<\/span><\/li>\n<li><span style=\"color: #000000;\">Une lettre de parrainage pour les candidats des organismes publics et parapublics, des soci\u00e9t\u00e9s et entreprises foresti\u00e8res et ONGs.<\/span><\/li>\n<li style=\"text-align: justify;\"><span style=\"color: #000000;\">Un re\u00e7u justifiant du paiement des frais d\u2019inscription qui s\u2019\u00e9l\u00e8vent \u00e0<\/span> <span style=\"color: #ff0000;\">10 000 F CFA\u00a0(dix mille francs CFA<\/span><span style=\"color: #000000;\">) pour les candidats externes et \u00e0<\/span> <span style=\"color: #ff0000;\">15 000 F CFA<\/span><span style=\"color: #000000;\"> (quinze mille francs CFA) pour les agents publics, les candidats des organismes publics, parapublics, des soci\u00e9t\u00e9s et entreprises foresti\u00e8res et des ONGs.<\/span><\/li>\n<\/ul>\n<p style=\"text-align: justify; padding-left: 60px;\"><span style=\"color: #000000;\"><strong><span style=\"color: #ff0000;\">NB:<\/span><\/strong> Les frais d\u2019inscription sont pay\u00e9s contre re\u00e7u aupr\u00e8s du billeteur des tests,\u00a0<\/span><span style=\"color: #000000;\"><span style=\"color: #3366ff;\">Madame. MOUKOURI\u00a0Marie Noel, \u00a0Mle: 753533-Z<\/span>, Charg\u00e9 d\u2019\u00c9tudes Assistant N\u00b02 \u00e0 la <span style=\"color: #3366ff;\">Cellule de l\u2019Enseignement<\/span> du Minist\u00e8re des For\u00eats et de la Faune, Immeuble Minist\u00e9riel N\u00b0 2 (17\u00e8 Etage porte 1732) pour les candidats d\u00e9posant leurs\u00a0<\/span><span style=\"color: #000000;\">dossiers \u00e0 Yaound\u00e9, ou aupr\u00e8s du Chef de Service des Affaires Financi\u00e8res de l\u2019\u00c9cole de Faune de Garoua pour ceux d\u00e9posant leurs dossiers \u00e0 Garoua.\u00a0<\/span><\/p>\n<h3><span class=\"ez-toc-section\" id=\"3-programme-et-calendrier-des-tests\"><\/span><span style=\"color: #ff0000;\">3- PROGRAMME ET CALENDRIER DES TESTS<\/span><span class=\"ez-toc-section-end\"><\/span><\/h3>\n<p><strong><span style=\"color: #3366ff;\">3.1- \u00c9preuves \u00e9crites :<\/span><\/strong><\/p>\n<h3><span class=\"ez-toc-section\" id=\"311-cycle-c-des-agents-techniques-des-eaux-et-forets-atef\"><\/span><span style=\"color: #3366ff;\">3.1.1 Cycle C des Agents Techniques des Eaux et For\u00eats (ATEF)<\/span><span class=\"ez-toc-section-end\"><\/span><\/h3>\n<table>\n<tbody>\n<tr style=\"background: #000000;\">\n<td width=\"192\"><span style=\"color: #ffffff;\"><span style=\"color: #ff0000;\">Mercredi 23-08-2024<\/span><\/span><\/td>\n<td width=\"232\"><span style=\"color: #ffffff;\">SUBJECTS<\/span><\/td>\n<td width=\"102\"><span style=\"color: #ffffff;\">Duration<\/span><\/td>\n<td width=\"95\"><span style=\"color: #ffffff;\">Coefficient<\/span><\/td>\n<\/tr>\n<tr>\n<td width=\"192\"><span style=\"color: #000000;\">8H00 &#8211; 10H00<\/span><\/td>\n<td width=\"232\"><span style=\"color: #000000;\">Math\u00e9matiques<\/span><\/td>\n<td width=\"102\"><span style=\"color: #000000;\">2Hours<\/span><\/td>\n<td width=\"95\"><span style=\"color: #000000;\">3<\/span><\/td>\n<\/tr>\n<tr>\n<td width=\"192\"><span style=\"color: #000000;\">10H30\u00a0-12H30<\/span><\/td>\n<td width=\"232\">\n<ul>\n<li><span style=\"color: #000000;\">Sciences Naturelles<\/span><\/li>\n<li><span style=\"color: #000000;\">Sciences Physiques<\/span><\/li>\n<\/ul>\n<\/td>\n<td width=\"102\"><span style=\"color: #000000;\">2\u00a0Hours<\/span><\/td>\n<td width=\"95\"><span style=\"color: #000000;\">3<\/span><\/td>\n<\/tr>\n<tr>\n<td width=\"192\"><span style=\"color: #000000;\">13H30 &#8211; 15H30<\/span><\/td>\n<td width=\"232\"><span style=\"color: #000000;\">Langue.\u00a0<\/span><\/td>\n<td width=\"102\"><span style=\"color: #000000;\">2Hours<\/span><\/td>\n<td width=\"95\"><span style=\"color: #000000;\">1<\/span><\/td>\n<\/tr>\n<tr style=\"background: #000000;\">\n<td width=\"192\"><span style=\"color: #ff0000;\">Mercredi 24-08-2024\u00a0<\/span><\/td>\n<td width=\"232\"><span style=\"color: #000000;\">\u00a0kamerpower.com<\/span><\/td>\n<td width=\"102\"><\/td>\n<td width=\"95\"><\/td>\n<\/tr>\n<tr>\n<td width=\"192\"><span style=\"color: #000000;\">8H00 &#8211; 11H00<\/span><\/td>\n<td width=\"232\"><span style=\"color: #000000;\">Culture G\u00e9n\u00e9rale<\/span><\/td>\n<td width=\"102\"><span style=\"color: #000000;\">1Hour 30min<\/span><\/td>\n<td width=\"95\"><span style=\"color: #000000;\">3<\/span><\/td>\n<\/tr>\n<\/tbody>\n<\/table>\n<h3 style=\"text-align: center;\"><\/h3>\n<h3><span class=\"ez-toc-section\" id=\"312-cycle-b1-des-techniques-des-eaux-et-forets-tef\"><\/span><span style=\"color: #3366ff;\">3.1.2 Cycle B1\u00a0des Techniques des Eaux et For\u00eats (TEF)<\/span><span class=\"ez-toc-section-end\"><\/span><\/h3>\n<table>\n<tbody>\n<tr style=\"background: #000000;\">\n<td width=\"192\"><span style=\"color: #ffffff;\"><span style=\"color: #ff0000;\">Jeudi 24-08-2024<\/span><\/span><\/td>\n<td width=\"232\"><span style=\"color: #ffffff;\">SUBJECTS<\/span><\/td>\n<td width=\"102\"><span style=\"color: #ffffff;\">Duration<\/span><\/td>\n<td width=\"95\"><span style=\"color: #ffffff;\">Coefficient<\/span><\/td>\n<\/tr>\n<tr>\n<td width=\"192\"><span style=\"color: #000000;\">08H00 &#8211; 10H00<\/span><\/td>\n<td width=\"232\">\n<ul>\n<li><span style=\"color: #000000;\">Sciences Naturelles ou<\/span><\/li>\n<li><span style=\"color: #000000;\">Sciences Physiques<\/span><\/li>\n<li><span style=\"color: #000000;\">Sciences\u00a0Foresti\u00e8res.<\/span><\/li>\n<\/ul>\n<p><span style=\"color: #000000;\">\u00a0<\/span><\/td>\n<td width=\"102\"><span style=\"color: #000000;\">2Hours<\/span><\/td>\n<td width=\"95\"><span style=\"color: #000000;\">5<\/span><\/td>\n<\/tr>\n<tr>\n<td width=\"192\"><span style=\"color: #000000;\">13H00\u00a0-14H00<\/span><\/td>\n<td width=\"232\"><span style=\"color: #000000;\">Langues<\/span><\/td>\n<td width=\"102\"><span style=\"color: #000000;\">1Hours<\/span><\/td>\n<td width=\"95\"><span style=\"color: #000000;\">1<\/span><\/td>\n<\/tr>\n<tr style=\"background: #000000;\">\n<td width=\"192\"><span style=\"color: #ff0000;\">Jeudi 24-08-2024<\/span><\/td>\n<td width=\"232\">\u00a0<span style=\"color: #000000;\">kamerpower.com<\/span><\/td>\n<td width=\"102\"><\/td>\n<td width=\"95\"><\/td>\n<\/tr>\n<tr>\n<td width=\"192\"><span style=\"color: #000000;\">10H30 &#8211; 12H30<\/span><\/td>\n<td width=\"232\"><span style=\"color: #000000;\">Math\u00e9matiques<\/span><\/td>\n<td width=\"102\"><span style=\"color: #000000;\">2Hours<\/span><\/td>\n<td width=\"95\"><span style=\"color: #000000;\">5<\/span><\/td>\n<\/tr>\n<tr>\n<td width=\"192\"><span style=\"color: #000000;\">14H30 &#8211; 16H00<\/span><\/td>\n<td width=\"232\"><span style=\"color: #000000;\">Culture G\u00e9n\u00e9rale<\/span><\/td>\n<td width=\"102\"><span style=\"color: #000000;\">1Hour 30min<\/span><\/td>\n<td width=\"95\"><span style=\"color: #000000;\">3<\/span><\/td>\n<\/tr>\n<\/tbody>\n<\/table>\n<h3 style=\"text-align: center;\"><\/h3>\n<h3 style=\"text-align: center;\"><span class=\"ez-toc-section\" id=\"313-cycle-b2-des-techniques-superieurs-des-eaux-et-forets-tsef\"><\/span><span style=\"color: #3366ff;\">3.1.3 Cycle B2 des Techniques Sup\u00e9rieurs\u00a0des Eaux et For\u00eats (TSEF)<\/span><span class=\"ez-toc-section-end\"><\/span><\/h3>\n<table>\n<tbody>\n<tr style=\"background: #000000;\">\n<td width=\"192\"><span style=\"color: #ffffff;\"><span style=\"color: #ff0000;\">Vendredi 25-08-2024<\/span><\/span><\/td>\n<td width=\"232\"><span style=\"color: #ffffff;\">SUBJECTS<\/span><\/td>\n<td width=\"102\"><span style=\"color: #ffffff;\">Duration<\/span><\/td>\n<td width=\"95\"><span style=\"color: #ffffff;\">Coefficient<\/span><\/td>\n<\/tr>\n<tr>\n<td width=\"192\"><span style=\"color: #000000;\">8H00 &#8211; 11H00<\/span><\/td>\n<td width=\"232\"><span style=\"color: #000000;\">Math\u00e9matiques<\/span><\/td>\n<td width=\"102\"><span style=\"color: #000000;\">2Hours<\/span><\/td>\n<td width=\"95\"><span style=\"color: #000000;\">5<\/span><\/td>\n<\/tr>\n<tr>\n<td width=\"192\"><span style=\"color: #000000;\">10H30\u00a0-12H30<\/span><\/td>\n<td width=\"232\">\n<ul>\n<li><span style=\"color: #000000;\">Sciences Naturelles ou<\/span><\/li>\n<li><span style=\"color: #000000;\">Sciences Physiques.<\/span><\/li>\n<li><span style=\"color: #000000;\">Sciences\u00a0Foresti\u00e8res<\/span><\/li>\n<\/ul>\n<\/td>\n<td width=\"102\"><span style=\"color: #000000;\">2\u00a0Hours<\/span><\/td>\n<td width=\"95\"><span style=\"color: #000000;\">5<\/span><\/td>\n<\/tr>\n<tr style=\"background: #000000;\">\n<td width=\"192\"><span style=\"color: #ff0000;\">Vendredi 25-08-2024<\/span><\/td>\n<td width=\"232\">\u00a0<span style=\"color: #000000;\">kamerpower.com<\/span><\/td>\n<td width=\"102\"><\/td>\n<td width=\"95\"><\/td>\n<\/tr>\n<tr>\n<td width=\"192\"><span style=\"color: #000000;\">13H00 &#8211; 14H30<\/span><\/td>\n<td width=\"232\"><span style=\"color: #000000;\">Culture G\u00e9n\u00e9rale<\/span><\/td>\n<td width=\"102\"><span style=\"color: #000000;\">1Hour 30min<\/span><\/td>\n<td width=\"95\"><span style=\"color: #000000;\">4<\/span><\/td>\n<\/tr>\n<tr>\n<td width=\"192\"><span style=\"color: #000000;\">13H00 &#8211; 16H00<\/span><\/td>\n<td width=\"232\"><span style=\"color: #000000;\">Langue<\/span><\/td>\n<td width=\"102\"><span style=\"color: #000000;\">1\u00a0Hour<\/span><\/td>\n<td width=\"95\"><span style=\"color: #000000;\">5<\/span><\/td>\n<\/tr>\n<\/tbody>\n<\/table>\n<p style=\"text-align: justify;\"><span style=\"color: #000000;\">Le programme des tests est celui des classes de 3\u00e8me\u00a0pour le cycle <span style=\"color: #ff0000;\">d&#8217;ATEF<\/span>, de 1\u00e8re\u00a0C,\u00a0D pour le cycle de <span style=\"color: #ff0000;\">TEF<\/span> et de la Terminale C et D pour le cycle de <span style=\"color: #ff0000;\">TSEF<\/span> de l&#8217;Enseignement Secondaire G\u00e9n\u00e9ral et technique industrielle de la \ufb01li\u00e8re bois (<span style=\"color: #ff0000;\">IB et EF<\/span>). kamerpower.com\u00a0<\/span><\/p>\n<p><img decoding=\"async\" class=\"aligncenter wp-image-5005 size-full\" src=\"https:\/\/kamerpower.com\/wp-content\/uploads\/2015\/04\/MINFOF.jpg\" alt=\"Concours Eaux et forets Cameroun: ENEF de Mbalmayo\" width=\"141\" height=\"140\" srcset=\"https:\/\/kamerpower.com\/wp-content\/uploads\/2015\/04\/MINFOF-300x300.jpg 300w, https:\/\/kamerpower.com\/wp-content\/uploads\/2015\/04\/MINFOF-100x100.jpg 100w, https:\/\/kamerpower.com\/wp-content\/uploads\/2015\/04\/MINFOF-150x150.jpg 150w, https:\/\/kamerpower.com\/wp-content\/uploads\/2015\/04\/MINFOF-96x96.jpg 96w\" sizes=\"(max-width: 141px) 100vw, 141px\" \/><\/p>\n<p style=\"text-align: justify;\"><span style=\"color: #000000;\">Les candidats externes composeront en Sciences Naturelles ou en Sciences Physiques. Les Candidats Internes. les assimil\u00e9s et les dipl\u00f4m\u00e9s de la \ufb01li\u00e8re For\u00eat Bois\u00a0composeront en Sciences Foresti\u00e8res.<\/span><\/p>\n<p style=\"padding-left: 60px; text-align: justify;\"><span style=\"color: #000000;\"><span style=\"color: #ff0000;\"><strong>NB:<\/strong> <\/span>Par Sciences Foresti\u00e8res, il faut entendre: Sciences Foresti\u00e8res de Base (\u00c9cologie et Botanique Foresti\u00e8res, Dendrom\u00e9trie). Sylviculture, Exploitation Foresti\u00e8re, Industrie du\u00a0Bois, Pisciculture. Faune et Chasse. <strong>Concours Eaux et forets Cameroun<\/strong>.\u00a0<\/span><\/p>\n<p style=\"padding-left: 60px; text-align: justify;\"><span style=\"color: #000000;\">L&#8217;\u00e9preuve de langue consiste en une \u00e9preuve d&#8217;anglais pour les candidats francophones et de\u00a0fran\u00e7ais pour les anglophones. Il est not\u00e9 qu&#8217;il ne s&#8217;agit pas d\u2019\u00e9preuves bilingues.<\/span><\/p>\n<p><strong><span style=\"color: #3366ff;\"> 3.2 &#8211; \u00e9preuves orales<\/span><\/strong><\/p>\n<p style=\"text-align: justify;\"><span style=\"color: #000000;\">Les \u00e9preuves orales se d\u00e9rouleront du <strong><span style=\"color: #ff0000;\">19 au 21 novembre 2024<\/span><\/strong> \u00e0 l&#8217;\u00c9cole Nationale des Eaux et For\u00eats de Mbalmayo ENEF uniquement. De coefficient deux (<span style=\"color: #3366ff;\">2<\/span>), elles consistent en un entretien de <span style=\"color: #ff0000;\">15 minutes maximum avec le jury<\/span>. Seuls les candidats\u00a0d\u00e9clar\u00e9s admissibles au terme de la phase \u00e9crite y prendront part.<\/span><\/p>\n<p><strong><span style=\"color: #3366ff;\">3.3 Publication des\u00a0r\u00e9sultats<\/span><\/strong><\/p>\n<p style=\"text-align: justify;\"><span style=\"color: #000000;\">Les admissibilit\u00e9s et les r\u00e9sultats d\u00e9finitifs seront proclam\u00e9s par le <span style=\"color: #ff0000;\">Ministre des For\u00eats et de la Faune<\/span>.\u00a0<\/span><\/p>\n<h2 style=\"text-align: center;\"><span class=\"ez-toc-section\" id=\"concours-eaux-et-forets-2025-2026-cameroun-enef-de-mbalmayo-3\"><\/span><span style=\"color: #3366ff;\">Concours Eaux et forets 2025-2026 Cameroun: ENEF de Mbalmayo<\/span><span class=\"ez-toc-section-end\"><\/span><\/h2>\n<p><span style=\"color: #000000;\"><strong>Recommandation<\/strong><\/span><\/p>\n<ul>\n<li><strong><a href=\"https:\/\/kamerpower.com\/fr\/enef-de-mbalmayo-ecole-nationale-des-eaux-et-forets-de-mbalmayo\/\">ENEF de Mbalmayo Ecole Nationale des Eaux et For\u00eats de Mbalmayo.<\/a><\/strong><\/li>\n<li><strong><a href=\"https:\/\/kamerpower.com\/fr\/epreuve-concours-eaux-et-forets-2011-technique-cameroun-techniciens-pricipaux-minfof-cameroun\/\" rel=\"tag\">Epreuves de concours Eaux et Forets Cameroun.<\/a><\/strong><\/li>\n<li><a href=\"https:\/\/kamerpower.com\/fr\/concours-iut-bois-mbalmayo-2015-2016\/\"><strong>Concours IUT-Bois Mbalmayo Institut Universitaire de Technologie du Bois Universit\u00e9 de Yaound\u00e9 I \u00e0 Mbalmayo.<\/strong><\/a><\/li>\n<\/ul>\n","protected":false},"excerpt":{"rendered":"<p>&#46;&#46;&#46;<\/p>\n","protected":false},"author":1,"featured_media":67176,"comment_status":"open","ping_status":"open","sticky":false,"template":"","format":"standard","meta":{"_themeisle_gutenberg_block_has_review":false,"footnotes":""},"categories":[66],"tags":[2045,1776,1775],"class_list":["post-5012","post","type-post","status-publish","format-standard","has-post-thumbnail","hentry","category-concours","tag-concours-eaux-et-forets-cameroun-enef","tag-ecole-nationale-des-eaux-et-forets-de-mbalmayo","tag-minfof-cameroun"],"_links":{"self":[{"href":"https:\/\/kamerpower.com\/fr\/wp-json\/wp\/v2\/posts\/5012","targetHints":{"allow":["GET"]}}],"collection":[{"href":"https:\/\/kamerpower.com\/fr\/wp-json\/wp\/v2\/posts"}],"about":[{"href":"https:\/\/kamerpower.com\/fr\/wp-json\/wp\/v2\/types\/post"}],"author":[{"embeddable":true,"href":"https:\/\/kamerpower.com\/fr\/wp-json\/wp\/v2\/users\/1"}],"replies":[{"embeddable":true,"href":"https:\/\/kamerpower.com\/fr\/wp-json\/wp\/v2\/comments?post=5012"}],"version-history":[{"count":1,"href":"https:\/\/kamerpower.com\/fr\/wp-json\/wp\/v2\/posts\/5012\/revisions"}],"predecessor-version":[{"id":67177,"href":"https:\/\/kamerpower.com\/fr\/wp-json\/wp\/v2\/posts\/5012\/revisions\/67177"}],"wp:featuredmedia":[{"embeddable":true,"href":"https:\/\/kamerpower.com\/fr\/wp-json\/wp\/v2\/media\/67176"}],"wp:attachment":[{"href":"https:\/\/kamerpower.com\/fr\/wp-json\/wp\/v2\/media?parent=5012"}],"wp:term":[{"taxonomy":"category","embeddable":true,"href":"https:\/\/kamerpower.com\/fr\/wp-json\/wp\/v2\/categories?post=5012"},{"taxonomy":"post_tag","embeddable":true,"href":"https:\/\/kamerpower.com\/fr\/wp-json\/wp\/v2\/tags?post=5012"}],"curies":[{"name":"wp","href":"https:\/\/api.w.org\/{rel}","templated":true}]}}