{"id":6707,"date":"2015-06-14T14:22:08","date_gmt":"2015-06-14T12:22:08","guid":{"rendered":"https:\/\/kamerpower.com\/?p=6707"},"modified":"2025-08-11T00:39:11","modified_gmt":"2025-08-10T23:39:11","slug":"epreuves-concours-iut-de-douala-culture-general-iut-session-octobre-2008-institut-universitaire-de-technologie","status":"publish","type":"post","link":"https:\/\/kamerpower.com\/fr\/epreuves-concours-iut-de-douala-culture-general-iut-session-octobre-2008-institut-universitaire-de-technologie\/","title":{"rendered":"\u00c9preuves concours IUT de Douala Culture General (IUT de l\u2019Universit\u00e9 Douala Session Octobre 2008) Institut Universitaire de Technologie"},"content":{"rendered":"<p style=\"text-align: center;\"><span style=\"color: #000000;\">R\u00c9PUBLIQUE DU CAMEROUN<br \/>\nConcours d\u2019entr\u00e9e en premiere ann\u00e9e de la Division<\/span><br \/>\n<span style=\"color: #000000;\">de la Formation Initiale de l\u2019Institut Universitaire de<\/span><br \/>\n<span style=\"color: #000000;\">Technologie (<strong>IUT<\/strong>) de l\u2019<span style=\"color: #3366ff;\">Universit\u00e9 de Douala<\/span>\u00a0Session<br \/>\n<span style=\"color: #ff0000;\">Octobre 2008<\/span>\u00a0Concours\u00a0IUT de l\u2019Universit\u00e9\u00a0Douala<\/span><br \/>\n<strong><span style=\"color: #000000;\">EPREUVE DE CULTURE GENERALE<\/span><\/strong><br \/>\n<span style=\"color: #000000;\">DUREE : 3\u00a0HEURES<br \/>\n<\/span><span style=\"color: #008000; text-shadow: 2px 0 2px #000;\">KA<\/span><span style=\"color: #ff0000; text-shadow: 2px 0 2px #000;\">M<\/span><span style=\"color: #ffcc00; text-shadow: 2px 0 2px #000;\">ER<\/span><span style=\"color: #800080; text-shadow: 2px 0 2px #000;\">POWER<\/span><span style=\"color: #3366ff; text-shadow: 2px 0 2px #000;\">.COM<br \/>\n****************************<br \/>\n<\/span><\/p>\n<div id=\"ez-toc-container\" class=\"ez-toc-v2_0_82_2 counter-hierarchy ez-toc-counter ez-toc-custom ez-toc-container-direction\">\n<p class=\"ez-toc-title\" style=\"cursor:inherit\">Contents<\/p>\n<label for=\"ez-toc-cssicon-toggle-item-69edee9ea0a4a\" class=\"ez-toc-cssicon-toggle-label\"><span class=\"ez-toc-cssicon\"><span class=\"eztoc-hide\" style=\"display:none;\">Toggle<\/span><span class=\"ez-toc-icon-toggle-span\"><svg style=\"fill: #000000;color:#000000\" xmlns=\"http:\/\/www.w3.org\/2000\/svg\" class=\"list-377408\" width=\"20px\" height=\"20px\" viewBox=\"0 0 24 24\" fill=\"none\"><path d=\"M6 6H4v2h2V6zm14 0H8v2h12V6zM4 11h2v2H4v-2zm16 0H8v2h12v-2zM4 16h2v2H4v-2zm16 0H8v2h12v-2z\" fill=\"currentColor\"><\/path><\/svg><svg style=\"fill: #000000;color:#000000\" class=\"arrow-unsorted-368013\" xmlns=\"http:\/\/www.w3.org\/2000\/svg\" width=\"10px\" height=\"10px\" viewBox=\"0 0 24 24\" version=\"1.2\" baseProfile=\"tiny\"><path d=\"M18.2 9.3l-6.2-6.3-6.2 6.3c-.2.2-.3.4-.3.7s.1.5.3.7c.2.2.4.3.7.3h11c.3 0 .5-.1.7-.3.2-.2.3-.5.3-.7s-.1-.5-.3-.7zM5.8 14.7l6.2 6.3 6.2-6.3c.2-.2.3-.5.3-.7s-.1-.5-.3-.7c-.2-.2-.4-.3-.7-.3h-11c-.3 0-.5.1-.7.3-.2.2-.3.5-.3.7s.1.5.3.7z\"\/><\/svg><\/span><\/span><\/label><input type=\"checkbox\"  id=\"ez-toc-cssicon-toggle-item-69edee9ea0a4a\"  aria-label=\"Toggle\" \/><nav><ul class='ez-toc-list ez-toc-list-level-1 ' ><ul class='ez-toc-list-level-3' ><li class='ez-toc-heading-level-3'><a class=\"ez-toc-link ez-toc-heading-1\" href=\"https:\/\/kamerpower.com\/fr\/epreuves-concours-iut-de-douala-culture-general-iut-session-octobre-2008-institut-universitaire-de-technologie\/#epreuves-concours-iut-de-douala-culture-general-iut-session-octobre-2008\" >\u00c9preuves concours IUT de Douala Culture General (IUT Session Octobre 2008)<\/a><\/li><li class='ez-toc-page-1 ez-toc-heading-level-3'><a class=\"ez-toc-link ez-toc-heading-2\" href=\"https:\/\/kamerpower.com\/fr\/epreuves-concours-iut-de-douala-culture-general-iut-session-octobre-2008-institut-universitaire-de-technologie\/#texte-valeur-de-leducation-physique\" >Texte:\u00a0VALEUR DE L\u2019EDUCATION PHYSIQUE<\/a><\/li><li class='ez-toc-page-1 ez-toc-heading-level-3'><a class=\"ez-toc-link ez-toc-heading-3\" href=\"https:\/\/kamerpower.com\/fr\/epreuves-concours-iut-de-douala-culture-general-iut-session-octobre-2008-institut-universitaire-de-technologie\/#i-%e2%80%93-questions\" >I &#8211; Questions:<\/a><\/li><li class='ez-toc-page-1 ez-toc-heading-level-3'><a class=\"ez-toc-link ez-toc-heading-4\" href=\"https:\/\/kamerpower.com\/fr\/epreuves-concours-iut-de-douala-culture-general-iut-session-octobre-2008-institut-universitaire-de-technologie\/#ii-%e2%80%93-grammaire-ecrivez-correctement-les-verbes-des-phrases-ci-apres\" >II &#8211; Grammaire: \u00a0Ecrivez correctement les verbes des phrases ci-apr\u00e8s\u00a0<\/a><\/li><li class='ez-toc-page-1 ez-toc-heading-level-3'><a class=\"ez-toc-link ez-toc-heading-5\" href=\"https:\/\/kamerpower.com\/fr\/epreuves-concours-iut-de-douala-culture-general-iut-session-octobre-2008-institut-universitaire-de-technologie\/#iii-%e2%80%93-reflexion\" >III &#8211; Reflexion:<\/a><\/li><\/ul><\/li><li class='ez-toc-page-1 ez-toc-heading-level-2'><a class=\"ez-toc-link ez-toc-heading-6\" href=\"https:\/\/kamerpower.com\/fr\/epreuves-concours-iut-de-douala-culture-general-iut-session-octobre-2008-institut-universitaire-de-technologie\/#epreuves-concours-iut-de-douala-culture-general-iut-de-luniversite-douala-session-octobre-2008-institut-universitaire-de-technologie\" >\u00c9preuves concours IUT de Douala Culture General (IUT de l\u2019Universit\u00e9 Douala Session Octobre 2008) Institut Universitaire de Technologie<\/a><\/li><\/ul><\/nav><\/div>\n<h3 style=\"text-align: center;\"><span class=\"ez-toc-section\" id=\"epreuves-concours-iut-de-douala-culture-general-iut-session-octobre-2008\"><\/span><span style=\"color: #3366ff;\"><a style=\"color: #3366ff;\" href=\"https:\/\/kamerpower.com\/fr\/concours-iut-douala-2021-2022-cycle-bts-premiere-annee\/\" target=\"_blank\" rel=\"noopener\">\u00c9preuves concours IUT de Douala Culture General (IUT Session Octobre 2008)<\/a><\/span><span class=\"ez-toc-section-end\"><\/span><\/h3>\n<p><span style=\"color: #000000;\">Lire le texte ci-apr\u00e8s et r\u00e9pondre \u00e0 toutes les questions pos\u00e9es. (kamerpower.com)<\/span><\/p>\n<h3><span class=\"ez-toc-section\" id=\"texte-valeur-de-leducation-physique\"><\/span><span style=\"color: #ff0000;\">Texte:\u00a0<span style=\"color: #000000;\">VALEUR DE L\u2019EDUCATION PHYSIQUE<\/span><\/span><span class=\"ez-toc-section-end\"><\/span><\/h3>\n<p style=\"text-align: justify;\"><span style=\"color: #000000;\">Dans tous les coll\u00e8ges, il faut \u00e9tablir un gymnase ou un lieu d\u2019exercice pour les enfants. Cet article si n\u00e9glig\u00e9 est, selon moi, la partie la plus importante de l\u2019\u00e9ducation, non seulement pour former des temp\u00e9raments robustes et saints, mais encore plus pour l\u2019objet moral, qu\u2019on n\u00e9glige, ou qu\u2019on ne remplit que par un tas de pr\u00e9ceptes p\u00e9dantesques et vains qui sont autant de paroles perdues : je n\u2019en dirai jamais assez que la bonne \u00e9ducation doit \u00eatre n\u00e9gative. Emp\u00eachez les vices de naitre, vous aurez fait pour la vertu, le moyen en est de la derni\u00e8re facilit\u00e9 dans la bonne \u00e9ducation physique. C\u2019est toujours tenir les enfants en haleine non par d\u2019ennuyeuses \u00e9tudes ou ils n\u2019entendent rien et qu\u2019ils prennent ben haine par cela qu\u2019ils sont forc\u00e9s de rester en place, mais par des exerces qui leur plaisent.<\/span><\/p>\n<p style=\"text-align: justify;\"><span style=\"color: #000000;\"> On ne doit point, permettre qu\u2019ils jouent s\u00e9par\u00e9ment \u00e0 leur fantaisies mais tous ensemble et en public ; de mani\u00e8re qu\u2019ils aient toujours un but commun auquel tous aspirent et qui excite la conscience de l\u2019\u00e9mulation, (\u2026) car il ne s\u2019agit pas seulement ici de les occuper, de leur former une constitution robuste, de les rendre agiles et d\u00e9coupl\u00e9s, mais de les accoutumer de bonne heure \u00e0 la r\u00e8gle, \u00e0 l\u2019\u00e9galit\u00e9, \u00e0 la fraternit\u00e9, aux concurrences, \u00e0 vivre sous les yeux de leurs concitoyens et \u00e0 d\u00e9sire : l\u2019approbation publique.<\/span><\/p>\n<p style=\"text-align: right;\"><span style=\"color: #000000;\"><span style=\"color: #3366ff;\">JJ ROUSSEAU<\/span>, Consid\u00e9ration sur le gouvernement de Pologne<\/span><\/p>\n<p><img decoding=\"async\" class=\"aligncenter wp-image-38314 size-full\" src=\"https:\/\/kamerpower.com\/wp-content\/uploads\/2021\/06\/Concours-IUT-douala-2021-2022-filiere-universite-de-douala.png\" alt=\"Concours IUT douala - fili\u00e8re universit\u00e9 de douala\" width=\"1890\" height=\"945\" srcset=\"https:\/\/kamerpower.com\/wp-content\/uploads\/2021\/06\/Concours-IUT-douala-2021-2022-filiere-universite-de-douala.png 1890w, https:\/\/kamerpower.com\/wp-content\/uploads\/2021\/06\/Concours-IUT-douala-2021-2022-filiere-universite-de-douala-600x300.png 600w, https:\/\/kamerpower.com\/wp-content\/uploads\/2021\/06\/Concours-IUT-douala-2021-2022-filiere-universite-de-douala-300x150.png 300w, https:\/\/kamerpower.com\/wp-content\/uploads\/2021\/06\/Concours-IUT-douala-2021-2022-filiere-universite-de-douala-768x384.png 768w, https:\/\/kamerpower.com\/wp-content\/uploads\/2021\/06\/Concours-IUT-douala-2021-2022-filiere-universite-de-douala-1536x768.png 1536w, https:\/\/kamerpower.com\/wp-content\/uploads\/2021\/06\/Concours-IUT-douala-2021-2022-filiere-universite-de-douala-720x360.png 720w, https:\/\/kamerpower.com\/wp-content\/uploads\/2021\/06\/Concours-IUT-douala-2021-2022-filiere-universite-de-douala-520x260.png 520w, https:\/\/kamerpower.com\/wp-content\/uploads\/2021\/06\/Concours-IUT-douala-2021-2022-filiere-universite-de-douala-320x160.png 320w, https:\/\/kamerpower.com\/wp-content\/uploads\/2021\/06\/Concours-IUT-douala-2021-2022-filiere-universite-de-douala-150x75.png 150w, https:\/\/kamerpower.com\/wp-content\/uploads\/2021\/06\/Concours-IUT-douala-2021-2022-filiere-universite-de-douala-1200x600.png 1200w\" sizes=\"(max-width: 1890px) 100vw, 1890px\" \/><\/p>\n<h3><span class=\"ez-toc-section\" id=\"i-%e2%80%93-questions\"><\/span><span style=\"color: #ff0000;\">I &#8211; Questions:<\/span><span class=\"ez-toc-section-end\"><\/span><\/h3>\n<ol>\n<li><span style=\"color: #000000;\">\u00ab Un tas de pr\u00e9ceptes p\u00e9dantesques et vains \u00bb. Qu\u2019est-ce qu\u2019un pr\u00e9cepte ? (1pt)<\/span><\/li>\n<li><span style=\"color: #000000;\">Que signifie dans cet exemple l\u2019adjectif \u00ab vain \u00bb ? (0,5pt)<\/span><\/li>\n<li><span style=\"color: #000000;\">Quel est son sens dans les phrases suivantes :<\/span><br \/>\n<span style=\"color: #000000;\">+\u00a0Il nourrit de vains espoirs ; (0,5)<\/span><br \/>\n<span style=\"color: #000000;\">+\u00a0Cette discussion est vaine ;(0,5)<\/span><br \/>\n<span style=\"color: #000000;\">+\u00a0Ne vous grisez pas de vaines paroles ; (0,5)<\/span><br \/>\n<span style=\"color: #000000;\">+\u00a0Son air vain et m\u00e9prisant le rend antipathique ; (0,5)<\/span><\/li>\n<li><span style=\"color: #000000;\">Expliquez l\u2019expression \u00ab qu\u2019ils jouent \u00e0 leur fantaisie \u00bb<\/span><\/li>\n<li style=\"text-align: justify;\"><span style=\"color: #000000;\">Trouvez pour chacun des verbes de la colonne 1 le nom compl\u00e9ment qui lui convient dans la colonne 2 : (3pts)<\/span><br \/>\n<strong><span style=\"color: #000000;\">colonne 1<\/span><\/strong><br \/>\n<span style=\"color: #3366ff;\"> D\u00e9savouer<\/span><br \/>\n<span style=\"color: #3366ff;\"> D\u00e9mentir\u00a0<\/span><br \/>\n<span style=\"color: #3366ff;\">D\u00e9sapprouver\u00a0<\/span><br \/>\n<span style=\"color: #3366ff;\">D\u00e9cliner\u00a0<\/span><br \/>\n<span style=\"color: #3366ff;\">D\u00e9nier\u00a0<\/span><br \/>\n<span style=\"color: #3366ff;\"> D\u00e9conseiller<br \/>\n<\/span><strong><span style=\"color: #000000;\">colonne 2<\/span><\/strong><br \/>\n<span style=\"color: #3366ff;\">Une suggestion<\/span><br \/>\n<span style=\"color: #3366ff;\">Une nouvelle <\/span><br \/>\n<span style=\"color: #3366ff;\">Un droit<\/span><br \/>\n<span style=\"color: #3366ff;\">Une solution<\/span><br \/>\n<span style=\"color: #3366ff;\">Une initiative<\/span><br \/>\n<span style=\"color: #3366ff;\">Un collaborateur<\/span><\/li>\n<\/ol>\n<h3><span class=\"ez-toc-section\" id=\"ii-%e2%80%93-grammaire-ecrivez-correctement-les-verbes-des-phrases-ci-apres\"><\/span><span style=\"color: #ff0000;\">II &#8211; Grammaire: <span style=\"color: #000000;\">\u00a0Ecrivez correctement les verbes des phrases ci-apr\u00e8s\u00a0<\/span><\/span><span class=\"ez-toc-section-end\"><\/span><\/h3>\n<ol>\n<li style=\"text-align: justify;\"><span style=\"color: #000000;\"> Arabes et Isra\u00e9liens se sont \u00e0 trois reprises (combattre), sans tr\u00eave ils se sont (nuire), sauront-ils tirer la le\u00e7on du pass\u00e9 mieux qu\u2019ils ne l\u2019ont(savoir) jusqu\u2019ici ?<\/span><\/li>\n<li><span style=\"color: #000000;\">Si vous voulez que je me (rappeler) ce nom bizarre, il faut que vous me (r\u00e9p\u00e9ter).<\/span><\/li>\n<li><span style=\"color: #000000;\">Elle best (voir) attribuer une m\u00e9daille.<\/span><\/li>\n<li><span style=\"color: #000000;\">Les m\u00e9dailles qu\u2019il avait (menacer) d\u2019employer.<\/span><\/li>\n<li><span style=\"color: #000000;\">Simone m\u2019a (t\u00e9l\u00e9phon\u00e9) je l\u2019ai (laisser) venir. (2,5pts)<\/span><\/li>\n<\/ol>\n<h3><span class=\"ez-toc-section\" id=\"iii-%e2%80%93-reflexion\"><\/span><span style=\"color: #ff0000;\">III &#8211; Reflexion:<\/span><span class=\"ez-toc-section-end\"><\/span><\/h3>\n<ol>\n<li><span style=\"color: #000000;\">L\u2019auteur affirme que l\u2019\u00e9ducation physique est \u00ab la partie la plus importante de l\u2019\u00e9ducation \u00bb qu\u2019en pensez-vous? (r\u00e9pondre en 5 lignes) (2pts)<\/span><\/li>\n<li><span style=\"color: #000000;\">D\u00e9nombrez les avantages des exercices collectifs :<\/span><br \/>\n<span style=\"color: #000000;\"><span style=\"color: #ff0000;\"><strong>+<\/strong><\/span>\u00a0Pour l\u2019acquisition de principes moraux ; (r\u00e9pondre en 5 lignes) (1,5pt)<\/span><br \/>\n<span style=\"color: #000000;\"><span style=\"color: #ff0000;\"><strong>+<\/strong><\/span>\u00a0Pour la pr\u00e9paration \u00e0 la vie sociale ; (r\u00e9pondre en 5 lignes) (1,5pt)<\/span><\/li>\n<\/ol>\n<h2 style=\"text-align: center;\"><span class=\"ez-toc-section\" id=\"epreuves-concours-iut-de-douala-culture-general-iut-de-luniversite-douala-session-octobre-2008-institut-universitaire-de-technologie\"><\/span><span style=\"color: #3366ff;\"><a style=\"color: #3366ff;\" href=\"https:\/\/kamerpower.com\/fr\/concours-iut-douala-2021-2022-cycle-bts-premiere-annee\/\" target=\"_blank\" rel=\"noopener\">\u00c9preuves concours IUT de Douala Culture General<\/a> (IUT de l\u2019Universit\u00e9 Douala Session Octobre 2008) Institut Universitaire de Technologie<\/span><span class=\"ez-toc-section-end\"><\/span><\/h2>\n","protected":false},"excerpt":{"rendered":"<p>&#46;&#46;&#46;<\/p>\n","protected":false},"author":1,"featured_media":38314,"comment_status":"open","ping_status":"closed","sticky":false,"template":"","format":"standard","meta":{"_themeisle_gutenberg_block_has_review":false,"footnotes":""},"categories":[1701],"tags":[1782,1712,1856],"class_list":["post-6707","post","type-post","status-publish","format-standard","has-post-thumbnail","hentry","category-epreuves","tag-culture-generale","tag-epreuve-de-concours-dentree-aux-grandes-ecoles-cameroun","tag-epreuves-de-concours-de-liut-de-douala"],"_links":{"self":[{"href":"https:\/\/kamerpower.com\/fr\/wp-json\/wp\/v2\/posts\/6707","targetHints":{"allow":["GET"]}}],"collection":[{"href":"https:\/\/kamerpower.com\/fr\/wp-json\/wp\/v2\/posts"}],"about":[{"href":"https:\/\/kamerpower.com\/fr\/wp-json\/wp\/v2\/types\/post"}],"author":[{"embeddable":true,"href":"https:\/\/kamerpower.com\/fr\/wp-json\/wp\/v2\/users\/1"}],"replies":[{"embeddable":true,"href":"https:\/\/kamerpower.com\/fr\/wp-json\/wp\/v2\/comments?post=6707"}],"version-history":[{"count":2,"href":"https:\/\/kamerpower.com\/fr\/wp-json\/wp\/v2\/posts\/6707\/revisions"}],"predecessor-version":[{"id":70264,"href":"https:\/\/kamerpower.com\/fr\/wp-json\/wp\/v2\/posts\/6707\/revisions\/70264"}],"wp:featuredmedia":[{"embeddable":true,"href":"https:\/\/kamerpower.com\/fr\/wp-json\/wp\/v2\/media\/38314"}],"wp:attachment":[{"href":"https:\/\/kamerpower.com\/fr\/wp-json\/wp\/v2\/media?parent=6707"}],"wp:term":[{"taxonomy":"category","embeddable":true,"href":"https:\/\/kamerpower.com\/fr\/wp-json\/wp\/v2\/categories?post=6707"},{"taxonomy":"post_tag","embeddable":true,"href":"https:\/\/kamerpower.com\/fr\/wp-json\/wp\/v2\/tags?post=6707"}],"curies":[{"name":"wp","href":"https:\/\/api.w.org\/{rel}","templated":true}]}}