{"id":7008,"date":"2015-06-23T16:28:59","date_gmt":"2015-06-23T14:28:59","guid":{"rendered":"https:\/\/kamerpower.com\/?p=7008"},"modified":"2024-03-27T00:44:10","modified_gmt":"2024-03-26T23:44:10","slug":"sage-femme-diplome-detat-minsante-cameroun-metier-de-la-sante-infirmier-et-paramedicaux","status":"publish","type":"post","link":"https:\/\/kamerpower.com\/fr\/sage-femme-diplome-detat-minsante-cameroun-metier-de-la-sante-infirmier-et-paramedicaux\/","title":{"rendered":"Sage Femme Diplome d&#8217;Etat MINSANTE Cameroun metier de la sante (Infirmier et Paramedicaux)"},"content":{"rendered":"<p style=\"text-align: center;\"><span style=\"color: #000000;\">Republique du Cameroun<\/span><br \/>\n<span style=\"color: #000000;\">Paix &#8211; Travail &#8211; Patric<\/span><br \/>\n<span style=\"color: #000000;\">Minist\u00e8re de la Sant\u00e9 Publique<\/span><br \/>\n<span style=\"color: #000000;\">SECRETARIAT GENERAL<\/span><br \/>\n<span style=\"color: #000000;\">COMITE D&#8217;ORGANISATION DES CONCOURS<\/span><\/p>\n<div id=\"ez-toc-container\" class=\"ez-toc-v2_0_82_2 counter-hierarchy ez-toc-counter ez-toc-custom ez-toc-container-direction\">\n<p class=\"ez-toc-title\" style=\"cursor:inherit\">Contents<\/p>\n<label for=\"ez-toc-cssicon-toggle-item-69f07fa235d7c\" class=\"ez-toc-cssicon-toggle-label\"><span class=\"ez-toc-cssicon\"><span class=\"eztoc-hide\" style=\"display:none;\">Toggle<\/span><span class=\"ez-toc-icon-toggle-span\"><svg style=\"fill: #000000;color:#000000\" xmlns=\"http:\/\/www.w3.org\/2000\/svg\" class=\"list-377408\" width=\"20px\" height=\"20px\" viewBox=\"0 0 24 24\" fill=\"none\"><path d=\"M6 6H4v2h2V6zm14 0H8v2h12V6zM4 11h2v2H4v-2zm16 0H8v2h12v-2zM4 16h2v2H4v-2zm16 0H8v2h12v-2z\" fill=\"currentColor\"><\/path><\/svg><svg style=\"fill: #000000;color:#000000\" class=\"arrow-unsorted-368013\" xmlns=\"http:\/\/www.w3.org\/2000\/svg\" width=\"10px\" height=\"10px\" viewBox=\"0 0 24 24\" version=\"1.2\" baseProfile=\"tiny\"><path d=\"M18.2 9.3l-6.2-6.3-6.2 6.3c-.2.2-.3.4-.3.7s.1.5.3.7c.2.2.4.3.7.3h11c.3 0 .5-.1.7-.3.2-.2.3-.5.3-.7s-.1-.5-.3-.7zM5.8 14.7l6.2 6.3 6.2-6.3c.2-.2.3-.5.3-.7s-.1-.5-.3-.7c-.2-.2-.4-.3-.7-.3h-11c-.3 0-.5.1-.7.3-.2.2-.3.5-.3.7s.1.5.3.7z\"\/><\/svg><\/span><\/span><\/label><input type=\"checkbox\"  id=\"ez-toc-cssicon-toggle-item-69f07fa235d7c\"  aria-label=\"Toggle\" \/><nav><ul class='ez-toc-list ez-toc-list-level-1 ' ><ul class='ez-toc-list-level-3' ><li class='ez-toc-heading-level-3'><a class=\"ez-toc-link ez-toc-heading-1\" href=\"https:\/\/kamerpower.com\/fr\/sage-femme-diplome-detat-minsante-cameroun-metier-de-la-sante-infirmier-et-paramedicaux\/#sage-femme-diplome-detat-minsante-metier-de-la-sante-infirmier-et-paramedicaux-sfde\" >Sage Femme Diplome d&#8217;Etat MINSANTE metier de la sante (Infirmier et Paramedicaux)\u00a0(SFDE)<\/a><\/li><li class='ez-toc-page-1 ez-toc-heading-level-3'><a class=\"ez-toc-link ez-toc-heading-2\" href=\"https:\/\/kamerpower.com\/fr\/sage-femme-diplome-detat-minsante-cameroun-metier-de-la-sante-infirmier-et-paramedicaux\/#1-conditions-dacces\" >1- Conditions d&#8217;acc\u00e8s:<\/a><\/li><li class='ez-toc-page-1 ez-toc-heading-level-3'><a class=\"ez-toc-link ez-toc-heading-3\" href=\"https:\/\/kamerpower.com\/fr\/sage-femme-diplome-detat-minsante-cameroun-metier-de-la-sante-infirmier-et-paramedicaux\/#2-definition\" >2- D\u00e9finition:<\/a><\/li><li class='ez-toc-page-1 ez-toc-heading-level-3'><a class=\"ez-toc-link ez-toc-heading-4\" href=\"https:\/\/kamerpower.com\/fr\/sage-femme-diplome-detat-minsante-cameroun-metier-de-la-sante-infirmier-et-paramedicaux\/#3-activites-principales\" >3- Activit\u00e9s principales:<\/a><\/li><li class='ez-toc-page-1 ez-toc-heading-level-3'><a class=\"ez-toc-link ez-toc-heading-5\" href=\"https:\/\/kamerpower.com\/fr\/sage-femme-diplome-detat-minsante-cameroun-metier-de-la-sante-infirmier-et-paramedicaux\/#4-relations-professionnelles-les-plus-frequentes\" >4- Relations professionnelles les plus fr\u00e9quentes<\/a><\/li><li class='ez-toc-page-1 ez-toc-heading-level-3'><a class=\"ez-toc-link ez-toc-heading-6\" href=\"https:\/\/kamerpower.com\/fr\/sage-femme-diplome-detat-minsante-cameroun-metier-de-la-sante-infirmier-et-paramedicaux\/#5-savoir-faire-requis\" >5- Savoir faire requis<\/a><\/li><li class='ez-toc-page-1 ez-toc-heading-level-3'><a class=\"ez-toc-link ez-toc-heading-7\" href=\"https:\/\/kamerpower.com\/fr\/sage-femme-diplome-detat-minsante-cameroun-metier-de-la-sante-infirmier-et-paramedicaux\/#6-conditions-particulieres-de-lexercice-du-metier\" >6- Conditions particuli\u00e8res de l&#8217;exercice du m\u00e9tier<\/a><\/li><li class='ez-toc-page-1 ez-toc-heading-level-3'><a class=\"ez-toc-link ez-toc-heading-8\" href=\"https:\/\/kamerpower.com\/fr\/sage-femme-diplome-detat-minsante-cameroun-metier-de-la-sante-infirmier-et-paramedicaux\/#7-salaire-de-base\" >7- Salaire de base<\/a><\/li><li class='ez-toc-page-1 ez-toc-heading-level-3'><a class=\"ez-toc-link ez-toc-heading-9\" href=\"https:\/\/kamerpower.com\/fr\/sage-femme-diplome-detat-minsante-cameroun-metier-de-la-sante-infirmier-et-paramedicaux\/#8-evolution-de-la-carriere\" >8- \u00c9volution de la carri\u00e8re<\/a><\/li><li class='ez-toc-page-1 ez-toc-heading-level-3'><a class=\"ez-toc-link ez-toc-heading-10\" href=\"https:\/\/kamerpower.com\/fr\/sage-femme-diplome-detat-minsante-cameroun-metier-de-la-sante-infirmier-et-paramedicaux\/#9-concours-personnels-medico-sanitaires-cameroun\" >9-\u00a0Concours personnels M\u00e9dico-Sanitaires Cameroun<\/a><\/li><li class='ez-toc-page-1 ez-toc-heading-level-3'><a class=\"ez-toc-link ez-toc-heading-11\" href=\"https:\/\/kamerpower.com\/fr\/sage-femme-diplome-detat-minsante-cameroun-metier-de-la-sante-infirmier-et-paramedicaux\/#10-liste-des-ecoles-de-formation-publiques-et-privees-medico-sanitaires-au-cameroun\" >10-\u00a0Liste des Ecoles de formation publiques et privees medico-sanitaires au Cameroun.<\/a><\/li><li class='ez-toc-page-1 ez-toc-heading-level-3'><a class=\"ez-toc-link ez-toc-heading-12\" href=\"https:\/\/kamerpower.com\/fr\/sage-femme-diplome-detat-minsante-cameroun-metier-de-la-sante-infirmier-et-paramedicaux\/#11-comment-inscrire-en-ligne-pour-le-concours-minsante-cameroun-ministere-de-la-sante-publique-cameroun\" >11-\u00a0Comment inscrire en ligne pour le Concours MINSANTE Cameroun, Minist\u00e8re de la Sant\u00e9 Publique Cameroun.<\/a><\/li><\/ul><\/li><li class='ez-toc-page-1 ez-toc-heading-level-2'><a class=\"ez-toc-link ez-toc-heading-13\" href=\"https:\/\/kamerpower.com\/fr\/sage-femme-diplome-detat-minsante-cameroun-metier-de-la-sante-infirmier-et-paramedicaux\/#sage-femme-diplome-detat-sfde-minsante-cameroun-metier-de-la-sante-infirmier-et-paramedicaux\" >Sage Femme Diplome d&#8217;Etat (SFDE) MINSANTE Cameroun metier de la sante (Infirmier et Paramedicaux)\u00a0<\/a><\/li><\/ul><\/nav><\/div>\n<h3 style=\"text-align: center;\"><span class=\"ez-toc-section\" id=\"sage-femme-diplome-detat-minsante-metier-de-la-sante-infirmier-et-paramedicaux-sfde\"><\/span><span style=\"color: #ff0000;\"><strong style=\"color: #ff0000;\">Sage Femme Diplome d&#8217;Etat MINSANTE <\/strong><span style=\"color: #ff0000;\">metier<\/span><strong style=\"color: #ff0000;\"> de la sante<\/strong> <strong style=\"color: #ff0000;\">(Infirmier et Paramedicaux)<\/strong><\/a>\u00a0(SFDE)<\/span><span class=\"ez-toc-section-end\"><\/span><\/h3>\n<p style=\"text-align: center;\"><span style=\"color: #3366ff;\"><em>(D\u00e9cision n\u00b0919\/D\/MSP\/CAB du 11 octobre 2011)<\/em><\/span><\/p>\n<h3><span class=\"ez-toc-section\" id=\"1-conditions-dacces\"><\/span><span style=\"color: #3366ff;\"><strong>1- Conditions d&#8217;acc\u00e8s:<\/strong><\/span><span class=\"ez-toc-section-end\"><\/span><\/h3>\n<ol>\n<li style=\"text-align: justify;\"><span style=\"color: #000000;\">Candidats <span style=\"color: #ff0000;\"><strong><span style=\"color: #000000;\">camerounais<\/span> <span style=\"color: #3366ff;\">et<\/span> <span style=\"color: #000000;\">\u00e9trangers<\/span><\/strong><\/span> des 2 sexes non fonctionnaires, <span style=\"color: #ff0000;\">\u00e2g\u00e9s de 18ans au moins et 30 ans au plus<\/span> au 1er janvier de l&#8217;ann\u00e9e en cours.<\/span><\/li>\n<li style=\"text-align: justify;\"><span style=\"color: #000000;\">Etre titulaire soit du <strong>Baccalaur\u00e9at A, C, D<\/strong>, ou de tout autre dipl\u00f4me reconnu \u00e9quivalent (<strong>Bac F7, Bac F8<\/strong>).<\/span><br \/>\n<span style=\"color: #000000;\">Concours d&#8217;entr\u00e9e dans les \u00e9coles agr\u00e9\u00e9es par le Minist\u00e8re de la Sant\u00e9 Publique<\/span><\/li>\n<li style=\"text-align: justify;\"><span style=\"color: #000000;\"><strong>Dur\u00e9e de la formation<\/strong> : <span style=\"color: #ff0000;\">3 ans.<\/span><\/span><\/li>\n<\/ol>\n<h3><span class=\"ez-toc-section\" id=\"2-definition\"><\/span><strong><span style=\"color: #3366ff;\">2- D\u00e9finition:<\/span><\/strong><span class=\"ez-toc-section-end\"><\/span><\/h3>\n<p style=\"text-align: justify;\"><span style=\"color: #000000;\">La Sage Femme Dipl\u00f4m\u00e9 d&#8217;Etat ( <strong>Sage Femme Dipl\u00f4m\u00e9 d&#8217;Etat MINSANT<\/strong>E ) est charg\u00e9e de la prise en charge et de la surveillance de la femme enceinte jusqu&#8217;\u00e0 l&#8217;accouchement. kamerpower.com<\/span><\/p>\n<h3><span class=\"ez-toc-section\" id=\"3-activites-principales\"><\/span><strong><span style=\"color: #3366ff;\">3- Activit\u00e9s principales:<\/span><\/strong><span class=\"ez-toc-section-end\"><\/span><\/h3>\n<ol>\n<li><span style=\"color: #000000;\">Assure la prise en charge de la grossesse, de l&#8217;accouchement, des suites de couches. <\/span><\/li>\n<li style=\"text-align: justify;\"><span style=\"color: #000000;\">Assure la prise en charge du nourrisson en bonne sant\u00e9 ; <\/span><\/li>\n<li style=\"text-align: justify;\"><span style=\"color: #000000;\">Assure la planification familiale, l&#8217;information, l&#8217;\u00e9ducation et la communication (<strong>IEC<\/strong>).\u00a0<\/span><\/li>\n<li style=\"text-align: justify;\"><span style=\"color: #000000;\">Assure la surveillance les soins et les services de conseils n\u00e9cessaires aux femmes pendant leur grossesse ; <\/span><\/li>\n<li style=\"text-align: justify;\"><span style=\"color: #000000;\">D\u00e9pister les pathologies et les situations \u00e0 risque ; <\/span><\/li>\n<li style=\"text-align: justify;\"><span style=\"color: #000000;\">Orienter les patientes \u00e0 risque vers les h\u00f4pitaux de r\u00e9f\u00e9rence.\u00a0<\/span><\/li>\n<li style=\"text-align: justify;\"><span style=\"color: #000000;\">Effectuer les accouchements de son propre chef.\u00a0<\/span><\/li>\n<li style=\"text-align: justify;\"><span style=\"color: #000000;\">Faire face \u00e0 l&#8217;urgence impr\u00e9visible et in\u00e9luctable en l&#8217;absence de structure m\u00e9dicalis\u00e9e.\u00a0<\/span><\/li>\n<li style=\"text-align: justify;\"><span style=\"color: #000000;\">Participer \u00e0 la gestion des services de soins obst\u00e9tricaux et de sant\u00e9 maternelle infantile et de planification familiale <\/span><\/li>\n<li style=\"text-align: justify;\"><span style=\"color: #000000;\">Enregistrer les donn\u00e9es li\u00e9es \u00e0 l&#8217;activit\u00e9 du service.\u00a0<\/span><\/li>\n<li style=\"text-align: justify;\"><span style=\"color: #000000;\">Suivre la mise \u00e0 jour et la tenue des dossiers m\u00e9dicaux des femmes enceintes.<\/span><\/li>\n<li style=\"text-align: justify;\"><span style=\"color: #000000;\">Mettre en oeuvre les protocoles pr\u00e9conis\u00e9s par <strong>CARMA<\/strong> Campagne acc\u00e9l\u00e9ration r\u00e9duction de la mortalit\u00e9 maternelle et infantile.\u00a0<\/span><\/li>\n<li style=\"text-align: justify;\"><span style=\"color: #000000;\">Appliquer les mesures de pr\u00e9vention dans tous les soins et au sein de la structure hospitali\u00e8re (infections nosocomiales&#8230;) <\/span><\/li>\n<li style=\"text-align: justify;\"><span style=\"color: #000000;\">Organiser encadrer et animer des actions de pr\u00e9ventions d&#8217;\u00e9ducation de la sant\u00e9 de la m\u00e8re de l&#8217;enfant et de la famille ; <\/span><\/li>\n<li style=\"text-align: justify;\"><span style=\"color: #000000;\">Encadrer les autres personnels de sant\u00e9, former les \u00e9tudiants sage femme en stage. <\/span><\/li>\n<li style=\"text-align: justify;\"><span style=\"color: #000000;\">Envisager la recherche en sant\u00e9 dans son domaine, \u00e0 partir de ces activit\u00e9s journali\u00e8re.<\/span><\/li>\n<\/ol>\n<h3><span class=\"ez-toc-section\" id=\"4-relations-professionnelles-les-plus-frequentes\"><\/span><strong><span style=\"color: #3366ff;\">4- Relations professionnelles les plus fr\u00e9quentes<\/span><\/strong><span class=\"ez-toc-section-end\"><\/span><\/h3>\n<p><span style=\"color: #000000;\">Relations avec les diff\u00e9rents acteurs du monde de la sant\u00e9 : <\/span><\/p>\n<ul>\n<li><span style=\"color: #000000;\">Infirmiers,<br \/>\n<\/span><\/li>\n<li><span style=\"color: #000000;\"><strong>Aide Soignant<\/strong> (AS),<br \/>\n<\/span><\/li>\n<li><span style=\"color: #000000;\">Agent Technique M\u00e9dico Sanitaire (<strong>ATMS<\/strong>),<br \/>\n<\/span><\/li>\n<li><span style=\"color: #000000;\">Assistante sociale,<br \/>\n<\/span><\/li>\n<li style=\"text-align: justify;\"><span style=\"color: #000000;\">M\u00e9decin, Anesth\u00e9sistes,Chirurgiens, Gyn\u00e9cologues, et autres personnels tels le personnel de la Direction de la formation sanitaire, de l&#8217;H\u00f4pital ou tout personnel contribuant au bien \u00eatre du malade.<\/span><\/li>\n<\/ul>\n<h3><span class=\"ez-toc-section\" id=\"5-savoir-faire-requis\"><\/span><strong><span style=\"color: #3366ff;\">5- Savoir faire requis<\/span><\/strong><span class=\"ez-toc-section-end\"><\/span><\/h3>\n<ol>\n<li style=\"text-align: justify;\"><span style=\"color: #000000;\">Utiliser les r\u00e8gles, les proc\u00e9dures de contr\u00f4le qualit\u00e9, les modes op\u00e9ratoires et les techniques visant \u00e0 la s\u00e9curit\u00e9 et l&#8217;hygi\u00e8ne dans la r\u00e9alisation des activit\u00e9s et l&#8217;utilisation des circuits,<br \/>\n<\/span><\/li>\n<li style=\"text-align: justify;\"><span style=\"color: #000000;\">Utiliser les outils bureautiques,<br \/>\n<\/span><\/li>\n<li style=\"text-align: justify;\"><span style=\"color: #000000;\">Informer et \u00e9duquer le patient et son entourage sur les soins.<\/span><\/li>\n<\/ol>\n<h3><span class=\"ez-toc-section\" id=\"6-conditions-particulieres-de-lexercice-du-metier\"><\/span><span style=\"color: #3366ff;\"><strong>6- Conditions particuli\u00e8res de l&#8217;exercice du m\u00e9tier<\/strong><\/span><span class=\"ez-toc-section-end\"><\/span><\/h3>\n<ol>\n<li style=\"text-align: justify;\"><span style=\"color: #000000;\">S&#8217;inscrire \u00e0 l&#8217;ordre des professionnels M\u00e9dico Sanitaires ou touit autre groupe militant pour l&#8217;am\u00e9lioration de la profession.<\/span><\/li>\n<li><span style=\"color: #000000;\">Travail de nuit, week-end et jours f\u00e9ri\u00e9s. (Abn\u00e9gation, se surpasser)<\/span><\/li>\n<\/ol>\n<h3><span class=\"ez-toc-section\" id=\"7-salaire-de-base\"><\/span><strong><span style=\"color: #3366ff;\">7- Salaire de base<\/span><\/strong><span class=\"ez-toc-section-end\"><\/span><\/h3>\n<p style=\"text-align: justify;\"><span style=\"color: #000000;\">En d\u00e9but de carri\u00e8re la <strong>SFDE<\/strong> est class\u00e9 en <strong>cat\u00e9gorie B 2<\/strong> -Indice de grade fonction : 335. En fin de carri\u00e8re la <strong>SFDE<\/strong> est class\u00e9 en <strong>cat\u00e9gorie A1<\/strong> &#8211;<span style=\"color: #3366ff;\">Indice de grade fonction<\/span> : <strong>785<\/strong><br \/>\n<\/span><br \/>\n<span style=\"color: #000000;\"><strong>D\u00e9but de carri\u00e8re<\/strong> : <span style=\"color: #ff0000;\">173 180 F CFA<\/span><\/span><br \/>\n<span style=\"color: #000000;\"><strong>Fin de carri\u00e8re<\/strong> : <span style=\"color: #ff0000;\">257 612F CFA<\/span><\/span><\/p>\n<h3><span class=\"ez-toc-section\" id=\"8-evolution-de-la-carriere\"><\/span><strong><span style=\"color: #3366ff;\">8- \u00c9volution de la carri\u00e8re<\/span><\/strong><span class=\"ez-toc-section-end\"><\/span><\/h3>\n<ol>\n<li><span style=\"color: #000000;\">Par concours professionnel chaque <span style=\"color: #ff0000;\">5 ans<\/span> ou autres \u00e9tudes.<\/span><\/li>\n<li><span style=\"color: #000000;\">\u00a0Par avancement de grade au choix apr\u00e8s <span style=\"color: #ff0000;\">15 ans<\/span>.<\/span><\/li>\n<li><span style=\"color: #000000;\">Par des formations continues dipl\u00f4mantes.<\/span><\/li>\n<\/ol>\n<h3><span class=\"ez-toc-section\" id=\"9-concours-personnels-medico-sanitaires-cameroun\"><\/span><strong><span style=\"color: #3366ff;\">9-\u00a0<a style=\"color: #3366ff;\" title=\"Permanent Link to Concours personnels M\u00e9dico-Sanitaires Cameroun 2015-2016: dans les Ecoles publiques et priv\u00e9es Minist\u00e8re de la Sant\u00e9 Publique du Cameroun MINSANTE\" href=\"https:\/\/kamerpower.com\/fr\/concours-personnels-medico-sanitaires-cameroun-2015-2016-dans-les-ecoles-publiques-et-privees-ministere-de-la-sante-publique\/\" target=\"_blank\" rel=\"noopener\">Concours personnels M\u00e9dico-Sanitaires Cameroun<\/a><\/span><\/strong><span class=\"ez-toc-section-end\"><\/span><\/h3>\n<h3 style=\"text-align: left;\"><span class=\"ez-toc-section\" id=\"10-liste-des-ecoles-de-formation-publiques-et-privees-medico-sanitaires-au-cameroun\"><\/span><strong><span style=\"color: #3366ff;\">10-<\/span><\/strong>\u00a0<a href=\"https:\/\/kamerpower.com\/fr\/ecoles-de-formation-publiques-et-privees-medico-sanitaires-personnels-cameroun\/\" target=\"_blank\" rel=\"noopener\">Liste des Ecoles de formation publiques et privees medico-sanitaires au Cameroun<\/a>.<span class=\"ez-toc-section-end\"><\/span><\/h3>\n<h3><span class=\"ez-toc-section\" id=\"11-comment-inscrire-en-ligne-pour-le-concours-minsante-cameroun-ministere-de-la-sante-publique-cameroun\"><\/span><span style=\"color: #ff0000;\"><span style=\"color: #3366ff;\"><strong>11-<\/strong><\/span>\u00a0<\/span><a href=\"https:\/\/kamerpower.com\/fr\/comment-inscrire-en-ligne-pour-concours-minsante-cameroun-ministere-de-la-sante-publique-cameroun\/\" target=\"_blank\" rel=\"noopener\">Comment inscrire en ligne pour le Concours MINSANTE Cameroun, Minist\u00e8re de la Sant\u00e9 Publique Cameroun.<\/a><span class=\"ez-toc-section-end\"><\/span><\/h3>\n<hr \/>\n<h2 style=\"text-align: center;\"><span class=\"ez-toc-section\" id=\"sage-femme-diplome-detat-sfde-minsante-cameroun-metier-de-la-sante-infirmier-et-paramedicaux\"><\/span><span style=\"color: #3366ff;\">Sage Femme Diplome d&#8217;Etat (SFDE) MINSANTE Cameroun metier de la sante (Infirmier et Paramedicaux)\u00a0<\/span><span class=\"ez-toc-section-end\"><\/span><\/h2>\n","protected":false},"excerpt":{"rendered":"<p>&#46;&#46;&#46;<\/p>\n","protected":false},"author":1,"featured_media":5555,"comment_status":"open","ping_status":"closed","sticky":false,"template":"","format":"standard","meta":{"_themeisle_gutenberg_block_has_review":false,"footnotes":""},"categories":[59489],"tags":[1704],"class_list":["post-7008","post","type-post","status-publish","format-standard","has-post-thumbnail","hentry","category-carriere","tag-ministere-de-la-sante-publique-cameroun-minsante"],"_links":{"self":[{"href":"https:\/\/kamerpower.com\/fr\/wp-json\/wp\/v2\/posts\/7008","targetHints":{"allow":["GET"]}}],"collection":[{"href":"https:\/\/kamerpower.com\/fr\/wp-json\/wp\/v2\/posts"}],"about":[{"href":"https:\/\/kamerpower.com\/fr\/wp-json\/wp\/v2\/types\/post"}],"author":[{"embeddable":true,"href":"https:\/\/kamerpower.com\/fr\/wp-json\/wp\/v2\/users\/1"}],"replies":[{"embeddable":true,"href":"https:\/\/kamerpower.com\/fr\/wp-json\/wp\/v2\/comments?post=7008"}],"version-history":[{"count":0,"href":"https:\/\/kamerpower.com\/fr\/wp-json\/wp\/v2\/posts\/7008\/revisions"}],"wp:featuredmedia":[{"embeddable":true,"href":"https:\/\/kamerpower.com\/fr\/wp-json\/wp\/v2\/media\/5555"}],"wp:attachment":[{"href":"https:\/\/kamerpower.com\/fr\/wp-json\/wp\/v2\/media?parent=7008"}],"wp:term":[{"taxonomy":"category","embeddable":true,"href":"https:\/\/kamerpower.com\/fr\/wp-json\/wp\/v2\/categories?post=7008"},{"taxonomy":"post_tag","embeddable":true,"href":"https:\/\/kamerpower.com\/fr\/wp-json\/wp\/v2\/tags?post=7008"}],"curies":[{"name":"wp","href":"https:\/\/api.w.org\/{rel}","templated":true}]}}