{"id":7652,"date":"2021-06-11T04:11:00","date_gmt":"2021-06-11T03:11:00","guid":{"rendered":"https:\/\/kamerpower.com\/?p=7652"},"modified":"2024-08-24T22:14:46","modified_gmt":"2024-08-24T21:14:46","slug":"concours-recrutement-de-25-informatique-et-teleinformatique-fonctionnaires-minfopra-concours-cameroun-2015-2016","status":"publish","type":"post","link":"https:\/\/kamerpower.com\/fr\/concours-recrutement-de-25-informatique-et-teleinformatique-fonctionnaires-minfopra-concours-cameroun-2015-2016\/","title":{"rendered":"Concours recrutement 26 Informatique et T\u00e9l\u00e9informatique fonctionnaires MINFOPRA Concours Cameroun 2024-2025"},"content":{"rendered":"<p style=\"text-align: center;\"><span style=\"color: #000000;\">Concours recrutement 26 Informatique et T\u00e9l\u00e9informatique fonctionnaires.<br \/>\nR\u00c9PUBLIQUE DU CAMEROUN<\/span><br \/>\n<span style=\"color: #000000;\">PAIX-TRAVAIL-PATRIE<\/span><br \/>\n<strong><span style=\"color: #000000;\">MINFOPRA Cameroun<\/span><\/strong><\/p>\n<div id=\"ez-toc-container\" class=\"ez-toc-v2_0_82_2 counter-hierarchy ez-toc-counter ez-toc-custom ez-toc-container-direction\">\n<p class=\"ez-toc-title\" style=\"cursor:inherit\">Contents<\/p>\n<label for=\"ez-toc-cssicon-toggle-item-69f4249bc8b75\" class=\"ez-toc-cssicon-toggle-label\"><span class=\"ez-toc-cssicon\"><span class=\"eztoc-hide\" style=\"display:none;\">Toggle<\/span><span class=\"ez-toc-icon-toggle-span\"><svg style=\"fill: #000000;color:#000000\" xmlns=\"http:\/\/www.w3.org\/2000\/svg\" class=\"list-377408\" width=\"20px\" height=\"20px\" viewBox=\"0 0 24 24\" fill=\"none\"><path d=\"M6 6H4v2h2V6zm14 0H8v2h12V6zM4 11h2v2H4v-2zm16 0H8v2h12v-2zM4 16h2v2H4v-2zm16 0H8v2h12v-2z\" fill=\"currentColor\"><\/path><\/svg><svg style=\"fill: #000000;color:#000000\" class=\"arrow-unsorted-368013\" xmlns=\"http:\/\/www.w3.org\/2000\/svg\" width=\"10px\" height=\"10px\" viewBox=\"0 0 24 24\" version=\"1.2\" baseProfile=\"tiny\"><path d=\"M18.2 9.3l-6.2-6.3-6.2 6.3c-.2.2-.3.4-.3.7s.1.5.3.7c.2.2.4.3.7.3h11c.3 0 .5-.1.7-.3.2-.2.3-.5.3-.7s-.1-.5-.3-.7zM5.8 14.7l6.2 6.3 6.2-6.3c.2-.2.3-.5.3-.7s-.1-.5-.3-.7c-.2-.2-.4-.3-.7-.3h-11c-.3 0-.5.1-.7.3-.2.2-.3.5-.3.7s.1.5.3.7z\"\/><\/svg><\/span><\/span><\/label><input type=\"checkbox\"  id=\"ez-toc-cssicon-toggle-item-69f4249bc8b75\"  aria-label=\"Toggle\" \/><nav><ul class='ez-toc-list ez-toc-list-level-1 ' ><ul class='ez-toc-list-level-3' ><li class='ez-toc-heading-level-3'><a class=\"ez-toc-link ez-toc-heading-1\" href=\"https:\/\/kamerpower.com\/fr\/concours-recrutement-de-25-informatique-et-teleinformatique-fonctionnaires-minfopra-concours-cameroun-2015-2016\/#concours-recrutement-26-informatique-et-teleinformatique-fonctionnaires-minfopra-concours-cameroun-2024-2025\" >Concours recrutement 26 Informatique et T\u00e9l\u00e9informatique fonctionnaires MINFOPRA Concours Cameroun 2024-2025<\/a><\/li><li class='ez-toc-page-1 ez-toc-heading-level-3'><a class=\"ez-toc-link ez-toc-heading-2\" href=\"https:\/\/kamerpower.com\/fr\/concours-recrutement-de-25-informatique-et-teleinformatique-fonctionnaires-minfopra-concours-cameroun-2015-2016\/#le-ministre-de-la-fonction-publique-et-de-la-reforme-administrative\" >LE MINISTRE DE LA FONCTION PUBLIQUE ET DE LA R\u00c9FORME ADMINISTRATIVE<\/a><\/li><li class='ez-toc-page-1 ez-toc-heading-level-3'><a class=\"ez-toc-link ez-toc-heading-3\" href=\"https:\/\/kamerpower.com\/fr\/concours-recrutement-de-25-informatique-et-teleinformatique-fonctionnaires-minfopra-concours-cameroun-2015-2016\/#arrete\" >ARRETE:<\/a><\/li><li class='ez-toc-page-1 ez-toc-heading-level-3'><a class=\"ez-toc-link ez-toc-heading-4\" href=\"https:\/\/kamerpower.com\/fr\/concours-recrutement-de-25-informatique-et-teleinformatique-fonctionnaires-minfopra-concours-cameroun-2015-2016\/#article-1\" >Article 1 :<\/a><\/li><li class='ez-toc-page-1 ez-toc-heading-level-3'><a class=\"ez-toc-link ez-toc-heading-5\" href=\"https:\/\/kamerpower.com\/fr\/concours-recrutement-de-25-informatique-et-teleinformatique-fonctionnaires-minfopra-concours-cameroun-2015-2016\/#article-2\" >Article 2:<\/a><\/li><li class='ez-toc-page-1 ez-toc-heading-level-3'><a class=\"ez-toc-link ez-toc-heading-6\" href=\"https:\/\/kamerpower.com\/fr\/concours-recrutement-de-25-informatique-et-teleinformatique-fonctionnaires-minfopra-concours-cameroun-2015-2016\/#conditions-a-remplir-pour-faire-acte-de-candidature\" >CONDITIONS A REMPLIR POUR FAIRE ACTE DE CANDIDATURE.<\/a><\/li><li class='ez-toc-page-1 ez-toc-heading-level-3'><a class=\"ez-toc-link ez-toc-heading-7\" href=\"https:\/\/kamerpower.com\/fr\/concours-recrutement-de-25-informatique-et-teleinformatique-fonctionnaires-minfopra-concours-cameroun-2015-2016\/#1-conditions-generales\" >1- Conditions g\u00e9n\u00e9rales<\/a><\/li><li class='ez-toc-page-1 ez-toc-heading-level-3'><a class=\"ez-toc-link ez-toc-heading-8\" href=\"https:\/\/kamerpower.com\/fr\/concours-recrutement-de-25-informatique-et-teleinformatique-fonctionnaires-minfopra-concours-cameroun-2015-2016\/#2-conditions-specifiques\" >2- Conditions Sp\u00e9cifiques<\/a><\/li><li class='ez-toc-page-1 ez-toc-heading-level-3'><a class=\"ez-toc-link ez-toc-heading-9\" href=\"https:\/\/kamerpower.com\/fr\/concours-recrutement-de-25-informatique-et-teleinformatique-fonctionnaires-minfopra-concours-cameroun-2015-2016\/#-article-3\" >\u00a0Article 3:<\/a><\/li><li class='ez-toc-page-1 ez-toc-heading-level-3'><a class=\"ez-toc-link ez-toc-heading-10\" href=\"https:\/\/kamerpower.com\/fr\/concours-recrutement-de-25-informatique-et-teleinformatique-fonctionnaires-minfopra-concours-cameroun-2015-2016\/#composition-des-dossiers-de-canidature\" >COMPOSITION DES DOSSIERS DE CANIDATURE<\/a><\/li><li class='ez-toc-page-1 ez-toc-heading-level-3'><a class=\"ez-toc-link ez-toc-heading-11\" href=\"https:\/\/kamerpower.com\/fr\/concours-recrutement-de-25-informatique-et-teleinformatique-fonctionnaires-minfopra-concours-cameroun-2015-2016\/#article-4\" >Article 4:<\/a><\/li><li class='ez-toc-page-1 ez-toc-heading-level-3'><a class=\"ez-toc-link ez-toc-heading-12\" href=\"https:\/\/kamerpower.com\/fr\/concours-recrutement-de-25-informatique-et-teleinformatique-fonctionnaires-minfopra-concours-cameroun-2015-2016\/#article-5\" >Article 5:<\/a><\/li><li class='ez-toc-page-1 ez-toc-heading-level-3'><a class=\"ez-toc-link ez-toc-heading-13\" href=\"https:\/\/kamerpower.com\/fr\/concours-recrutement-de-25-informatique-et-teleinformatique-fonctionnaires-minfopra-concours-cameroun-2015-2016\/#modalites-de-deroulement-des-epreuves-orales\" >MODALIT\u00c9S DE D\u00c9ROULEMENT DES \u00c9PREUVES ORALES.<\/a><\/li><li class='ez-toc-page-1 ez-toc-heading-level-3'><a class=\"ez-toc-link ez-toc-heading-14\" href=\"https:\/\/kamerpower.com\/fr\/concours-recrutement-de-25-informatique-et-teleinformatique-fonctionnaires-minfopra-concours-cameroun-2015-2016\/#article-6\" >Article 6:<\/a><\/li><\/ul><\/li><li class='ez-toc-page-1 ez-toc-heading-level-2'><a class=\"ez-toc-link ez-toc-heading-15\" href=\"https:\/\/kamerpower.com\/fr\/concours-recrutement-de-25-informatique-et-teleinformatique-fonctionnaires-minfopra-concours-cameroun-2015-2016\/#concours-recrutement-26-informatique-et-teleinformatique-fonctionnaires-minfopra-concours-cameroun-2024-2025-2\" >Concours recrutement 26 Informatique et T\u00e9l\u00e9informatique fonctionnaires MINFOPRA Concours Cameroun 2024-2025.<\/a><\/li><\/ul><\/nav><\/div>\n<h3 style=\"text-align: center;\"><span class=\"ez-toc-section\" id=\"concours-recrutement-26-informatique-et-teleinformatique-fonctionnaires-minfopra-concours-cameroun-2024-2025\"><\/span><span style=\"color: #3366ff;\"><strong>Concours recrutement 26 Informatique et T\u00e9l\u00e9informatique fonctionnaires MINFOPRA Concours Cameroun 2024-2025<\/strong><\/span><span class=\"ez-toc-section-end\"><\/span><\/h3>\n<p style=\"text-align: center;\"><strong><span style=\"color: #000000;\">ARRETE N\u00b0<\/span> <span style=\"color: #ff0000;\">005766<\/span>\u00a0<span style=\"color: #000000;\">\/ MINFOPRA DU<\/span> <span style=\"color: #ff0000;\">11 JUIN 2023.<\/span><\/strong><\/p>\n<p style=\"text-align: justify;\"><span style=\"color: #000000;\">Portant ouverture d\u2019un concours direct pour le recrutement de vingt-six <span style=\"color: #3366ff;\"><strong>(26) personnels dans le corps des fonctionnaires de l\u2019Informatique et de la T\u00e9l\u00e9informatique<\/strong><\/span>, session de 2024.\u00a0<\/span><\/p>\n<p><img decoding=\"async\" class=\"aligncenter wp-image-4282 size-full\" src=\"https:\/\/kamerpower.com\/wp-content\/uploads\/2015\/03\/minfopra-cameroun.png\" alt=\"minfopra cameroun\" width=\"1280\" height=\"720\" \/><\/p>\n<h3 style=\"text-align: center;\"><span class=\"ez-toc-section\" id=\"le-ministre-de-la-fonction-publique-et-de-la-reforme-administrative\"><\/span><span style=\"color: #ff0000;\"><strong>LE MINISTRE DE LA FONCTION PUBLIQUE ET DE LA R\u00c9FORME ADMINISTRATIVE<\/strong><\/span><span class=\"ez-toc-section-end\"><\/span><\/h3>\n<p style=\"padding-left: 90px;\"><span style=\"color: #000000;\">Vu la Constitution.\u00a0<\/span><\/p>\n<p style=\"padding-left: 90px; text-align: justify;\"><span style=\"color: #000000;\">Vu le d\u00e9cret n\u00b078\/311 du 31 juillet 1978 portant statut particulier du corp des\u00a0fonctionnaires des Techniques Industrielles ; kamerpower.com<\/span><\/p>\n<p style=\"padding-left: 90px; text-align: justify;\"><span style=\"color: #000000;\">Vu le d\u00e9cret n\u00b094\/199 du 7 octobre 1994 portant Statut G\u00e9n\u00e9ral de la Fonction\u00a0Publique\u00a0de l\u2019Etat, modifi\u00e9 et compl\u00e9t\u00e9 par le d\u00e9cret n\u00b02000\/287 du 12 octobre 2000.\u00a0<\/span><\/p>\n<p style=\"padding-left: 90px; text-align: justify;\"><span style=\"color: #000000;\">Vu le d\u00e9cret n\u00b0 2011\/408 du 09 d\u00e9cembre 2011 portant organisation du Gouvernement.<\/span><\/p>\n<p style=\"padding-left: 90px; text-align: justify;\"><span style=\"color: #000000;\">Vu le d\u00e9cret n\u00b0 2011\/410 du 09 d\u00e9cembre 2011 portant formation du Gouvernement.<\/span><\/p>\n<p style=\"padding-left: 90px; text-align: justify;\"><span style=\"color: #000000;\">Vu le d\u00e9cret n\u00b02012\/ 537 du 19 novembre 2012 portant organisation du Minist\u00e8re de la Fonction\u00a0Publique et de la R\u00e9forme Administrative.<\/span><\/p>\n<p style=\"padding-left: 90px; text-align: justify;\"><span style=\"color: #000000;\">Vu le d\u00e9cret n\u00b02000\/696\/PM du 13 septembre 2000 fixant le R\u00e9gime G\u00e9n\u00e9ral des <strong>Concours\u00a0<\/strong><strong>Administratifs<\/strong>,.\u00a0<\/span><\/p>\n<h3 style=\"text-align: center;\"><span class=\"ez-toc-section\" id=\"arrete\"><\/span><span style=\"color: #3366ff;\"><strong>ARRETE:<\/strong><\/span><span class=\"ez-toc-section-end\"><\/span><\/h3>\n<h3><span class=\"ez-toc-section\" id=\"article-1\"><\/span><span style=\"color: #3366ff;\"><strong>Article 1 :<\/strong><\/span><span class=\"ez-toc-section-end\"><\/span><\/h3>\n<p style=\"text-align: justify;\"><span style=\"color: #000000;\"><strong> a)\u00a0<\/strong>-Le pr\u00e9sent arr\u00eat\u00e9 porte ouverture d\u2019un concours direct\u00a0pour le\u00a0recrutement dans le corps des fonctionnaires de l\u2019<span style=\"color: #3366ff;\"><strong>Informatique et de la\u00a0T\u00e9l\u00e9informatique<\/strong><\/span> suivant la r\u00e9partition ci-apr\u00e8s:\u00a0<\/span><\/p>\n<ul>\n<li><span style=\"color: #000000;\">Dix (10)<strong> Ing\u00e9nieurs Informaticiens<\/strong>,<strong> cat\u00e9gorie \u00ab A \u00bb<\/strong> deuxi\u00e8me grade de la\u00a0Fonction Publique<\/span><\/li>\n<li><span style=\"color: #000000;\">Huit (08) <strong>Analystes<\/strong>,<strong> cat\u00e9gorie \u00ab A \u00bb<\/strong> premier grade de la Fonction Publique<\/span><\/li>\n<li><span style=\"color: #000000;\">Huit (08) <strong>Programmeurs,<\/strong> <strong>cat\u00e9gorie \u00abB\u00bb<\/strong> deuxi\u00e8me grade de la Fonction\u00a0Pubhque.<\/span><\/li>\n<li style=\"text-align: justify;\"><span style=\"color: #000000;\">Zero (00) <strong>Pupitreurs<\/strong>, <strong>cat\u00e9gorie \u00ab B \u00bb<\/strong> premier grade de la Fonction Publique.<\/span><\/li>\n<\/ul>\n<p style=\"text-align: justify;\"><span style=\"color: #000000;\"><strong>b)\u00a0<\/strong>-Ledit concours se d\u00e9roulera les <span style=\"color: #ff0000;\"><strong>23 et 24 octobre 2023<\/strong><\/span> au <span style=\"color: #ff0000;\"><strong>centre\u00a0unique de Yaound\u00e9<\/strong><\/span>.<\/span><\/p>\n<h3><span class=\"ez-toc-section\" id=\"article-2\"><\/span><span style=\"color: #3366ff;\"><strong>Article 2:<\/strong><\/span><span class=\"ez-toc-section-end\"><\/span><\/h3>\n<h3 style=\"text-align: center;\"><span class=\"ez-toc-section\" id=\"conditions-a-remplir-pour-faire-acte-de-candidature\"><\/span><span style=\"color: #ff0000;\"><strong>CONDITIONS A REMPLIR POUR FAIRE ACTE DE CANDIDATURE.<\/strong><\/span><span class=\"ez-toc-section-end\"><\/span><\/h3>\n<h3><span class=\"ez-toc-section\" id=\"1-conditions-generales\"><\/span><strong><span style=\"color: #3366ff;\">1- Conditions g\u00e9n\u00e9rales<\/span><\/strong><span class=\"ez-toc-section-end\"><\/span><\/h3>\n<p><span style=\"color: #000000;\">Peuvent faire acte de candidature, les camerounais remplissant les conditions\u00a0<\/span><span style=\"color: #000000;\">suivantes:<\/span><\/p>\n<ol>\n<li><span style=\"color: #000000;\">R\u00e9unir les conditions g\u00e9n\u00e9rales requises pour l\u2019acc\u00e8s aux emplois publics et les\u00a0<\/span><span style=\"color: #000000;\">conditions \u00e9dict\u00e9es par le Statut G\u00e9n\u00e9ral de la Fonction Publique de l\u2019\u00c9tat<\/span><\/li>\n<li><span style=\"color: #000000;\">\u00catre apte \u00e0 assumer le travail d\u2019lnformaticien. kamerpower.com<\/span><\/li>\n<li><span style=\"color: #000000;\">\u00catre \u00e2g\u00e9 de dix-sept (17) ans au moins et de trente-quatre (34) ans au plus au 1er\u00a0<\/span><span style=\"color: #000000;\">janvier 2024 (\u00eatre n\u00e9 entre le 01\/01\/1984 et le 01\/01\/2001).<\/span><\/li>\n<li><span style=\"color: #000000;\">\u00catre physiquement apte pour l&#8217;emploi postul\u00e9.<\/span><\/li>\n<li style=\"text-align: justify;\"><span style=\"color: #000000;\">N&#8217;avoir jamais fait l&#8217;objet d&#8217;une condamnation ferme.<\/span><\/li>\n<\/ol>\n<h3><span class=\"ez-toc-section\" id=\"2-conditions-specifiques\"><\/span><strong><span style=\"color: #3366ff;\">2- Conditions Sp\u00e9cifiques<\/span><\/strong><span class=\"ez-toc-section-end\"><\/span><\/h3>\n<p style=\"text-align: justify;\"><span style=\"color: #000000;\"><strong><span style=\"color: #ff0000;\">Pour les candidats \u00e0 l\u2019admission dans le cadre des Ing\u00e9nieurs\u00a0Informaticiens<\/span><\/strong>, \u00eatre titulaire du Dipl\u00f4me d\u2019Ingenieur Informaticien ou\u00a0d\u2019un dipl\u00f4me d&#8217;\u00e9tudes en Informatique reconnu \u00e9quivalent, d\u00e9livr\u00e9 par un\u00a0\u00e9tablissement national de formation ou par l\u2019une des \u00e9coles \u00e9trang\u00e8res ou\u00a0internationales figurant sur une liste fix\u00e9e par arr\u00eat\u00e9 du Premier Ministre. kamerpower.com<\/span><\/p>\n<p style=\"text-align: justify;\"><span style=\"color: #000000;\"><strong><span style=\"color: #ff0000;\">Pour les candidats \u00e0 l\u2019admission dans le cadre des Analystes<\/span><\/strong>, \u00eatre titulaire du Dipl\u00f4me d&#8217;Analyste ou d&#8217;un dipl\u00f4me d&#8217;\u00e9tudes en Informatique reconnu \u00e9quivalent, d\u00e9livr\u00e9 par un \u00e9tablissement national de formation ou par l&#8217;une des \u00e9coles \u00e9trang\u00e8res ou internationales figurant sur une liste fix\u00e9e par arr\u00eat\u00e9 du Premier Ministre..<\/span><\/p>\n<p style=\"text-align: justify;\"><span style=\"color: #000000;\"><strong><span style=\"color: #ff0000;\">Pour les candidats \u00e0 l\u2019admission dans le cadre des Programmeurs<\/span><\/strong>: \u00eatre titulaire \u00e0 la fois du Baccalaur\u00e9at de l&#8217;enseignement secondaire ou du General Certificate of Education Advanced Leve\/ (GCE-A\/L) et du dipl\u00f4me de Programmeur d\u00e9livr\u00e9 par un \u00e9tablissement national de formation ou par l&#8217;une des \u00e9coles \u00e9trang\u00e8res ou internationales figurant sur une liste fix\u00e9e par arr\u00eat\u00e9 du Premier Ministre.<\/span><\/p>\n<p style=\"text-align: justify;\"><span style=\"color: #000000;\"><span style=\"color: #ff0000;\"><strong>Pour les candidats \u00e0 l&#8217;admission dans le cadre des Pupitreurs<\/strong><\/span>: \u00eatre titulaire du Baccalaur\u00e9at de l&#8217;enseignement secondaire ou du General Certificate of Education Advanced Level (GCE-A\/L).<\/span><\/p>\n<h3><span class=\"ez-toc-section\" id=\"-article-3\"><\/span><span style=\"color: #3366ff;\"><strong>\u00a0Article 3: <\/strong><\/span><span class=\"ez-toc-section-end\"><\/span><\/h3>\n<h3 style=\"text-align: center;\"><span class=\"ez-toc-section\" id=\"composition-des-dossiers-de-canidature\"><\/span><span style=\"color: #ff0000;\"><strong>COMPOSITION DES DOSSIERS DE CANIDATURE<\/strong><\/span><span class=\"ez-toc-section-end\"><\/span><\/h3>\n<p style=\"text-align: justify;\"><span style=\"color: #000000;\">Les dossiers de candidature qui seront re\u00e7us complets et contre r\u00e9c\u00e9piss\u00e9 au\u00a0Minist\u00e8re de la Fonction Publique et de la R\u00e9forme Administrative, Direction du\u00a0D\u00e9veloppement des Ressources Humaines de l\u2019Etat, <strong>Service des Concours Directs et\u00a0<\/strong><strong>de Bourse<\/strong> (<span style=\"color: #3366ff;\">4\u00e8me \u00e9tage portes 405 et 409<\/span>) ou dans les D\u00e9l\u00e9gations R\u00e9gionales du m\u00eame\u00a0Minist\u00e8re, Seivice des Recrutements et de la Formation jusqu\u2019au <span style=\"color: #ff0000;\"><strong>vendredi 08\u00a0<\/strong><strong>octobre 2023<\/strong><\/span>, devront imp\u00e9rativement comprendre les pi\u00e8ces suivantes:<\/span><\/p>\n<ol>\n<li><span style=\"color: #000000;\">Une fiche d\u2019inscription timbr\u00e9e \u00e0 mille <span style=\"color: #ff0000;\">(1 000) francs CFA<\/span>, dont l\u2019imprim\u00e9 est\u00a0<\/span><span style=\"color: #000000;\">disponible dans les services du Minist\u00e8re de la Fonction Publique et de la\u00a0<\/span><span style=\"color: #000000;\">R\u00e9forme Administrative ou dans les D\u00e9l\u00e9gations R\u00e9gionales du m\u00eame\u00a0<\/span><span style=\"color: #000000;\">Minist\u00e8re et t\u00e9l\u00e9chargeable sur le site internet : <strong>www.minfopra.gov.cm <\/strong>ou<strong> www.kamerpower.com<\/strong><\/span><\/li>\n<li><span style=\"color: #000000;\">Une copie certifi\u00e9e conforme de l\u2019acte de naissance sign\u00e9e par une autorit\u00e9 civile\u00a0<\/span><span style=\"color: #000000;\">comp\u00e9tente<\/span><\/li>\n<li><span style=\"color: #000000;\">Un extrait de casier judiciaire, <span style=\"color: #ff0000;\">bulletin n\u00b03<\/span>.<\/span><\/li>\n<li><span style=\"color: #000000;\">Une copie certifi\u00e9e conforme du dipl\u00f4me exig\u00e9, sign\u00e9 par une autorit\u00e9 civile\u00a0<\/span><span style=\"color: #000000;\">comp\u00e9tente.<\/span><\/li>\n<li><span style=\"color: #000000;\">Une attestation de pr\u00e9sentation de l\u2019original du dipl\u00f4me, sign\u00e9e par une autorit\u00e9\u00a0<\/span><span style=\"color: #000000;\">civile comp\u00e9tente;<\/span><\/li>\n<li><span style=\"color: #000000;\">Un certificat m\u00e9dical d\u00e9livr\u00e9 par un m\u00e9decin du secteur public;<\/span><\/li>\n<li style=\"text-align: justify;\"><span style=\"color: #000000;\">Une quittance de versement de la somme de quinze mille <span style=\"color: #ff0000;\">(15 000) francs CFA<\/span>\u00a0<\/span><span style=\"color: #000000;\">d\u00e9livr\u00e9e par le Chef de Service des Concours Directs et de Bourse <strong><span style=\"color: #3366ff;\">(portes 411)<\/span><\/strong> ou par le Chef\u00a0<\/span><span style=\"color: #000000;\">de Service des Recrutements et de la Formation dans les D\u00e9l\u00e9gations R\u00e9gionales\u00a0<\/span><span style=\"color: #000000;\">du Minist\u00e8re de la<strong> Fonction Publique et de la R\u00e9forme Administrative<\/strong>.<\/span><\/li>\n<li><span style=\"color: #000000;\">Deux (02) photos 4X4;<\/span><\/li>\n<li><span style=\"color: #000000;\">Une enveloppe timbr\u00e9e \u00e0 cinq cents <span style=\"color: #ff0000;\">(500) francs CFA<\/span> \u00e0 l\u2019adresse du candidat.\u00a0<\/span><\/li>\n<\/ol>\n<p><span style=\"color: #ff0000;\"><strong>NB<\/strong><\/span><\/p>\n<ul>\n<li><span style=\"color: #000000;\">Les candidats agents de l\u2019Etat relevant du Code du Travail et\u00a0remplissant les conditions fix\u00e9es \u00e0 l\u2019article 2 devront fournir une copie\u00a0de leur contrat de travail ou d\u00e9cision d\u2019engagement.<\/span><\/li>\n<li><span style=\"color: #000000;\">Tout dossier incomplet, en retard ou dont les pi\u00e8ces sont sign\u00e9es dans un commissariat de police ne sera pas accept\u00e9.<\/span><\/li>\n<li><span style=\"color: #000000;\">Les pi\u00e8ces l\u00e9galis\u00e9es par une autorit\u00e9 administrative, municipale ou\u00a0judiciaire doivent \u00eatre dat\u00e9es de moins de trois (03) mois \u00e0 la date du\u00a0d\u00e9p\u00f4t des dossiers.<\/span><\/li>\n<\/ul>\n<h3><span class=\"ez-toc-section\" id=\"article-4\"><\/span><span style=\"color: #3366ff;\"><strong>Article 4:<\/strong><\/span><span class=\"ez-toc-section-end\"><\/span><\/h3>\n<p style=\"text-align: center;\"><span style=\"color: #ff0000;\"><strong>PROGRAMMES, HORAIRES ET MODALIT\u00c9S DE D\u00c9ROULEMENT\u00a0DES \u00c9PREUVES \u00c9CRITES.<\/strong><\/span><\/p>\n<p style=\"text-align: justify;\"><span style=\"color: #000000;\">Les programmes de composition sont ceux des cycles d\u2019\u00e9tudes d\u00e9livrant les\u00a0dipl\u00f4mes requis pour faire acte de candidature.<\/span><\/p>\n<p style=\"text-align: justify;\"><span style=\"color: #000000;\"><span style=\"color: #000000;\"><span style=\"color: #000000;\">Les \u00e9preuves d\u2019admissibilit\u00e9 pour les candidats au recrutement dans le cadre\u00a0des <strong>Ing\u00e9nieurs Informaticiens et Analystes<\/strong> se d\u00e9rouleront aux dates et\u00a0heures ci-apr\u00e8;<br \/>\n<\/span><\/span><\/span><\/p>\n<table>\n<tbody>\n<tr style=\"background: #000000;\">\n<td width=\"72\"><span style=\"color: #ffffff;\">Dates<\/span><br \/>\n<span style=\"color: #ff0000;\"> <strong>2023<\/strong><\/span><\/td>\n<td width=\"210\"><span style=\"color: #ffffff;\">Nature des \u00e9preuves<\/span><\/td>\n<td width=\"114\"><span style=\"color: #ffffff;\">Horaire<\/span><\/td>\n<td width=\"54\"><span style=\"color: #ffffff;\">Dur\u00e9e<\/span><\/td>\n<td width=\"65\"><span style=\"color: #ffffff;\">Coef.<\/span><\/td>\n<td width=\"87\"><span style=\"color: #ffffff;\">Note \u00e9liminatoire<\/span><\/td>\n<\/tr>\n<tr>\n<td width=\"72\"><span style=\"color: #000000;\">23-oct<\/span><\/td>\n<td width=\"210\"><span style=\"color: #000000;\">Culture G\u00e9n\u00e9rale<\/span><\/td>\n<td width=\"114\"><span style=\"color: #000000;\">8H-12H<\/span><\/td>\n<td width=\"54\"><span style=\"color: #000000;\">4H<\/span><\/td>\n<td width=\"65\"><span style=\"color: #000000;\">02<\/span><\/td>\n<td width=\"87\"><span style=\"color: #000000;\">05\/20<\/span><\/td>\n<\/tr>\n<tr>\n<td width=\"72\"><span style=\"color: #000000;\">23-oct<\/span><\/td>\n<td width=\"210\"><span style=\"color: #000000;\">R\u00e9seaux et Syst\u00e8mes d\u2019exploitation<\/span><\/td>\n<td width=\"114\"><span style=\"color: #000000;\">13H-17H<\/span><\/td>\n<td width=\"54\"><span style=\"color: #000000;\">4H<\/span><\/td>\n<td width=\"65\"><span style=\"color: #000000;\">04<\/span><\/td>\n<td width=\"87\"><span style=\"color: #000000;\">05\/20<\/span><\/td>\n<\/tr>\n<tr>\n<td width=\"72\"><span style=\"color: #000000;\">24-oct<\/span><\/td>\n<td width=\"210\"><span style=\"color: #000000;\">Syst\u00e8mes d\u2019information<\/span><\/td>\n<td width=\"114\"><span style=\"color: #000000;\">8H-12H<\/span><\/td>\n<td width=\"54\"><span style=\"color: #000000;\">4H<\/span><\/td>\n<td width=\"65\"><span style=\"color: #000000;\">05<\/span><\/td>\n<td width=\"87\"><span style=\"color: #000000;\">05\/20<\/span><\/td>\n<\/tr>\n<tr>\n<td width=\"72\"><span style=\"color: #000000;\">24-oct<\/span><\/td>\n<td width=\"210\"><span style=\"color: #000000;\">Gestion des projets<\/span><\/td>\n<td width=\"114\"><span style=\"color: #000000;\">13H-17H<\/span><\/td>\n<td width=\"54\"><span style=\"color: #000000;\">4H<\/span><\/td>\n<td width=\"65\"><span style=\"color: #000000;\">03<\/span><\/td>\n<td width=\"87\"><span style=\"color: #000000;\">05\/20<\/span><\/td>\n<\/tr>\n<\/tbody>\n<\/table>\n<p style=\"text-align: justify;\"><span style=\"color: #000000;\">\u00a0 Les \u00e9preuves d\u2019admissibilit\u00e9 pour les candidats au recrutement dans le cadre\u00a0<\/span><span style=\"color: #000000;\"><span style=\"color: #000000;\">des <strong>Programmeurs<\/strong> se d\u00e9rouleront aux dates et heures ci-apr\u00e8s:<br \/>\n<\/span><\/span><\/p>\n<table>\n<tbody>\n<tr style=\"background: #000000;\">\n<td width=\"72\"><span style=\"color: #ffffff;\">Dates<\/span><br \/>\n<span style=\"color: #ff0000;\"> <strong>2023<\/strong><\/span><\/td>\n<td width=\"210\"><span style=\"color: #ffffff;\">Nature des \u00e9preuves<\/span><\/td>\n<td width=\"114\"><span style=\"color: #ffffff;\">Horaire<\/span><\/td>\n<td width=\"54\"><span style=\"color: #ffffff;\">Dur\u00e9e<\/span><\/td>\n<td width=\"65\"><span style=\"color: #ffffff;\">Coef.<\/span><\/td>\n<td width=\"87\"><span style=\"color: #ffffff;\">Note \u00e9liminatoire<\/span><\/td>\n<\/tr>\n<tr>\n<td width=\"72\"><span style=\"color: #000000;\">23-oct<\/span><\/td>\n<td width=\"210\"><span style=\"color: #000000;\">Culture G\u00e9n\u00e9rale<\/span><\/td>\n<td width=\"114\"><span style=\"color: #000000;\">8H-12H<\/span><\/td>\n<td width=\"54\"><span style=\"color: #000000;\">4H<\/span><\/td>\n<td width=\"65\"><span style=\"color: #000000;\">02<\/span><\/td>\n<td width=\"87\"><span style=\"color: #000000;\">05\/20<\/span><\/td>\n<\/tr>\n<tr>\n<td width=\"72\"><span style=\"color: #000000;\">23-oct<\/span><\/td>\n<td width=\"210\"><span style=\"color: #000000;\">Algorithmique et Progammation<\/span><\/td>\n<td width=\"114\"><span style=\"color: #000000;\">13H-17H<\/span><\/td>\n<td width=\"54\"><span style=\"color: #000000;\">4H<\/span><\/td>\n<td width=\"65\"><span style=\"color: #000000;\">04<\/span><\/td>\n<td width=\"87\"><span style=\"color: #000000;\">05\/20<\/span><\/td>\n<\/tr>\n<tr>\n<td width=\"72\"><span style=\"color: #000000;\">24-oct<\/span><\/td>\n<td width=\"210\"><span style=\"color: #000000;\">R\u00e9seaux et Syst\u00e8mes d\u2019exploitation.<\/span><\/td>\n<td width=\"114\"><span style=\"color: #000000;\">8H-12H<\/span><\/td>\n<td width=\"54\"><span style=\"color: #000000;\">4H<\/span><\/td>\n<td width=\"65\"><span style=\"color: #000000;\">05<\/span><\/td>\n<td width=\"87\"><span style=\"color: #000000;\">05\/20<\/span><\/td>\n<\/tr>\n<tr>\n<td width=\"72\"><span style=\"color: #000000;\">24-oct<\/span><\/td>\n<td width=\"210\"><span style=\"color: #000000;\">Culture informatique<\/span><\/td>\n<td width=\"114\"><span style=\"color: #000000;\">13H-17H<\/span><\/td>\n<td width=\"54\"><span style=\"color: #000000;\">4H<\/span><\/td>\n<td width=\"65\"><span style=\"color: #000000;\">03<\/span><\/td>\n<td width=\"87\"><span style=\"color: #000000;\">05\/20<\/span><\/td>\n<\/tr>\n<\/tbody>\n<\/table>\n<p><span style=\"color: #000000;\">Les \u00e9preuves d\u2019admissibilit\u00e9 pour les candidats au recrutement dans le cadre\u00a0<\/span><span style=\"color: #000000;\"><span style=\"color: #000000;\">des\u00a0<strong>Pupitreurs<\/strong> se d\u00e9rouleront aux dates et heures ci-apr\u00e8s:<br \/>\n<\/span><\/span><\/p>\n<table>\n<tbody>\n<tr style=\"background: #000000;\">\n<td width=\"72\"><span style=\"color: #ffffff;\">Dates<\/span><br \/>\n<span style=\"color: #ff0000;\"> <strong>2023<\/strong><\/span><\/td>\n<td width=\"210\"><span style=\"color: #ffffff;\">Nature des \u00e9preuves<\/span><\/td>\n<td width=\"114\"><span style=\"color: #ffffff;\">Horaire<\/span><\/td>\n<td width=\"54\"><span style=\"color: #ffffff;\">Dur\u00e9e<\/span><\/td>\n<td width=\"65\"><span style=\"color: #ffffff;\">Coef.<\/span><\/td>\n<td width=\"87\"><span style=\"color: #ffffff;\">Note \u00e9liminatoire<\/span><\/td>\n<\/tr>\n<tr>\n<td width=\"72\"><span style=\"color: #000000;\">13-oct<\/span><\/td>\n<td width=\"210\"><span style=\"color: #000000;\">Culture G\u00e9n\u00e9rale<\/span><\/td>\n<td width=\"114\"><span style=\"color: #000000;\">8H-12H<\/span><\/td>\n<td width=\"54\"><span style=\"color: #000000;\">4H<\/span><\/td>\n<td width=\"65\"><span style=\"color: #000000;\">02<\/span><\/td>\n<td width=\"87\"><span style=\"color: #000000;\">05\/20<\/span><\/td>\n<\/tr>\n<tr>\n<td width=\"72\"><span style=\"color: #000000;\">13-oct<\/span><\/td>\n<td width=\"210\"><span style=\"color: #000000;\">Math\u00e9matiques<\/span><\/td>\n<td width=\"114\"><span style=\"color: #000000;\">13H-17H<\/span><\/td>\n<td width=\"54\"><span style=\"color: #000000;\">4H<\/span><\/td>\n<td width=\"65\"><span style=\"color: #000000;\">04<\/span><\/td>\n<td width=\"87\"><span style=\"color: #000000;\">05\/20<\/span><\/td>\n<\/tr>\n<tr>\n<td width=\"72\"><span style=\"color: #000000;\">14-oct<\/span><\/td>\n<td width=\"210\"><span style=\"color: #000000;\">Physique.<\/span><\/td>\n<td width=\"114\"><span style=\"color: #000000;\">8H-12H<\/span><\/td>\n<td width=\"54\"><span style=\"color: #000000;\">4H<\/span><\/td>\n<td width=\"65\"><span style=\"color: #000000;\">05<\/span><\/td>\n<td width=\"87\"><span style=\"color: #000000;\">05\/20<\/span><\/td>\n<\/tr>\n<tr>\n<td width=\"72\"><span style=\"color: #000000;\">14-oct<\/span><\/td>\n<td width=\"210\"><span style=\"color: #000000;\">Culture informatique.<\/span><\/td>\n<td width=\"114\"><span style=\"color: #000000;\">13H-17H<\/span><\/td>\n<td width=\"54\"><span style=\"color: #000000;\">4H<\/span><\/td>\n<td width=\"65\"><span style=\"color: #000000;\">03<\/span><\/td>\n<td width=\"87\"><span style=\"color: #000000;\">05\/20<\/span><\/td>\n<\/tr>\n<\/tbody>\n<\/table>\n<p style=\"text-align: justify;\"><span style=\"color: #000000;\">L&#8217;heure limite d\u2019acc\u00e8s dans les salles est imp\u00e9rativement fix\u00e9e \u00e0 <span style=\"color: #ff0000;\">7 heures\u00a0pr\u00e9cises<\/span>.<\/span><\/p>\n<h3><span class=\"ez-toc-section\" id=\"article-5\"><\/span><span style=\"color: #3366ff;\"><strong>Article 5:<\/strong><\/span><span class=\"ez-toc-section-end\"><\/span><\/h3>\n<h3 style=\"text-align: center;\"><span class=\"ez-toc-section\" id=\"modalites-de-deroulement-des-epreuves-orales\"><\/span><span style=\"color: #ff0000;\"><strong>MODALIT\u00c9S DE D\u00c9ROULEMENT DES \u00c9PREUVES ORALES.<\/strong><\/span><span class=\"ez-toc-section-end\"><\/span><\/h3>\n<p style=\"text-align: justify;\"><span style=\"color: #000000;\">Un communiqu\u00e9 du Ministre de la <strong>Fonction Publique et de la R\u00e9forme\u00a0Administrative<\/strong> pr\u00e9cisera les dates et horaires de passage des \u00e9preuves orales\u00a0d\u2019admission d\u00e9finitive pour les candidats des cat\u00e9gories <strong>\u00ab A \u00bb<\/strong> et <strong>\u00ab B \u00bb<\/strong>.<\/span><\/p>\n<table>\n<tbody>\n<tr style=\"background: #000000;\">\n<td width=\"133\"><span style=\"color: #ffffff;\">Dates<\/span><\/td>\n<td width=\"222\"><span style=\"color: #ffffff;\">Nature des \u00e9preuves<\/span><\/td>\n<td width=\"66\"><span style=\"color: #ffffff;\">Coef<\/span><\/td>\n<td width=\"169\"><span style=\"color: #ffffff;\">Horaire<\/span><\/td>\n<\/tr>\n<tr>\n<td rowspan=\"2\" width=\"133\"><span style=\"color: #000000;\">A d\u00e9terminer<\/span><\/td>\n<td width=\"222\"><span style=\"color: #000000;\">Grand oral<\/span><\/td>\n<td width=\"66\"><span style=\"color: #000000;\">01<\/span><\/td>\n<td rowspan=\"2\" width=\"169\"><span style=\"color: #000000;\">A partir de 08H00<\/span><\/td>\n<\/tr>\n<tr>\n<td width=\"222\"><span style=\"color: #000000;\">Oral de langue<\/span><\/td>\n<td width=\"66\"><span style=\"color: #000000;\">01<\/span><\/td>\n<\/tr>\n<\/tbody>\n<\/table>\n<h3><span class=\"ez-toc-section\" id=\"article-6\"><\/span><span style=\"color: #3366ff;\"><strong>Article 6:<\/strong><\/span><span class=\"ez-toc-section-end\"><\/span><\/h3>\n<p><span style=\"color: #000000;\">Les r\u00e9sultats d\u00e9finitifs du pr\u00e9sent concours seront publi\u00e9s par un arr\u00eat\u00e9\u00a0du Ministre de la Fonction Publique et de la R\u00e9forme Administrative.<\/span><\/p>\n<p style=\"text-align: justify;\"><strong><span style=\"color: #3366ff;\">Article 7:<\/span><\/strong><\/p>\n<p style=\"text-align: justify;\"><span style=\"color: #000000;\">\u00a0Le pr\u00e9sent arr\u00eat\u00e9 sera enregistr\u00e9 et publi\u00e9 partout o\u00f9 besoin sera.<\/span><\/p>\n<p><span style=\"color: #000000;\"><strong>Recommendation<\/strong><\/span><\/p>\n<ul>\n<li><a href=\"https:\/\/kamerpower.com\/fr\/minfopra-concours-2015-2016-cameroun-recrutement-direct-des-fonctionnaires\/\"><strong>MINFOPRA Concours Cameroun recrutement direct des fonctionnaires fonction publique Cameroun<\/strong><\/a><\/li>\n<li><a href=\"https:\/\/kamerpower.com\/fr\/concours-recrutement-de-80-genie-civil-fonctionnaires-minfopra-concours-cameroun-2015-2016\/\"><strong>Concours recrutement de 30 G\u00e9nie Civil fonctionnaires MINFOPRA Concours Cameroun<\/strong><\/a><\/li>\n<li><a href=\"https:\/\/kamerpower.com\/fr\/concours-fonction-publique\/\"><strong>Concours fonction publique au Cameroun.<\/strong><\/a><\/li>\n<\/ul>\n<h2 style=\"text-align: center;\"><span class=\"ez-toc-section\" id=\"concours-recrutement-26-informatique-et-teleinformatique-fonctionnaires-minfopra-concours-cameroun-2024-2025-2\"><\/span><span style=\"color: #3366ff;\"><strong>Concours recrutement 26 Informatique et T\u00e9l\u00e9informatique fonctionnaires MINFOPRA Concours Cameroun 2024-2025.<\/strong><\/span><span class=\"ez-toc-section-end\"><\/span><\/h2>\n<p><img decoding=\"async\" class=\"aligncenter wp-image-4282 size-full\" src=\"https:\/\/kamerpower.com\/wp-content\/uploads\/2015\/03\/minfopra-cameroun.png\" alt=\"minfopra cameroun\" width=\"142\" height=\"139\" \/><\/p>\n","protected":false},"excerpt":{"rendered":"<p>&#46;&#46;&#46;<\/p>\n","protected":false},"author":1,"featured_media":0,"comment_status":"open","ping_status":"closed","sticky":false,"template":"","format":"standard","meta":{"_themeisle_gutenberg_block_has_review":false,"footnotes":""},"categories":[66],"tags":[1691,1683],"class_list":["post-7652","post","type-post","status-publish","format-standard","hentry","category-concours","tag-minfopra-cameroun","tag-recrutement-du-personnel-a-la-fonction-publique-du-cameroun"],"_links":{"self":[{"href":"https:\/\/kamerpower.com\/fr\/wp-json\/wp\/v2\/posts\/7652","targetHints":{"allow":["GET"]}}],"collection":[{"href":"https:\/\/kamerpower.com\/fr\/wp-json\/wp\/v2\/posts"}],"about":[{"href":"https:\/\/kamerpower.com\/fr\/wp-json\/wp\/v2\/types\/post"}],"author":[{"embeddable":true,"href":"https:\/\/kamerpower.com\/fr\/wp-json\/wp\/v2\/users\/1"}],"replies":[{"embeddable":true,"href":"https:\/\/kamerpower.com\/fr\/wp-json\/wp\/v2\/comments?post=7652"}],"version-history":[{"count":0,"href":"https:\/\/kamerpower.com\/fr\/wp-json\/wp\/v2\/posts\/7652\/revisions"}],"wp:attachment":[{"href":"https:\/\/kamerpower.com\/fr\/wp-json\/wp\/v2\/media?parent=7652"}],"wp:term":[{"taxonomy":"category","embeddable":true,"href":"https:\/\/kamerpower.com\/fr\/wp-json\/wp\/v2\/categories?post=7652"},{"taxonomy":"post_tag","embeddable":true,"href":"https:\/\/kamerpower.com\/fr\/wp-json\/wp\/v2\/tags?post=7652"}],"curies":[{"name":"wp","href":"https:\/\/api.w.org\/{rel}","templated":true}]}}